{"id":5403,"date":"2023-07-03T12:10:38","date_gmt":"2023-07-03T10:10:38","guid":{"rendered":"http:\/\/assumpcio.alcover.arqtgn.cat\/?p=5403"},"modified":"2023-07-19T11:07:05","modified_gmt":"2023-07-19T09:07:05","slug":"mn-joan-cedo-perello-nou-rector-de-la-unitat-pastoral-dalcover","status":"publish","type":"post","link":"https:\/\/assumpcio.alcover.arqtgn.cat\/?p=5403","title":{"rendered":"MN. JOAN ANTON CED\u00d3 PERELL\u00d3, NOU RECTOR DE LA UNITAT PASTORAL D\u2019ALCOVER"},"content":{"rendered":"<h6><strong>MN. JOAN ANTON CED\u00d3 PERELL\u00d3, NOU RECTOR DE LA UNITAT PASTORAL D\u2019ALCOVER<\/strong><\/h6>\n<p><strong><br \/>\nParr\u00f2quia Ntra. Sra. de l&#8217;Assumpci\u00f3 d\u2019Alcover<\/strong><\/p>\n<div id=\"attachment_5400\" style=\"width: 280px\" class=\"wp-caption alignleft\"><img fetchpriority=\"high\" decoding=\"async\" aria-describedby=\"caption-attachment-5400\" class=\"wp-image-5400\" src=\"https:\/\/assumpcio.alcover.arqtgn.cat\/wp-content\/uploads\/sites\/39\/2023\/06\/Mn.-Joan-Antoni-Cedo-Perello-659x1024.jpg\" alt=\"\" width=\"270\" height=\"420\" srcset=\"https:\/\/assumpcio.alcover.arqtgn.cat\/wp-content\/uploads\/sites\/39\/2023\/06\/Mn.-Joan-Antoni-Cedo-Perello-659x1024.jpg 659w, https:\/\/assumpcio.alcover.arqtgn.cat\/wp-content\/uploads\/sites\/39\/2023\/06\/Mn.-Joan-Antoni-Cedo-Perello-193x300.jpg 193w, https:\/\/assumpcio.alcover.arqtgn.cat\/wp-content\/uploads\/sites\/39\/2023\/06\/Mn.-Joan-Antoni-Cedo-Perello-768x1194.jpg 768w, https:\/\/assumpcio.alcover.arqtgn.cat\/wp-content\/uploads\/sites\/39\/2023\/06\/Mn.-Joan-Antoni-Cedo-Perello.jpg 818w\" sizes=\"(max-width: 270px) 100vw, 270px\" \/><p id=\"caption-attachment-5400\" class=\"wp-caption-text\"><strong>Mn. Joan Anton Ced\u00f3 Perell\u00f3<\/strong><\/p><\/div>\n<p style=\"text-align: justify\"><span style=\"color: #000000\">El passat dia 3 de juliol d&#8217;aquest any 2023, l\u2019Excm. I Rvdm. Sr. arquebisbe metropolit\u00e0 i primat de Tarragona Mons. Joan Planellas i Barnosell, nomena a <strong>Mn. Joan Anton Ced\u00f3 Perell\u00f3, nou rector de la Unitat Pastoral d&#8217;Alcover,<\/strong> substituint al qui era fins ara el moss\u00e8n <strong>V\u00edctor Mosquera Ramos<\/strong>, que el proppassat dia 8 del mes de juny va ser nomenat <strong>Vicari General<\/strong> amb la funci\u00f3 espec\u00edfica de moderador de la c\u00faria, per l&#8217;administraci\u00f3 dels b\u00e9ns de l&#8217;Esgl\u00e9sia i l&#8217;economia.<\/span><\/p>\n<p style=\"text-align: justify\"><span style=\"color: #000000\"><strong><em>El nou rector<\/em><\/strong><\/span><\/p>\n<p style=\"text-align: justify\"><span style=\"color: #000000\"><strong>Moss\u00e8n Anton Ced\u00f3 Perell\u00f3,<\/strong> nascut a Tivissa l&#8217;any 1953, va estar exercint de rector des del 2002 de la Parr\u00f2quia de Sant Pau de Tarragona, va ser arxipreste de Tarragona Centre, Vicari Episcopal i rector del Seminari Menor de Tarragona.<\/span><\/p>\n<p style=\"text-align: justify\"><span style=\"color: #000000\"><strong>Despr\u00e9s de vint-i-vuit anys<\/strong> de mestratge com a rector de la parr\u00f2quia de Sant Pau de Tarragona, el 21 de juny de l&#8217;any 2016, l&#8217;Excm. I Rvdm. Sr. arquebisbe metropolit\u00e0 i primat de Tarragona Mons. Jaume Pujol Balcells, el va nomenar rector de la Parr\u00f2quia Prioral de Sant Pere Ap\u00f2stol i de la Parr\u00f2quia de la Pur\u00edssima Sang de Reus, esdevenint aix\u00ed Prior de Reus, tasca aquesta que desenvolupar\u00e0 fins que es realitzi el canvi a principis de setembre.\u00a0<\/span><\/p>\n<p style=\"text-align: justify\"><span style=\"color: #000000\">Agraim a <strong>Mn. V\u00edctor Mosquera Ramos<\/strong> aquests quatre anys de servei a la Unitat Pastoral d&#8217;Alcover i li desitgem molts fruits a les noves parr\u00f2quies que li han encomanat. Aix\u00ed mateix, donem la benvinguda a <strong>Mn. Joan Anton Ced\u00f3<\/strong> i li desitgem que el <strong>Senyor i la Mare de D\u00e9u del Remei<\/strong> el sostinguin amb les noves tasques encomanades.\u00a0<\/span><\/p>\n<p style=\"text-align: justify\"><span style=\"color: #000000\"><strong>Lloem al Senyor!<\/strong><\/span><\/p>\n","protected":false},"excerpt":{"rendered":"<p>MN. JOAN ANTON CED\u00d3 PERELL\u00d3, NOU RECTOR DE LA UNITAT PASTORAL D\u2019ALCOVER Parr\u00f2quia Ntra. Sra. de l&#8217;Assumpci\u00f3 d\u2019Alcover El passat dia 3 de juliol d&#8217;aquest any 2023, l\u2019Excm. I Rvdm. <a class=\"more-link\" href=\"https:\/\/assumpcio.alcover.arqtgn.cat\/?p=5403\">Continue Reading &rarr;<\/a><\/p>\n","protected":false},"author":39,"featured_media":0,"comment_status":"closed","ping_status":"closed","sticky":false,"template":"","format":"aside","meta":{"footnotes":""},"categories":[1],"tags":[],"class_list":["post-5403","post","type-post","status-publish","format-aside","hentry","category-general","post_format-post-format-aside"],"amp_enabled":true,"_links":{"self":[{"href":"https:\/\/assumpcio.alcover.arqtgn.cat\/index.php?rest_route=\/wp\/v2\/posts\/5403","targetHints":{"allow":["GET"]}}],"collection":[{"href":"https:\/\/assumpcio.alcover.arqtgn.cat\/index.php?rest_route=\/wp\/v2\/posts"}],"about":[{"href":"https:\/\/assumpcio.alcover.arqtgn.cat\/index.php?rest_route=\/wp\/v2\/types\/post"}],"author":[{"embeddable":true,"href":"https:\/\/assumpcio.alcover.arqtgn.cat\/index.php?rest_route=\/wp\/v2\/users\/39"}],"replies":[{"embeddable":true,"href":"https:\/\/assumpcio.alcover.arqtgn.cat\/index.php?rest_route=%2Fwp%2Fv2%2Fcomments&post=5403"}],"version-history":[{"count":38,"href":"https:\/\/assumpcio.alcover.arqtgn.cat\/index.php?rest_route=\/wp\/v2\/posts\/5403\/revisions"}],"predecessor-version":[{"id":5549,"href":"https:\/\/assumpcio.alcover.arqtgn.cat\/index.php?rest_route=\/wp\/v2\/posts\/5403\/revisions\/5549"}],"wp:attachment":[{"href":"https:\/\/assumpcio.alcover.arqtgn.cat\/index.php?rest_route=%2Fwp%2Fv2%2Fmedia&parent=5403"}],"wp:term":[{"taxonomy":"category","embeddable":true,"href":"https:\/\/assumpcio.alcover.arqtgn.cat\/index.php?rest_route=%2Fwp%2Fv2%2Fcategories&post=5403"},{"taxonomy":"post_tag","embeddable":true,"href":"https:\/\/assumpcio.alcover.arqtgn.cat\/index.php?rest_route=%2Fwp%2Fv2%2Ftags&post=5403"}],"curies":[{"name":"wp","href":"https:\/\/api.w.org\/{rel}","templated":true}]}}