{"id":5627,"date":"2023-10-25T18:59:41","date_gmt":"2023-10-25T16:59:41","guid":{"rendered":"http:\/\/assumpcio.alcover.arqtgn.cat\/?p=5627"},"modified":"2023-10-27T16:13:30","modified_gmt":"2023-10-27T14:13:30","slug":"25-10-2023-el-diumenge-dia-28-doctubre-a-les-1145-a-alcover-missa-al-comencar-el-curs-2023-2024","status":"publish","type":"post","link":"https:\/\/assumpcio.alcover.arqtgn.cat\/?p=5627","title":{"rendered":"(25-10-2023) El Diumenge, dia 29 d&#8217;octubre de 2023, a les 11:45, a Alcover: Missa al comen\u00e7ar el curs 2023-2024"},"content":{"rendered":"<h6><strong><a href=\"https:\/\/assumpcio.alcover.arqtgn.cat\/wp-content\/uploads\/sites\/39\/2023\/10\/Catequesi-amics.jpg\"><img fetchpriority=\"high\" decoding=\"async\" class=\"wp-image-5628 alignleft\" src=\"https:\/\/assumpcio.alcover.arqtgn.cat\/wp-content\/uploads\/sites\/39\/2023\/10\/Catequesi-amics.jpg\" alt=\"\" width=\"373\" height=\"381\" srcset=\"https:\/\/assumpcio.alcover.arqtgn.cat\/wp-content\/uploads\/sites\/39\/2023\/10\/Catequesi-amics.jpg 474w, https:\/\/assumpcio.alcover.arqtgn.cat\/wp-content\/uploads\/sites\/39\/2023\/10\/Catequesi-amics-293x300.jpg 293w\" sizes=\"(max-width: 373px) 100vw, 373px\" \/><\/a><\/strong>El Diumenge, dia 29 d&#8217;octubre, a les 11:45, i a Alcover: Missa al comen\u00e7ar el curs 2023-2024. La Catequesi va comen\u00e1r el dilluns, 23 d&#8217;octubre (1r i 2n.), el dimecres, 25 d&#8217;octubre (l&#8217;etapa per a qui t\u00e9 10 anys o alg\u00fan m\u00e9s) i el 27 d&#8217;octubre els Grups de joves, a l&#8217;Arxiprestat.<\/h6>\n<h6><strong>Per tenir-ho en compte<\/strong>: Subratllem com n&#8217;\u00e9s dimportant la implicaci\u00f3 familiar (pares i padrins, avis, germans grans, etc.) \u201c<span style=\"color: #ff0000\">s\u00f3n referents principals<\/span>\u201d en el cam\u00ed de la fe dels infants i adolescents. Ho subratllem al comen\u00e7ar el curs. Sigui quina sigui la fond\u00e0ria de la seva fe, la catequesi no en pot prescindir. \u00c9s en el si de la fam\u00edlia que els nois i noies es fan gr\u00e0cies a tantes experi\u00e8ncies que els van construint com a persones.\u00a0 I la celebraci\u00f3 de l\u2019eucaristia dominical per a tothom ajuda a la fam\u00edlia dels infants i a les Parr\u00f2quies. \u00c9s una manera d\u2019anar fent cr\u00e9ixer aquesta llavor de la fe, menuda com un gra de mostassa, com ens diu l\u2019evangeli, i que pot arribar a ser un gran arbre. Per\u00f2 perqu\u00e8 ho sigui l\u2019hem de conrear, l\u2019hem de regar i l\u2019hem cuidar perqu\u00e8 creixi i s\u2019enforteixi. La catequesi, l\u2019oratori, la preg\u00e0ria en comunitat o en fam\u00edlia i la missa ajuden, ben segur, al creixement de la fe dels petits, dels adolescents i dels joves i tamb\u00e9 dels adults.<\/h6>\n<h6><\/h6>\n<h6>Cuidem, doncs, la seva i la nostra formaci\u00f3 cristiana i participem en la celebraci\u00f3 de la fe.<\/h6>\n<p>&nbsp;<\/p>\n<h4><strong>Infants &#8211; adolescents &#8211; joves<\/strong><\/h4>\n<h6 style=\"text-align: justify\"><strong style=\"font-family: 'Helvetica Neue', Arial, sans-serif;font-size: 1.375rem\"><span style=\"color: #ff0000\"><span style=\"color: #000000\">1.<\/span> (8-9 anys)<\/span> Primer i segon curs de Catequesi<\/strong><span style=\"font-family: 'Helvetica Neue', Arial, sans-serif;font-size: 1.375rem\">: La participaci\u00f3 en l\u2019eucaristia, \u00abfont i cimal de la vida cristiana\u00bb, \u00e9s el segon dels sagraments de la iniciaci\u00f3 cristiana. Un infant batejat, a partir de l\u2019edat de nou anys anys, comen\u00e7a la catequesi per participar en la taula de l\u2019eucaristia. Aquesta catequesi t\u00e9 una durada de dos cursos sencers, acompanyant per rebre per primer cop el Cos i la Sang de Crist, durant el temps pasqual del segon curs catequ\u00e8tic.<\/span><\/h6>\n<p>&nbsp;<\/p>\n<h6 style=\"text-align: justify\"><strong>2. <span style=\"color: #ff0000\">(10-&#8230; anys)<\/span> Etapa per a una descoberta i una iniciaci\u00f3 i coneixement de la Comunitat \/ l&#8217;Esgl\u00e9sia des del\u00a0 al seguiment de Jes\u00fas<\/strong>, en la l\u00ednia d\u2019un senzill i acc\u00e9s a l&#8217;Evangeli. En aquesta etapa ferir es pret\u00e9n desvetllar les ganes de seguir Jes\u00fas i de descobrir l\u2019Evangeli. tamb\u00e9 l&#8217;acc\u00e9s a etapes posteriors, en la pastoral de joventut parroquial-arxiprestal-diocesana. Es tracta de fer un proc\u00e9s que ajudi\u00a0 l&#8217;infant-adolescent a que estableixi punts de refer\u00e8ncia per a la seva vida actual i per al seu futur com a cristi\u00e0. Els passos fets en aquest cam\u00ed tenen la voluntat de crear record, de manera que esdevinguin com unes fites que vagin fonamentant una personalitat cristiana que s\u2019haur\u00e0 de completar amb els anys. Em aquesta etapa es pot plantejar la celebraci\u00f3 de la Confirmaci\u00f3.<\/h6>\n<p>&nbsp;<\/p>\n<h6><strong>3.<\/strong> <a href=\"https:\/\/assumpcio.alcover.arqtgn.cat\/wp-content\/uploads\/sites\/39\/2023\/10\/Lifeteen.jpg\"><img decoding=\"async\" class=\"wp-image-5629 alignleft\" src=\"https:\/\/assumpcio.alcover.arqtgn.cat\/wp-content\/uploads\/sites\/39\/2023\/10\/Lifeteen-1024x1024.jpg\" alt=\"\" width=\"313\" height=\"313\" srcset=\"https:\/\/assumpcio.alcover.arqtgn.cat\/wp-content\/uploads\/sites\/39\/2023\/10\/Lifeteen-1024x1024.jpg 1024w, https:\/\/assumpcio.alcover.arqtgn.cat\/wp-content\/uploads\/sites\/39\/2023\/10\/Lifeteen-300x300.jpg 300w, https:\/\/assumpcio.alcover.arqtgn.cat\/wp-content\/uploads\/sites\/39\/2023\/10\/Lifeteen-150x150.jpg 150w, https:\/\/assumpcio.alcover.arqtgn.cat\/wp-content\/uploads\/sites\/39\/2023\/10\/Lifeteen-768x768.jpg 768w, https:\/\/assumpcio.alcover.arqtgn.cat\/wp-content\/uploads\/sites\/39\/2023\/10\/Lifeteen.jpg 1080w\" sizes=\"(max-width: 313px) 100vw, 313px\" \/><\/a><strong><span style=\"color: #ff0000\">(Adolescents i joves)<\/span><\/strong>: &#8220;LIFETEEN&#8221;. Els adolescents i els joves acullen amb ganes i confian\u00e7a la proposta de &#8220;LIFETEEN&#8221;, &#8220;GRUPS DE VIDA&#8221;, que aportin solidesa a la formaci\u00f3 cristiana rebuda, i aquesta exig\u00e8ncia comporta adaptar.ho a la situaci\u00f3 en qu\u00e8 es troben i al nivell de la seva formaci\u00f3 cristiana, aprofundir en la dimensi\u00f3 eclesial de la fe, ajudar\u00e0 a enfortir la consci\u00e8ncia moral i l\u2019esperit de conversi\u00f3, \u00a0Pel que fa refer\u00e8ncia als continguts propis dels Grups &#8220;LIFETEEN&#8221; \u00e9s cuiden i segueixen la Proposta de Pastoral per a la Joventut de la Delegaci\u00f3 Diocesana i el seu punt de refer\u00e8ncia \u00e9s a partir de l&#8217;Arxiprestat. En aquest proc\u00e9s es contempla l&#8217;acompanyament per rebre els Sagraments de la Iniciaci\u00f3 Cristiana com a expressi\u00f3 vital del cam\u00ed que es segueix. Per valorar-ho,\u00a0 rebre&#8217;n informaci\u00f3, a la pr\u00f2pia Parr\u00f2quia\/Unitat Pastoral o amb qui ho coordina a l&#8217;Arxiprestat.<\/h6>\n","protected":false},"excerpt":{"rendered":"<p>El Diumenge, dia 29 d&#8217;octubre, a les 11:45, i a Alcover: Missa al comen\u00e7ar el curs 2023-2024. La Catequesi va comen\u00e1r el dilluns, 23 d&#8217;octubre (1r i 2n.), el dimecres, <a class=\"more-link\" href=\"https:\/\/assumpcio.alcover.arqtgn.cat\/?p=5627\">Continue Reading &rarr;<\/a><\/p>\n","protected":false},"author":39,"featured_media":0,"comment_status":"closed","ping_status":"closed","sticky":false,"template":"","format":"standard","meta":{"footnotes":""},"categories":[44,1],"tags":[],"class_list":["post-5627","post","type-post","status-publish","format-standard","hentry","category-calendari","category-general"],"amp_enabled":true,"_links":{"self":[{"href":"https:\/\/assumpcio.alcover.arqtgn.cat\/index.php?rest_route=\/wp\/v2\/posts\/5627","targetHints":{"allow":["GET"]}}],"collection":[{"href":"https:\/\/assumpcio.alcover.arqtgn.cat\/index.php?rest_route=\/wp\/v2\/posts"}],"about":[{"href":"https:\/\/assumpcio.alcover.arqtgn.cat\/index.php?rest_route=\/wp\/v2\/types\/post"}],"author":[{"embeddable":true,"href":"https:\/\/assumpcio.alcover.arqtgn.cat\/index.php?rest_route=\/wp\/v2\/users\/39"}],"replies":[{"embeddable":true,"href":"https:\/\/assumpcio.alcover.arqtgn.cat\/index.php?rest_route=%2Fwp%2Fv2%2Fcomments&post=5627"}],"version-history":[{"count":13,"href":"https:\/\/assumpcio.alcover.arqtgn.cat\/index.php?rest_route=\/wp\/v2\/posts\/5627\/revisions"}],"predecessor-version":[{"id":5663,"href":"https:\/\/assumpcio.alcover.arqtgn.cat\/index.php?rest_route=\/wp\/v2\/posts\/5627\/revisions\/5663"}],"wp:attachment":[{"href":"https:\/\/assumpcio.alcover.arqtgn.cat\/index.php?rest_route=%2Fwp%2Fv2%2Fmedia&parent=5627"}],"wp:term":[{"taxonomy":"category","embeddable":true,"href":"https:\/\/assumpcio.alcover.arqtgn.cat\/index.php?rest_route=%2Fwp%2Fv2%2Fcategories&post=5627"},{"taxonomy":"post_tag","embeddable":true,"href":"https:\/\/assumpcio.alcover.arqtgn.cat\/index.php?rest_route=%2Fwp%2Fv2%2Ftags&post=5627"}],"curies":[{"name":"wp","href":"https:\/\/api.w.org\/{rel}","templated":true}]}}