{"id":5655,"date":"2023-10-27T16:07:16","date_gmt":"2023-10-27T14:07:16","guid":{"rendered":"http:\/\/assumpcio.alcover.arqtgn.cat\/?p=5655"},"modified":"2023-10-31T21:23:52","modified_gmt":"2023-10-31T20:23:52","slug":"27-10-2023-el-diumenge-29-doctubre-de-2023-romeria-a-montserrat-arxiprestat-de-lalt-camp","status":"publish","type":"post","link":"https:\/\/assumpcio.alcover.arqtgn.cat\/?p=5655","title":{"rendered":"(27-10-2023) El Diumenge, 29 d&#8217;octubre de 2023: Romeria a Montserrat -Arxiprestat de l&#8217;Alt Camp-"},"content":{"rendered":"<p>La Romeria a Montserrat, que es convoca a l&#8217;Arxiprestat de l&#8217;Alt Camp i que\u00a0 la nostra Unitat pastoral acull, se&#8217;n fa ress\u00f2 i l&#8217;aprofita, \u00e9s realment\u00a0 un &#8220;Pelegrinatge espiritual a Montserrat&#8221;, cal <a href=\"https:\/\/assumpcio.alcover.arqtgn.cat\/wp-content\/uploads\/sites\/39\/2023\/10\/Romeria-a-montserrat-2023.jpg\"><img fetchpriority=\"high\" decoding=\"async\" class=\"wp-image-5656 alignleft\" src=\"https:\/\/assumpcio.alcover.arqtgn.cat\/wp-content\/uploads\/sites\/39\/2023\/10\/Romeria-a-montserrat-2023-732x1024.jpg\" alt=\"\" width=\"212\" height=\"294\" \/><\/a>veure-ho aix\u00ed\u00a0 i entendre&#8217;ns\u00a0 pelegrins de la Mare de D\u00e9u i pelegrins de Montserrat. &#8220;<em>El pelegrinatge al Santuari de la Patrona de Catalunya que es convoca \u2039<strong>any rere\u203a any<\/strong>\u203a, \u00e9s un signe clar de devoci\u00f3, <strong>uns moments privilegiats de reconciliaci\u00f3 i de renovaci\u00f3 de la fe<\/strong>, i alhora tamb\u00e9 un acte evangelitzador enmig de la societat catalana a la que Jes\u00fas ens envia.<\/em><\/p>\n<p><em><strong>Recordem a Maria com aquella dona plenament feli\u00e7 en D\u00e9u<\/strong>, perqu\u00e8 ha fet de la paraula divina llum de la seva vida. Tamb\u00e9 en aquests moments de prova que vivim, som convidats pel salmista a viure aquesta felicitat en clau de proximitat: \u00abFeli\u00e7 el qui s\u2019interessa pel pobre desvalgut\u00bb (Sl 32,1)<\/em><\/p>\n<p><em>Com Maria, que romangu\u00e9 vora la creu de Jes\u00fas, <strong>tamb\u00e9 nosaltres estem cridats a ser propers als qui, a causa de tot el que estem vivint, se senten m\u00e9s desvalguts<\/strong>. \u00c9s aquesta l\u2019actitud d\u2019amor que ens far\u00e0 viure, com Maria, el goig profund de la felicitat que rebem de D\u00e9u. Una felicitat que, essent plena, vessa el seu consol i la seva for\u00e7a sobre totes les circumst\u00e0ncies de la vida.<\/em><\/p>\n<p><em>Els monjos i els escolans <strong>us portem cada dia en la preg\u00e0ria.<\/strong>&#8221; (a partir de la web de l&#8217;Abadia de Montserrat)<\/em><\/p>\n<p>Fem nostra la convocat\u00f2ria del Papa Francesc a <a href=\"https:\/\/www.agenciaflama.cat\/el-papa-convoca-a-totes-les-religions-a-una-jornada-de-pregaria-deju-i-penitencia-per-la-pau-el-27-doctubre-a-roma\/\">una Jornada de preg\u00e0ria i dejuni: 27 d&#8217;octubre de 2023<\/a> (&#8220;Que es faci tot el possible, si us plau, per evitar una cat\u00e0strofe humanit\u00e0ria a Terra Santa&#8221;), a la preg\u00e0ria del dimecres, el 18 d&#8217;octubre de 2023. La presentem a la Mare de D\u00e9u de Montserrat, confiats.<\/p>\n<p>Un molt profit\u00f3s peregrinatge al que ens hi adherim comunit\u00e0riament en l&#8217;amistat i la preg\u00e0ria i, evidentement, amb qui, de la nostra Unitat Pastoral hi ha patrticipat, de les Parr\u00f2quies: d&#8217;Alcover, la Mas\u00f3, La Riba, El Mil\u00e0, Farena i Mont-ral.<\/p>\n<p>Per veure&#8217;n la Cr\u00f2nica, <a href=\"https:\/\/www.arquebisbattarragona.cat\/2023\/10\/30\/160-feligresos-de-larxiprestat-de-lalt-camp-pelegrinen-a-montserrat\/\">accedint la web de l&#8217;Arquebisbat de Tarragona<\/a><\/p>\n","protected":false},"excerpt":{"rendered":"<p>La Romeria a Montserrat, que es convoca a l&#8217;Arxiprestat de l&#8217;Alt Camp i que\u00a0 la nostra Unitat pastoral acull, se&#8217;n fa ress\u00f2 i l&#8217;aprofita, \u00e9s realment\u00a0 un &#8220;Pelegrinatge espiritual a <a class=\"more-link\" href=\"https:\/\/assumpcio.alcover.arqtgn.cat\/?p=5655\">Continue Reading &rarr;<\/a><\/p>\n","protected":false},"author":39,"featured_media":5656,"comment_status":"closed","ping_status":"closed","sticky":false,"template":"","format":"standard","meta":{"footnotes":""},"categories":[44,1],"tags":[],"class_list":["post-5655","post","type-post","status-publish","format-standard","has-post-thumbnail","hentry","category-calendari","category-general"],"amp_enabled":true,"_links":{"self":[{"href":"https:\/\/assumpcio.alcover.arqtgn.cat\/index.php?rest_route=\/wp\/v2\/posts\/5655","targetHints":{"allow":["GET"]}}],"collection":[{"href":"https:\/\/assumpcio.alcover.arqtgn.cat\/index.php?rest_route=\/wp\/v2\/posts"}],"about":[{"href":"https:\/\/assumpcio.alcover.arqtgn.cat\/index.php?rest_route=\/wp\/v2\/types\/post"}],"author":[{"embeddable":true,"href":"https:\/\/assumpcio.alcover.arqtgn.cat\/index.php?rest_route=\/wp\/v2\/users\/39"}],"replies":[{"embeddable":true,"href":"https:\/\/assumpcio.alcover.arqtgn.cat\/index.php?rest_route=%2Fwp%2Fv2%2Fcomments&post=5655"}],"version-history":[{"count":6,"href":"https:\/\/assumpcio.alcover.arqtgn.cat\/index.php?rest_route=\/wp\/v2\/posts\/5655\/revisions"}],"predecessor-version":[{"id":5684,"href":"https:\/\/assumpcio.alcover.arqtgn.cat\/index.php?rest_route=\/wp\/v2\/posts\/5655\/revisions\/5684"}],"wp:featuredmedia":[{"embeddable":true,"href":"https:\/\/assumpcio.alcover.arqtgn.cat\/index.php?rest_route=\/wp\/v2\/media\/5656"}],"wp:attachment":[{"href":"https:\/\/assumpcio.alcover.arqtgn.cat\/index.php?rest_route=%2Fwp%2Fv2%2Fmedia&parent=5655"}],"wp:term":[{"taxonomy":"category","embeddable":true,"href":"https:\/\/assumpcio.alcover.arqtgn.cat\/index.php?rest_route=%2Fwp%2Fv2%2Fcategories&post=5655"},{"taxonomy":"post_tag","embeddable":true,"href":"https:\/\/assumpcio.alcover.arqtgn.cat\/index.php?rest_route=%2Fwp%2Fv2%2Ftags&post=5655"}],"curies":[{"name":"wp","href":"https:\/\/api.w.org\/{rel}","templated":true}]}}