{"id":5717,"date":"2023-11-06T17:42:39","date_gmt":"2023-11-06T16:42:39","guid":{"rendered":"http:\/\/assumpcio.alcover.arqtgn.cat\/?p=5717"},"modified":"2023-11-15T19:13:46","modified_gmt":"2023-11-15T18:13:46","slug":"06-11-2023-el-diumenge-19-de-novembre-de-2023-vii-jornada-mundial-dels-pobres-no-esquivis-cap-pobre-tb-47","status":"publish","type":"post","link":"https:\/\/assumpcio.alcover.arqtgn.cat\/?p=5717","title":{"rendered":"(06-11-2023) El Diumenge, 19 de novembre de 2023: VII Jornada Mundial dels Pobres: \u201cNO ESQUIVIS CAP POBRE&#8221; (Tb 4,7)"},"content":{"rendered":"<p><span style=\"color: #ff0000\"><strong>El papa Francesc va instaurar la Jornada Mundial dels Pobres, a celebrar el diumenge abans de Crist Rei, el Diumenge XXXIII de durant l\u2019any, aquest 2023, el dia 19 de novembre.<\/strong><\/span><\/p>\n<p>\u201c<em>La Jornada Mundial dels Pobres, signe fecund de la miseric\u00f2rdia del Pare, arriba per setena vegada per donar suport al cam\u00ed de les nostres comunitats. \u00c9s una cita que va arrelant de mica<a href=\"https:\/\/assumpcio.alcover.arqtgn.cat\/wp-content\/uploads\/sites\/39\/2023\/11\/Jornada-Mundial-dels-pobres-1.jpg\"><img decoding=\"async\" class=\"wp-image-5728 alignright\" src=\"https:\/\/assumpcio.alcover.arqtgn.cat\/wp-content\/uploads\/sites\/39\/2023\/11\/Jornada-Mundial-dels-pobres-1.jpg\" alt=\"\" width=\"148\" height=\"244\" \/><\/a> en mica en la pastoral de l\u2019Esgl\u00e9sia, per a descobrir cada vegada m\u00e9s el contingut central de l\u2019Evangeli. Cada dia ens comprometem a acollir els pobres, per\u00f2 aix\u00f2 no \u00e9s suficient. Un riu de\u00a0pobresa travessa les nostres ciutats i es fa cada vegada m\u00e9s gran fins desbordar-se; aquell riu sembla que ens arrossegui, tant que el crit dels nostres germans i germanes que demanen ajuda, suport i solidaritat es fa cada vegada m\u00e9s fort. Per aix\u00f2, el diumenge anterior a la festa de Jesucrist, Rei de l\u2019Univers, ens reunim entorn la seva taula per a rebre d\u2019ell, un cop m\u00e9s, el do i el comprom\u00eds de viure la pobresa i de servir els pobres<\/em>\u201d (Papa Francesc, al <a href=\"https:\/\/www.tarraconense.cat\/wp-content\/uploads\/2023\/06\/Missatge-del-pobres-2023-cat.pdf\">Missatge per la VII Jornada<\/a>; \u201cNO ESQUIVIS CAP POBRE\u00bb -Tb 4,7-).<\/p>\n<p><a href=\"https:\/\/assumpcio.alcover.arqtgn.cat\/wp-content\/uploads\/sites\/39\/2023\/11\/logo-caritas.png\"><img decoding=\"async\" class=\"wp-image-5724 alignleft\" src=\"https:\/\/assumpcio.alcover.arqtgn.cat\/wp-content\/uploads\/sites\/39\/2023\/11\/logo-caritas-1012x1024.png\" alt=\"\" width=\"200\" height=\"202\" srcset=\"https:\/\/assumpcio.alcover.arqtgn.cat\/wp-content\/uploads\/sites\/39\/2023\/11\/logo-caritas-1012x1024.png 1012w, https:\/\/assumpcio.alcover.arqtgn.cat\/wp-content\/uploads\/sites\/39\/2023\/11\/logo-caritas-296x300.png 296w, https:\/\/assumpcio.alcover.arqtgn.cat\/wp-content\/uploads\/sites\/39\/2023\/11\/logo-caritas-768x777.png 768w, https:\/\/assumpcio.alcover.arqtgn.cat\/wp-content\/uploads\/sites\/39\/2023\/11\/logo-caritas.png 1320w\" sizes=\"(max-width: 200px) 100vw, 200px\" \/><\/a>\u201c<em>Als ulls del m\u00f3n no sembla raonable pensar que la pobresa i la indig\u00e8ncia puguin tenir una for\u00e7a salvadora; per\u00f2 \u00e9s all\u00f2 que ensenya l\u2019Ap\u00f2stol quan diu: \u00abNo n\u2019hi ha gaires de savis a la manera d\u2019aquest m\u00f3n ni gaires d\u2019influents o de bona fam\u00edlia. Ben al contrari, D\u00e9u ha escollit els insensats d\u2019aquest m\u00f3n per confondre els savis; i ha escollit els febles d\u2019aquest m\u00f3n per confondre els forts. D\u00e9u ha escollit gent que no compta, els menyspreats d\u2019aquest m\u00f3n; ha escollit els qui no s\u00f3n res per anul\u00b7lar els qui s\u00f3n alguna cosa. Aix\u00ed ning\u00fa no es pot gloriar davant de D\u00e9u\u00bb (1Co 1,26-29)<\/em>\u201d [Del Missatge del Papa Francesc, aper la III Jornada, l\u2019any 2019].<\/p>\n<p>La parr\u00f2quia, cada parr\u00f2quia a la Unitat Pastoral, convida a arribar a tothom sense excepci\u00f3, recorda que els pobres i els exclosos sempre han de tenir un lloc privilegiat al cor de l\u2019Esgl\u00e9sia. Com afirmava Benet XVI: \u00ab<em>Els pobres s\u00f3n els destinataris privilegiats de l\u2019Evangel<\/em>i\u00bb (Bisbes de Brasil 11-V-2007). Tamb\u00e9 el Papa Francesc ha escrit que \u00ab<em>la nova evangelitzaci\u00f3 \u00e9s una invitaci\u00f3 a recon\u00e8ixer la for\u00e7a salv\u00edfica de les seves vides i a posar-los en el centre del cam\u00ed de l\u2019Esgl\u00e9sia. Som cridats a descobrir Crist en ells, a donar veu a les seves causes, per\u00f2 tamb\u00e9 a ser els seus amics, a escoltar-los, a interpretar-los i a recollir la misteriosa saviesa que D\u00e9u vol comunicar-nos a trav\u00e9s d\u2019ells<\/em>\u00bb (EG 198).<\/p>\n<p><a href=\"https:\/\/www.tarraconense.cat\/wp-content\/uploads\/2023\/06\/Missatge-del-pobres-2023-cat.pdf\">Missatge del Papa Francesc, per la VII Jornada Mundial dels Pobres (19 de novembre de 2023)<\/a><\/p>\n<p>&nbsp;<\/p>\n","protected":false},"excerpt":{"rendered":"<p>El papa Francesc va instaurar la Jornada Mundial dels Pobres, a celebrar el diumenge abans de Crist Rei, el Diumenge XXXIII de durant l\u2019any, aquest 2023, el dia 19 de <a class=\"more-link\" href=\"https:\/\/assumpcio.alcover.arqtgn.cat\/?p=5717\">Continue Reading &rarr;<\/a><\/p>\n","protected":false},"author":39,"featured_media":0,"comment_status":"closed","ping_status":"closed","sticky":false,"template":"","format":"standard","meta":{"footnotes":""},"categories":[44,1],"tags":[],"class_list":["post-5717","post","type-post","status-publish","format-standard","hentry","category-calendari","category-general"],"amp_enabled":true,"_links":{"self":[{"href":"https:\/\/assumpcio.alcover.arqtgn.cat\/index.php?rest_route=\/wp\/v2\/posts\/5717","targetHints":{"allow":["GET"]}}],"collection":[{"href":"https:\/\/assumpcio.alcover.arqtgn.cat\/index.php?rest_route=\/wp\/v2\/posts"}],"about":[{"href":"https:\/\/assumpcio.alcover.arqtgn.cat\/index.php?rest_route=\/wp\/v2\/types\/post"}],"author":[{"embeddable":true,"href":"https:\/\/assumpcio.alcover.arqtgn.cat\/index.php?rest_route=\/wp\/v2\/users\/39"}],"replies":[{"embeddable":true,"href":"https:\/\/assumpcio.alcover.arqtgn.cat\/index.php?rest_route=%2Fwp%2Fv2%2Fcomments&post=5717"}],"version-history":[{"count":9,"href":"https:\/\/assumpcio.alcover.arqtgn.cat\/index.php?rest_route=\/wp\/v2\/posts\/5717\/revisions"}],"predecessor-version":[{"id":5730,"href":"https:\/\/assumpcio.alcover.arqtgn.cat\/index.php?rest_route=\/wp\/v2\/posts\/5717\/revisions\/5730"}],"wp:attachment":[{"href":"https:\/\/assumpcio.alcover.arqtgn.cat\/index.php?rest_route=%2Fwp%2Fv2%2Fmedia&parent=5717"}],"wp:term":[{"taxonomy":"category","embeddable":true,"href":"https:\/\/assumpcio.alcover.arqtgn.cat\/index.php?rest_route=%2Fwp%2Fv2%2Fcategories&post=5717"},{"taxonomy":"post_tag","embeddable":true,"href":"https:\/\/assumpcio.alcover.arqtgn.cat\/index.php?rest_route=%2Fwp%2Fv2%2Ftags&post=5717"}],"curies":[{"name":"wp","href":"https:\/\/api.w.org\/{rel}","templated":true}]}}