{"id":5733,"date":"2023-12-13T18:34:41","date_gmt":"2023-12-13T17:34:41","guid":{"rendered":"http:\/\/assumpcio.alcover.arqtgn.cat\/?p=5733"},"modified":"2023-12-13T18:38:02","modified_gmt":"2023-12-13T17:38:02","slug":"06-12-2023-sant-nicolau-patro-titular-de-la-parroquia-de-la-riba-festa-patronal","status":"publish","type":"post","link":"https:\/\/assumpcio.alcover.arqtgn.cat\/?p=5733","title":{"rendered":"(06-12-2023) Sant Nicolau: Patr\u00f3-titular de la Parr\u00f2quia de La Riba. Festa patronal."},"content":{"rendered":"<h1><span style=\"color: #ff0000\"><strong>Sant Nicolau (c. 300 \u2013 350)<\/strong><\/span><\/h1>\n<p><a href=\"https:\/\/assumpcio.alcover.arqtgn.cat\/wp-content\/uploads\/sites\/39\/2023\/12\/Sant-Nicolau_imatge.jpg\"><img decoding=\"async\" class=\"wp-image-5734 alignleft\" src=\"https:\/\/assumpcio.alcover.arqtgn.cat\/wp-content\/uploads\/sites\/39\/2023\/12\/Sant-Nicolau_imatge.jpg\" alt=\"\" width=\"143\" height=\"234\" \/><\/a>Bisbe de la ciutat grega de Myra, a la Turquia actual, Nicolau va esdevenir un home molt estimat pel poble fidel. Es va abocar especialment amb els m\u00e9s pobres, a qui ajudava personalment, i va obrar nombrosos miracles. Un dels m\u00e9s coneguts \u00e9s la resurrecci\u00f3 de tres nens, que havien estat assassinats i esquarterats. Aquest episodi el va convertir en el patr\u00f3 dels infants,. Entre nosaltres, durant la festa de sant Nicolau els nens gaudien d\u2019un protagonisme especial, com encara se\u2019n dona testimoni a moltes parr\u00f2quies i pobles, a La Riba, per exemple, cuidant el costum d\u2019escollir un bisbet\u00f3 entre els escolans, cuidant fer festa amb els infants, i altres acccions amb la familia.<\/p>\n<p>Les rel\u00edquies de sant Nicolau es veneren a la ciutat de Bari, al sud d\u2019It\u00e0lia.<a href=\"https:\/\/assumpcio.alcover.arqtgn.cat\/wp-content\/uploads\/sites\/39\/2023\/12\/Bisbeto_La-Riba.jpg\"><img fetchpriority=\"high\" decoding=\"async\" class=\"wp-image-5735 alignright\" src=\"https:\/\/assumpcio.alcover.arqtgn.cat\/wp-content\/uploads\/sites\/39\/2023\/12\/Bisbeto_La-Riba-625x1024.jpg\" alt=\"\" width=\"177\" height=\"285\" \/><\/a><\/p>\n<p>El dia 6 de desembre va celebrar-se la festa lit\u00fargica del Patr\u00f3 de la Parr\u00f2quia, de La Riba, Sant Nicolau. L\u2019Eucaristia va ser l\u2019acte central de la Festa, abns una xocolatada popular, a la Casa parroquial i jocs per als infants. Despr\u00e9s de la Missa, i per grups, com \u00e9s costum a la Riba, tot i repic de Campanes, a m\u00e0. Val a dir que grans i petits van celebrar la Festa del Patr\u00f3.<\/p>\n<p>&nbsp;<\/p>\n<p>Saber del Patr\u00f3 de la Parr\u00f2quia i la seva vida arrelada en l&#8217;Evangeli, a semblan\u00e7a dels deixebles d&#8217;Ema\u00fas (Lc 24, 13-35), celebrat amb la fam\u00edlia i en comunitat parroquial ofereix als qui viuen aquesta experi\u00e8ncia (i a poder ser any rere any) un temps i un espai de conviv\u00e8ncia i acollida. Que aquesta proposta sigui un recurs pastoral que ajudi a la cohesi\u00f3 de la nostra comunitat i afavoreixi testimoniar la for\u00e7a de l\u2019Evangeli.<\/p>\n<p><a href=\"https:\/\/assumpcio.alcover.arqtgn.cat\/wp-content\/uploads\/sites\/39\/2023\/12\/Goigs-sant-Nicolau.jpg\"><img decoding=\"async\" class=\"wp-image-5736 aligncenter\" src=\"https:\/\/assumpcio.alcover.arqtgn.cat\/wp-content\/uploads\/sites\/39\/2023\/12\/Goigs-sant-Nicolau-724x1024.jpg\" alt=\"\" width=\"409\" height=\"575\" \/><\/a><\/p>\n<p style=\"text-align: center\">&#8220;<em>Puja amunt la Vila entera<\/em><br \/>\n<em>recercant ferma la pau:<\/em><br \/>\n<em>Arboreu-nos la senyera,<\/em><br \/>\n<em>Taumaturg sant Nicolau!<\/em><\/p>\n<p style=\"text-align: center\">..<br \/>\n<strong>De la Riba sou ferman\u00e7a<\/strong><br \/>\n<strong>i us invoca des d&#8217;antic.<\/strong><br \/>\n<strong>Poble i rius per v\u00f3s fan dansa,<\/strong><br \/>\n<strong>v\u00f3s serveu el seu somic.<\/strong><br \/>\n<strong>De verd canti la costera,<\/strong><br \/>\n<strong>res no enteli aquest cel blau<\/strong>.&#8221;<\/p>\n","protected":false},"excerpt":{"rendered":"<p>Sant Nicolau (c. 300 \u2013 350) Bisbe de la ciutat grega de Myra, a la Turquia actual, Nicolau va esdevenir un home molt estimat pel poble fidel. Es va abocar <a class=\"more-link\" href=\"https:\/\/assumpcio.alcover.arqtgn.cat\/?p=5733\">Continue Reading &rarr;<\/a><\/p>\n","protected":false},"author":39,"featured_media":0,"comment_status":"closed","ping_status":"closed","sticky":false,"template":"","format":"standard","meta":{"footnotes":""},"categories":[44,1],"tags":[],"class_list":["post-5733","post","type-post","status-publish","format-standard","hentry","category-calendari","category-general"],"amp_enabled":true,"_links":{"self":[{"href":"https:\/\/assumpcio.alcover.arqtgn.cat\/index.php?rest_route=\/wp\/v2\/posts\/5733","targetHints":{"allow":["GET"]}}],"collection":[{"href":"https:\/\/assumpcio.alcover.arqtgn.cat\/index.php?rest_route=\/wp\/v2\/posts"}],"about":[{"href":"https:\/\/assumpcio.alcover.arqtgn.cat\/index.php?rest_route=\/wp\/v2\/types\/post"}],"author":[{"embeddable":true,"href":"https:\/\/assumpcio.alcover.arqtgn.cat\/index.php?rest_route=\/wp\/v2\/users\/39"}],"replies":[{"embeddable":true,"href":"https:\/\/assumpcio.alcover.arqtgn.cat\/index.php?rest_route=%2Fwp%2Fv2%2Fcomments&post=5733"}],"version-history":[{"count":6,"href":"https:\/\/assumpcio.alcover.arqtgn.cat\/index.php?rest_route=\/wp\/v2\/posts\/5733\/revisions"}],"predecessor-version":[{"id":5742,"href":"https:\/\/assumpcio.alcover.arqtgn.cat\/index.php?rest_route=\/wp\/v2\/posts\/5733\/revisions\/5742"}],"wp:attachment":[{"href":"https:\/\/assumpcio.alcover.arqtgn.cat\/index.php?rest_route=%2Fwp%2Fv2%2Fmedia&parent=5733"}],"wp:term":[{"taxonomy":"category","embeddable":true,"href":"https:\/\/assumpcio.alcover.arqtgn.cat\/index.php?rest_route=%2Fwp%2Fv2%2Fcategories&post=5733"},{"taxonomy":"post_tag","embeddable":true,"href":"https:\/\/assumpcio.alcover.arqtgn.cat\/index.php?rest_route=%2Fwp%2Fv2%2Ftags&post=5733"}],"curies":[{"name":"wp","href":"https:\/\/api.w.org\/{rel}","templated":true}]}}