{"id":5746,"date":"2024-01-17T10:51:49","date_gmt":"2024-01-17T09:51:49","guid":{"rendered":"http:\/\/assumpcio.alcover.arqtgn.cat\/?p=5746"},"modified":"2024-01-17T10:51:49","modified_gmt":"2024-01-17T09:51:49","slug":"17-01-2024setmana-de-pregaria-per-la-unitat-dels-cristians-18-25-de-gener-de-2024","status":"publish","type":"post","link":"https:\/\/assumpcio.alcover.arqtgn.cat\/?p=5746","title":{"rendered":"(17-01-2024)\u00abSetmana de preg\u00e0ria per la unitat dels cristians\u00bb [18-25 de gener de 2024]"},"content":{"rendered":"<h5><\/h5>\n<h5><a href=\"https:\/\/assumpcio.alcover.arqtgn.cat\/wp-content\/uploads\/sites\/39\/2024\/01\/Unitat-dels-Cristians-2024-1.jpg\"><img fetchpriority=\"high\" decoding=\"async\" class=\"wp-image-5749 alignright\" src=\"https:\/\/assumpcio.alcover.arqtgn.cat\/wp-content\/uploads\/sites\/39\/2024\/01\/Unitat-dels-Cristians-2024-1-498x1024.jpg\" alt=\"\" width=\"200\" height=\"401\" \/><\/a>Se&#8217;ns convoca en la Setmana de Preg\u00e0ria per la Unitat dels Cristians, del 18 al 25 de gener de 2024, aquest any amb el lema \u00abEstimar\u00e0s el Senyor, el teu D\u00e9u&#8230; i el teu pro\u00efsme com a tu mateix\u00bb (cf. Lc 10,27):\u00a0 \u201c<em>Refer la unitat \u00e9s un deure de l\u2019Esgl\u00e9sia i de cada petita comunitat cristiana. Va ser una de les finalitats principals del Concili Ecum\u00e8nic Vatic\u00e0 II. Era necessari, ja que Jes\u00fas va fundar una \u00fanica Esgl\u00e9sia i, en canvi, al llarg de la hist\u00f2ria els cristians s\u2019han dividit. Avui hi ha diverses comunitats i totes afirmen ser l\u2019aut\u00e8ntica Esgl\u00e9sia de Crist. Aquestes divisions han portat enfrontaments, acusacions i tamb\u00e9 viol\u00e8ncies. Tot aix\u00f2 \u00e9s contrari al que Jes\u00fas volia: estimeu-vos, manteniu-vos units perqu\u00e8 el m\u00f3n pugui creure. Qui s\u00f3n aquests \u00abaltres cristians\u00bb que hem d\u2019estimar i amb els quals hem de treballar per la uni\u00f3?\u2026\/\u2026<\/em>\u201d <span style=\"font-family: 'Helvetica Neue', Arial, sans-serif;font-size: 1.375rem\">(\u201cCarta dominical\u201d del Sr.Arquebisbe Mons.Joan Planellas: Diumenge 12 de gener de 2020: \u00abLA UNITAT DELS CRISTIANS\u00bb)<\/span><\/h5>\n<h5><a href=\"https:\/\/assumpcio.alcover.arqtgn.cat\/wp-content\/uploads\/sites\/39\/2024\/01\/Unitat-dels-crsitaian_UPA.2024.jpg\"><img decoding=\"async\" class=\"wp-image-5750 alignleft\" src=\"https:\/\/assumpcio.alcover.arqtgn.cat\/wp-content\/uploads\/sites\/39\/2024\/01\/Unitat-dels-crsitaian_UPA.2024-754x1024.jpg\" alt=\"\" width=\"326\" height=\"439\" \/><\/a>Encara prop del <a href=\"http:\/\/cpt.arqtgn.cat\/\">Concili Provincial Tarraconense<\/a> (1995), ens cal recordar que en la Resoluci\u00f3 127 proposa: \u201c<em>Que es procuri de fomentar i revitalitzar el di\u00e0leg ecum\u00e8nic amb les altres confessions cristianes del nostre pa\u00eds tant a nivell dioces\u00e0 com interdioces\u00e0.Que es doni m\u00e9s import\u00e0ncia a la formaci\u00f3 ecum\u00e8nica i que, tant en els centres teol\u00f2gics com en les catequesis de les comunitats, s\u2019estudi\u00efn els principis cat\u00f2lics de l\u2019ecumenisme d\u2019acord amb el Vatic\u00e0 II i amb els documents posteriors.A un altre nivell, que es fomenti el di\u00e0leg interreligi\u00f3s, especialment amb les altres religions presents a Catalunya<\/em>\u201c.<\/h5>\n<p>&nbsp;<\/p>\n","protected":false},"excerpt":{"rendered":"<p>Se&#8217;ns convoca en la Setmana de Preg\u00e0ria per la Unitat dels Cristians, del 18 al 25 de gener de 2024, aquest any amb el lema \u00abEstimar\u00e0s el Senyor, el teu <a class=\"more-link\" href=\"https:\/\/assumpcio.alcover.arqtgn.cat\/?p=5746\">Continue Reading &rarr;<\/a><\/p>\n","protected":false},"author":39,"featured_media":0,"comment_status":"closed","ping_status":"closed","sticky":false,"template":"","format":"standard","meta":{"footnotes":""},"categories":[44,1],"tags":[],"class_list":["post-5746","post","type-post","status-publish","format-standard","hentry","category-calendari","category-general"],"amp_enabled":true,"_links":{"self":[{"href":"https:\/\/assumpcio.alcover.arqtgn.cat\/index.php?rest_route=\/wp\/v2\/posts\/5746","targetHints":{"allow":["GET"]}}],"collection":[{"href":"https:\/\/assumpcio.alcover.arqtgn.cat\/index.php?rest_route=\/wp\/v2\/posts"}],"about":[{"href":"https:\/\/assumpcio.alcover.arqtgn.cat\/index.php?rest_route=\/wp\/v2\/types\/post"}],"author":[{"embeddable":true,"href":"https:\/\/assumpcio.alcover.arqtgn.cat\/index.php?rest_route=\/wp\/v2\/users\/39"}],"replies":[{"embeddable":true,"href":"https:\/\/assumpcio.alcover.arqtgn.cat\/index.php?rest_route=%2Fwp%2Fv2%2Fcomments&post=5746"}],"version-history":[{"count":4,"href":"https:\/\/assumpcio.alcover.arqtgn.cat\/index.php?rest_route=\/wp\/v2\/posts\/5746\/revisions"}],"predecessor-version":[{"id":5754,"href":"https:\/\/assumpcio.alcover.arqtgn.cat\/index.php?rest_route=\/wp\/v2\/posts\/5746\/revisions\/5754"}],"wp:attachment":[{"href":"https:\/\/assumpcio.alcover.arqtgn.cat\/index.php?rest_route=%2Fwp%2Fv2%2Fmedia&parent=5746"}],"wp:term":[{"taxonomy":"category","embeddable":true,"href":"https:\/\/assumpcio.alcover.arqtgn.cat\/index.php?rest_route=%2Fwp%2Fv2%2Fcategories&post=5746"},{"taxonomy":"post_tag","embeddable":true,"href":"https:\/\/assumpcio.alcover.arqtgn.cat\/index.php?rest_route=%2Fwp%2Fv2%2Ftags&post=5746"}],"curies":[{"name":"wp","href":"https:\/\/api.w.org\/{rel}","templated":true}]}}