{"id":5757,"date":"2024-01-17T19:35:22","date_gmt":"2024-01-17T18:35:22","guid":{"rendered":"http:\/\/assumpcio.alcover.arqtgn.cat\/?p=5757"},"modified":"2024-03-28T11:37:48","modified_gmt":"2024-03-28T10:37:48","slug":"17-de-gener-de-2024-21-27-dee-gener-viii-setmana-de-la-biblia-21-de-gener-el-diumenge-de-la-paraula","status":"publish","type":"post","link":"https:\/\/assumpcio.alcover.arqtgn.cat\/?p=5757","title":{"rendered":"(17-01-2024) 21-27 de gener: VIII Setmana de La B\u00edblia\/ 21 de gener: El Diumenge de La Paraula"},"content":{"rendered":"<p>&nbsp;<\/p>\n<h4><a href=\"https:\/\/assumpcio.alcover.arqtgn.cat\/wp-content\/uploads\/sites\/39\/2024\/01\/VIII-Setmana-de-la-Biblia.2024.jpg\"><img fetchpriority=\"high\" decoding=\"async\" class=\"wp-image-5758 alignleft\" src=\"https:\/\/assumpcio.alcover.arqtgn.cat\/wp-content\/uploads\/sites\/39\/2024\/01\/VIII-Setmana-de-la-Biblia.2024.jpg\" alt=\"\" width=\"358\" height=\"500\" \/><\/a>&#8220;La VIII Setmana de la B\u00edblia torna del 21 al 27 de gener del 2024, amb el lema d\u2019aquesta edici\u00f3 \u00e9s &#8216;Manteniu-vos ferms en la meva Paraula&#8217;. Durant aquesta setmana, en moltes parr\u00f2quies, escoles i comunitats cristianes s\u2019organitzen activitats orientades a fomentar la lectura i el coneixement de l\u2019Escriptura, instrument fonamental en la revelaci\u00f3 de D\u00e9u i en la relaci\u00f3 del creient amb ell&#8221;.El Diumenge de la Paraula de D\u00e9u, jornada institu\u00efda des de 2019 pel papa Francesc per tal de ser celebrada el III Diumenge de durant l\u2019any,\u00a0 el dia 21 de gener, precedeix la setmana plen ad&#8217;activitats<\/h4>\n<p style=\"text-align: right\">\u00a0(A <a href=\"https:\/\/www.catalunyareligio.cat\/ca\/coneix-totes-activitats-viii-setmana-biblia\">Catalunya Religi\u00f3<\/a><span style=\"font-size: 16px;font-weight: 300\">)<\/span><\/p>\n<h4>\u201c<em>El papa Francesc institueix aquest diumenge per tal que tot el poble sant de D\u00e9u reflexioni i valori la import\u00e0ncia que t\u00e9 llegir i viure el contingut de la Paraula de D\u00e9u en la pr\u00f2pia vida cristiana. El Concili Vatic\u00e0 II va donar un gran impuls al redescobriment de la Paraula de D\u00e9u, amb la seva Constituci\u00f3 Dei Verbum, \u00abParaula de D\u00e9u\u00bb. I el mateix Concili Provincial Tarraconense, del qual comencem a celebrar el vint-i-cinqu\u00e8 aniversari, hi dedic\u00e0 tota una part dels seus debats i, en la primera resoluci\u00f3 sobre el tema, considerada a m\u00e9s com a priorit\u00e0ria, hi trobem escrit: \u00abL\u2019Esgl\u00e9sia escolta la Paraula de D\u00e9u i la proclama com a Paraula de salvaci\u00f3. El Concili Provincial Tarraconense insta cada fidel cristi\u00e0 a escoltar-la, a llegir-la personalment, a meditar-la, a celebrar-la en l\u2019Esgl\u00e9sia i a pregar amb ella, per tal de viure de la seva for\u00e7a transformadora i en plena obedi\u00e8ncia de fe al Senyor, sota el guiatge de l\u2019Esperit Sant\u00bb (n. 48)<\/em> \u201d<\/h4>\n<p style=\"text-align: right\">[De la \u201cCarta Dominical\u201d de l\u2019Arquebisbe Mons. Joan Planellas: \u00abEL DIUMENGE DE LA PARAULA\u00bb (1 de febrer de 2020 \/ Diumenge de La Paraula)<\/p>\n<h4>A la nostra Unitat Pastoral, reprendrem les trobades per la formaci\u00f3 i que s\u00f3n suport per la lectura de la B\u00edblia i, tamb\u00e9, per a qui segueix el Curs B\u00edblic per correspond\u00e8ncia, un molt bon servei que ofereix el Secretariat dioces\u00e0 per a l&#8217;animaci\u00f3 b\u00edblica, a l&#8217;Arquebisbat de Tarragona.<\/h4>\n<p>&nbsp;<\/p>\n<h5><a href=\"https:\/\/www.facebook.com\/story.php?story_fbid=767011132118003&amp;id=100064273706066\">Enlla\u00e7, des d&#8217;on es pot accedir a la reflexi\u00f3 del P.Agust\u00ed Borrell, en motiu de la VIII Setmana de la B\u00edblia<\/a>. Val molt la pena escoltar-ho<\/h5>\n<p>&nbsp;<\/p>\n","protected":false},"excerpt":{"rendered":"<p>&nbsp; &#8220;La VIII Setmana de la B\u00edblia torna del 21 al 27 de gener del 2024, amb el lema d\u2019aquesta edici\u00f3 \u00e9s &#8216;Manteniu-vos ferms en la meva Paraula&#8217;. Durant aquesta <a class=\"more-link\" href=\"https:\/\/assumpcio.alcover.arqtgn.cat\/?p=5757\">Continue Reading &rarr;<\/a><\/p>\n","protected":false},"author":39,"featured_media":0,"comment_status":"closed","ping_status":"closed","sticky":false,"template":"","format":"standard","meta":{"footnotes":""},"categories":[44,1],"tags":[],"class_list":["post-5757","post","type-post","status-publish","format-standard","hentry","category-calendari","category-general"],"amp_enabled":true,"_links":{"self":[{"href":"https:\/\/assumpcio.alcover.arqtgn.cat\/index.php?rest_route=\/wp\/v2\/posts\/5757","targetHints":{"allow":["GET"]}}],"collection":[{"href":"https:\/\/assumpcio.alcover.arqtgn.cat\/index.php?rest_route=\/wp\/v2\/posts"}],"about":[{"href":"https:\/\/assumpcio.alcover.arqtgn.cat\/index.php?rest_route=\/wp\/v2\/types\/post"}],"author":[{"embeddable":true,"href":"https:\/\/assumpcio.alcover.arqtgn.cat\/index.php?rest_route=\/wp\/v2\/users\/39"}],"replies":[{"embeddable":true,"href":"https:\/\/assumpcio.alcover.arqtgn.cat\/index.php?rest_route=%2Fwp%2Fv2%2Fcomments&post=5757"}],"version-history":[{"count":9,"href":"https:\/\/assumpcio.alcover.arqtgn.cat\/index.php?rest_route=\/wp\/v2\/posts\/5757\/revisions"}],"predecessor-version":[{"id":5794,"href":"https:\/\/assumpcio.alcover.arqtgn.cat\/index.php?rest_route=\/wp\/v2\/posts\/5757\/revisions\/5794"}],"wp:attachment":[{"href":"https:\/\/assumpcio.alcover.arqtgn.cat\/index.php?rest_route=%2Fwp%2Fv2%2Fmedia&parent=5757"}],"wp:term":[{"taxonomy":"category","embeddable":true,"href":"https:\/\/assumpcio.alcover.arqtgn.cat\/index.php?rest_route=%2Fwp%2Fv2%2Fcategories&post=5757"},{"taxonomy":"post_tag","embeddable":true,"href":"https:\/\/assumpcio.alcover.arqtgn.cat\/index.php?rest_route=%2Fwp%2Fv2%2Ftags&post=5757"}],"curies":[{"name":"wp","href":"https:\/\/api.w.org\/{rel}","templated":true}]}}