{"id":5783,"date":"2024-03-28T10:22:44","date_gmt":"2024-03-28T09:22:44","guid":{"rendered":"http:\/\/assumpcio.alcover.arqtgn.cat\/?p=5783"},"modified":"2024-03-28T11:34:26","modified_gmt":"2024-03-28T10:34:26","slug":"21-de-marc-de-2024-setmana-santa-a-la-unitat-pastoral-24-31-de-marc-de-2024","status":"publish","type":"post","link":"https:\/\/assumpcio.alcover.arqtgn.cat\/?p=5783","title":{"rendered":"(21-03-2024) SETMANA SANTA (24 &#8211; 31 DE MAR\u00c7 DE 2024) A LA UNITAT PASTORAL"},"content":{"rendered":"<h4><a href=\"https:\/\/assumpcio.alcover.arqtgn.cat\/wp-content\/uploads\/sites\/39\/2024\/03\/Marc-2024_Setmana-Santa.jpg\"><img fetchpriority=\"high\" decoding=\"async\" class=\"wp-image-5784 aligncenter\" src=\"https:\/\/assumpcio.alcover.arqtgn.cat\/wp-content\/uploads\/sites\/39\/2024\/03\/Marc-2024_Setmana-Santa-695x1024.jpg\" alt=\"\" width=\"727\" height=\"1066\" \/><\/a><\/h4>\n<h4 style=\"text-align: left\"><strong>DIUMENGE DE RAMS, en la Passi\u00f3 del Senyor<\/strong><\/h4>\n<h4 style=\"text-align: left;padding-left: 80px\"><span style=\"color: #ff0000\"><strong><span style=\"color: #ff0000\">Celebrem dos moments<\/span><span style=\"color: #000000\">:<\/span><\/strong><\/span><\/h4>\n<p style=\"text-align: justify;padding-left: 80px\">En el primer, la commemoraci\u00f3 de l\u2019entrada de Jes\u00fas a Jerusalem, tot el poble el lloa, per aix\u00f2 els fidels, portem els nostres rams a l\u2019Esgl\u00e9sia per a ser bene\u00efts, a signe de la vict\u00f2ria de Crist. En segon lloc, a la Missa, celebrem la passi\u00f3 del Senyor, i es llegeix tot el relat evang\u00e8lic, per recordar si seguim el seu exemple.<\/p>\n<h5 style=\"text-align: left\"><strong>DILUNS, DIMARTS I DIMECRES SANTS, <\/strong><\/h5>\n<p style=\"text-align: justify;padding-left: 80px\">pertanyen encara al temps de Quaresma i permeten reflexionar sobre la import\u00e0ncia de la Setmana Santa que arribar\u00e0 al seu punt \u00e0lgid amb el Tr\u00edduum Pasqual.<\/p>\n<h4 style=\"text-align: left\"><strong>TRIDU PASQUAL:<span style=\"color: #000000\">\u00a0<\/span><\/strong><span style=\"color: #000000\"><strong>Dijous de tarda, Divendres, Dissabte-Diumenge:<\/strong><\/span><\/h4>\n<p style=\"text-align: left;padding-left: 80px\">Per\u00edode en qu\u00e8 es commemora la passi\u00f3, mort i resurrecci\u00f3 de Jes\u00fas de Natzaret, moment central de la Setmana Santa i de l\u2019any lit\u00fargic.<\/p>\n<h4 style=\"text-align: left;padding-left: 80px\"><span style=\"font-size: 26px;color: #ff0000\"><strong style=\"font-size: 26px\">Dijous de tarda<span style=\"color: #000000\">:<\/span><\/strong><\/span><\/h4>\n<p style=\"padding-left: 80px;text-align: justify\">El Tridu Pasqual s\u2019inicia el Dijous Sant a la tarda, amb la celebraci\u00f3 de la Cena del Senyor, que ja \u00e9s simb\u00f2licament el divendres. \u00c9s un moment fonamental per als cat\u00f2lics, ja que Jes\u00fas es va quedar present en el pa i en el vi, ens va deixar el seu Cos i la seva Sang. Un altre aspecte del Dijous Sant \u00e9s el manament de l\u2019Amor que Jesucrist deixa als seus deixebles, i ho fa donant exemple al rentar els peus dels seus deixebles.<br \/>\nEl Sant\u00edssim Sagrament es porta solemnement al Monument, fins al Divendres Sant. Durant tota la nit recordem Jes\u00fas que prega a Getseman\u00ed, per aix\u00f2 els cristians ens apropem al Monument per vetllar i pregar i acompanyar Jes\u00fas.<\/p>\n<h4 style=\"text-align: left;padding-left: 80px\"><strong><span style=\"color: #ff0000\">Divendres Sant<\/span>:<\/strong><\/h4>\n<p style=\"padding-left: 80px;text-align: justify\">\u00a0Aquest dia es recorda la Passi\u00f3 i Mort del Senyor. \u00c9s l\u2019\u00fanic dia de l\u2019any que no hi ha Missa. En la celebraci\u00f3 es proclama el relat de la Passi\u00f3, s\u2019adora solemnement la Creu i es combrega, de l\u2019Eucaristia del Dijous Sant. \u00c9s un dia per fer silenci i contemplar l\u2019amor de Crist que es va lliurar fins a l\u2019extrem. Aquest dia tamb\u00e9 es realitza el \u201cVia Crucis\u201c, 14 moments des que Jes\u00fas va ser condemnat a mort fins a la seva sepultura. Avui \u00e9s un dia, doncs, per refermar la nostra adhesi\u00f3 al cam\u00ed de Jes\u00fas, el nostre convenciment que nom\u00e9s en ell trobem la salvaci\u00f3, i la nostra solidaritat amb tots els dolors que tants homes i dones pateixen en aquest m\u00f3n nostre. La Process\u00f3 del Sant Enterrament \u00e9s una pedagogia del dol col.lectiu des del silenci davant la mort.<\/p>\n<h4 style=\"text-align: left;padding-left: 80px\"><span style=\"color: #ff0000\"><strong>Dissabte Sant<\/strong><\/span>:<\/h4>\n<p style=\"padding-left: 80px;text-align: justify\">\u00c9s el dia que Jes\u00fas va estar mort al sepulcre. Durant el mat\u00ed molta gent va en silenci a resar a les esgl\u00e9sia per acompanyar Maria en la seva soledat i tristesa, i tamb\u00e9 en la seva esperan\u00e7a en la Resurrecci\u00f3 del seu Fill.<\/p>\n<h4><strong>PASQUA:<\/strong><\/h4>\n<h3 style=\"text-align: left;padding-left: 80px\"><strong><span style=\"color: #ff0000\">Vetlla Pasqual: <\/span><\/strong><span style=\"color: #ff0000\">La nit del Dissabte Sant, ja al Diumenge -Pasqua-<\/span><\/h3>\n<p style=\"padding-left: 80px;text-align: justify\">Se celebra la Resurrecci\u00f3 de Jes\u00fas, en la Vetlla Pasqual, la nit m\u00e9s important de tot l\u2019any. La Vetlla Pasqual comen\u00e7a amb la benedicci\u00f3 i encesa del Ciri Pasqual, s\u00edmbol de la Llum de Crist Ressuscitat, que ha il\u00b7luminat tota la hist\u00f2ria. I a la seva llum es llegeixen els grans moments de la hist\u00f2ria de la Salvaci\u00f3, com D\u00e9u ha fet grans meravelles, fins arribar a la m\u00e9s inaudita, la Resurrecci\u00f3 del seu Fill. Despr\u00e9s sota aquesta Llum Pasqual els cristians renovem les promeses del nostre baptisme i celebrem l\u2019Eucaristia per rebre a Jes\u00fas Ressuscitat, el Pa viu baixat del cel per donar vida al m\u00f3n. Aquesta \u00e9s la Festa m\u00e9s important dels cristians.<\/p>\n<h4 style=\"text-align: left\"><strong>Comen\u00e7a el TEMPS PASQUAL<\/strong>, cinquanta dies, fins a la Pentecosta\u201d.<\/h4>\n<p style=\"text-align: right\"><em>Refer\u00e8ncies a \u201cCalendari-directori de l\u2019any l\u00edt\u00fargic, 2024\u201d\/ Fundaci\u00f3 Pere Farn\u00e9s, i a web de pastoral<\/em><\/p>\n","protected":false},"excerpt":{"rendered":"<p>DIUMENGE DE RAMS, en la Passi\u00f3 del Senyor Celebrem dos moments: En el primer, la commemoraci\u00f3 de l\u2019entrada de Jes\u00fas a Jerusalem, tot el poble el lloa, per aix\u00f2 els <a class=\"more-link\" href=\"https:\/\/assumpcio.alcover.arqtgn.cat\/?p=5783\">Continue Reading &rarr;<\/a><\/p>\n","protected":false},"author":39,"featured_media":0,"comment_status":"closed","ping_status":"closed","sticky":false,"template":"","format":"standard","meta":{"footnotes":""},"categories":[44,1],"tags":[],"class_list":["post-5783","post","type-post","status-publish","format-standard","hentry","category-calendari","category-general"],"amp_enabled":true,"_links":{"self":[{"href":"https:\/\/assumpcio.alcover.arqtgn.cat\/index.php?rest_route=\/wp\/v2\/posts\/5783","targetHints":{"allow":["GET"]}}],"collection":[{"href":"https:\/\/assumpcio.alcover.arqtgn.cat\/index.php?rest_route=\/wp\/v2\/posts"}],"about":[{"href":"https:\/\/assumpcio.alcover.arqtgn.cat\/index.php?rest_route=\/wp\/v2\/types\/post"}],"author":[{"embeddable":true,"href":"https:\/\/assumpcio.alcover.arqtgn.cat\/index.php?rest_route=\/wp\/v2\/users\/39"}],"replies":[{"embeddable":true,"href":"https:\/\/assumpcio.alcover.arqtgn.cat\/index.php?rest_route=%2Fwp%2Fv2%2Fcomments&post=5783"}],"version-history":[{"count":8,"href":"https:\/\/assumpcio.alcover.arqtgn.cat\/index.php?rest_route=\/wp\/v2\/posts\/5783\/revisions"}],"predecessor-version":[{"id":5793,"href":"https:\/\/assumpcio.alcover.arqtgn.cat\/index.php?rest_route=\/wp\/v2\/posts\/5783\/revisions\/5793"}],"wp:attachment":[{"href":"https:\/\/assumpcio.alcover.arqtgn.cat\/index.php?rest_route=%2Fwp%2Fv2%2Fmedia&parent=5783"}],"wp:term":[{"taxonomy":"category","embeddable":true,"href":"https:\/\/assumpcio.alcover.arqtgn.cat\/index.php?rest_route=%2Fwp%2Fv2%2Fcategories&post=5783"},{"taxonomy":"post_tag","embeddable":true,"href":"https:\/\/assumpcio.alcover.arqtgn.cat\/index.php?rest_route=%2Fwp%2Fv2%2Ftags&post=5783"}],"curies":[{"name":"wp","href":"https:\/\/api.w.org\/{rel}","templated":true}]}}