{"id":5797,"date":"2024-05-02T10:41:20","date_gmt":"2024-05-02T08:41:20","guid":{"rendered":"http:\/\/assumpcio.alcover.arqtgn.cat\/?p=5797"},"modified":"2024-05-03T10:23:45","modified_gmt":"2024-05-03T08:23:45","slug":"05-05-2024-sise-diumenge-de-pasqua-pasqua-de-la-salut-pasqua-del-malalt-celebracio-del-sagrament-de-la-uncio","status":"publish","type":"post","link":"https:\/\/assumpcio.alcover.arqtgn.cat\/?p=5797","title":{"rendered":"05-05-2024:  \u201cSis\u00e8 diumenge de Pasqua: \u00abPasqua de la salut\u00bb\u201d, Pasqua del malalt. Celebraci\u00f3 del Sagrament de la Unci\u00f3"},"content":{"rendered":"<p style=\"text-align: justify\">5 de maig de 2024, VI Diumenge de Pasqua: \u201cla Pasqua de la salut\u201d, Pasqua del malalt. Enguany el diumenge 5 de maig. Amb el lema &#8220;\u00abNO \u00c9S BO QUE L\u2019HOME ESTIGUI SOL<span style=\"font-family: Arial, Helvetica, sans-serif;font-size: 16px;font-style: normal;font-weight: 300\">\u00bb<\/span><span style=\"font-size: 16px;font-weight: 300\">.(Gen 2,18) \/ CUIDAR ELS <a href=\"https:\/\/assumpcio.alcover.arqtgn.cat\/wp-content\/uploads\/sites\/39\/2024\/05\/Uncio-comunitaria.2024.jpg\"><img fetchpriority=\"high\" decoding=\"async\" class=\"wp-image-5798 alignleft\" src=\"https:\/\/assumpcio.alcover.arqtgn.cat\/wp-content\/uploads\/sites\/39\/2024\/05\/Uncio-comunitaria.2024-667x1024.jpg\" alt=\"\" width=\"349\" height=\"531\" \/><\/a>MALALTS TENINT CURA DE LES RELACIONS<\/span><span style=\"font-size: 16px;font-weight: 300\">\u201d. Valorem l\u2019atenci\u00f3, l\u2019acompanyament i el comprom\u00eds a favor de la salut i el respecte de tantes persones, fent costat a les persones malaltes o\u00a0 ja en la vellesa i a les sevs fam\u00edlies. Val a dir que s\u00f3n dos els dies que, en CAMPANYA d\u2019accions i pedagogia a l\u2019Esgl\u00e9sia cuidem motivar-nos per al que suposa la \u201cPastoral de la salut\u201d: l\u201911 de febrer, festa de la Mare de D\u00e9u de Lourdes: \u201cel Dia mundial\u201d, en el temps pasqual, el VI Diumenge de Pasqua.<\/span><\/p>\n<p style=\"text-align: justify\">A l\u2019Eucaristia dominical, de les parr\u00f2quies que integren la Unitat Pastoral (a Alcover, a l&#8217;Eucaristia de la vig\u00edlia, el dissabte, 4 de maig) les persones que han manifestat voler rebre el SAGRAMENT DE LA UNCI\u00d3, i qui no li sigui possible assistir-hi, durant la setmana, al seu domicili. Ho celebrarem trobant-nos amb qui \u00e9s l&#8217;Amor que ens urgeix i ens cal&#8221; (2 Cor 5,14). En donem gr\u00e0cies a D\u00e9u i hi pensem des de reflexions del Papa Francesc, l&#8217;11 de febrer de 2024, en el seu Missatge per a la 32a Jornada Mundial del Malalt.<\/p>\n<p style=\"text-align: justify\">El Sagrament de la Unci\u00f3, una mirada cap a l\u2019experi\u00e8ncia de la malaltia i de el sofriment, la vulnerabilitat i les limitacions des de lla miseric\u00f2rdia de D\u00e9u:<\/p>\n<p style=\"text-align: justify\">&#8220;Una icona icona b\u00edblica que expressa en tota la seva profunditat el misteri que s\u2019entreveu en la unci\u00f3 dels: \u00e9s la par\u00e0bola de el bon samarit\u00e0, en l\u2019evangeli de Lluc (Lc 10,30-35). Cada vegada que celebrem aquest sagrament, el Senyor Jes\u00fas, en la persona del prevere, s\u2019acosta a la persona que pateix i a qui est\u00e0 greument malalt, o a la gent gran.<\/p>\n<p style=\"text-align: justify\">La par\u00e0bola diu que el bon samarit\u00e0 t\u00e9 cura de l\u2019home sofrent, li va amorosir les ferides amb oli i vi. L\u2019oli ens fa pensar en aquell oli que \u00e9s bene\u00eft pel Bisbe cada any, a la Missa Crismal, justament per ser administrat en la Unci\u00f3 dels malalts. El vi, en canvi, \u00e9s signe de l\u2019amor i de la gr\u00e0cia de Crist que brollen de el do de la seva vida per nosaltres i que s\u2019expressen en tota la seva riquesa en la vida sacramental de l\u2019Esgl\u00e9sia.<\/p>\n<p style=\"text-align: justify\">Finalment, la persona que pateix \u00e9s confiada a l\u2019encarregat de l\u2019alberg perqu\u00e8 pugui continuar tenint cura d\u2019ella, sense considerar les despeses. Llavors, qui \u00e9s aquest encarregat l\u2019alberg?<a href=\"https:\/\/assumpcio.alcover.arqtgn.cat\/wp-content\/uploads\/sites\/39\/2024\/05\/Imatge-Bon-Samarita.jpg\"><img decoding=\"async\" class=\"wp-image-5799 alignright\" src=\"https:\/\/assumpcio.alcover.arqtgn.cat\/wp-content\/uploads\/sites\/39\/2024\/05\/Imatge-Bon-Samarita.jpg\" alt=\"\" width=\"204\" height=\"315\" \/><\/a> \u00c9s l\u2019Esgl\u00e9sia, la comunitat cristiana, som nosaltres, als quals cada dia el Senyor Jes\u00fas ens confia a aquells que estan afligits, en el cos i en l\u2019esperit, perqu\u00e8 puguem continuar vessant sobre ells, sense mesura, tota la seva miseric\u00f2rdia i la seva salvaci\u00f3.<\/p>\n<p style=\"text-align: justify\">Jes\u00fas, de fet, ha ensenyat als seus deixebles a tenir la seva mateixa predilecci\u00f3 pel malalts i pels sofrents i els ha transm\u00e8s la capacitat i el deure de continuar vessant, en el seu nom i segons el seu cor, alleujament i pau, mitjan\u00e7ant aquest Sagrament\u201c.<\/p>\n<p style=\"text-align: justify\">Que la campanya d\u2019enguany sigui, una vegada m\u00e9s, oportunitat per tal que des del Servei parroquial\/ i a la Unitat Pastoral, creixem en el testimoni i el comprom\u00eds, fidels a l\u2019Evangeli.<\/p>\n<p style=\"text-align: justify\">Per ampliar aquesta informaci\u00f3:<\/p>\n<p style=\"text-align: justify\"><a href=\"https:\/\/www.arquebisbattarragona.cat\/wp-content\/uploads\/2024\/04\/papa-malalt-2024.pdf\">Missatge del Papa Francesc per la 29a Jornada Mundial del Malalt (11 de febrer de 2024)<\/a>:&#8221;\u00abNO \u00c9S BO QUE L\u2019HOME ESTIGUI SOL\u00bb.(Gen 2,18) \/ CUIDAR ELS MALALTS TENINT CURA DE LES RELACIONS\u201d<\/p>\n<p style=\"text-align: justify\"><a href=\"https:\/\/www.facebook.com\/pastoralsalut\/\">Delegaci\u00f3 diocesana de PASTORAL DE LA SALUT, Arquebisbat de Tarragona<\/a>.<\/p>\n","protected":false},"excerpt":{"rendered":"<p>5 de maig de 2024, VI Diumenge de Pasqua: \u201cla Pasqua de la salut\u201d, Pasqua del malalt. Enguany el diumenge 5 de maig. Amb el lema &#8220;\u00abNO \u00c9S BO QUE <a class=\"more-link\" href=\"https:\/\/assumpcio.alcover.arqtgn.cat\/?p=5797\">Continue Reading &rarr;<\/a><\/p>\n","protected":false},"author":39,"featured_media":0,"comment_status":"closed","ping_status":"closed","sticky":false,"template":"","format":"standard","meta":{"footnotes":""},"categories":[44,1],"tags":[],"class_list":["post-5797","post","type-post","status-publish","format-standard","hentry","category-calendari","category-general"],"amp_enabled":true,"_links":{"self":[{"href":"https:\/\/assumpcio.alcover.arqtgn.cat\/index.php?rest_route=\/wp\/v2\/posts\/5797","targetHints":{"allow":["GET"]}}],"collection":[{"href":"https:\/\/assumpcio.alcover.arqtgn.cat\/index.php?rest_route=\/wp\/v2\/posts"}],"about":[{"href":"https:\/\/assumpcio.alcover.arqtgn.cat\/index.php?rest_route=\/wp\/v2\/types\/post"}],"author":[{"embeddable":true,"href":"https:\/\/assumpcio.alcover.arqtgn.cat\/index.php?rest_route=\/wp\/v2\/users\/39"}],"replies":[{"embeddable":true,"href":"https:\/\/assumpcio.alcover.arqtgn.cat\/index.php?rest_route=%2Fwp%2Fv2%2Fcomments&post=5797"}],"version-history":[{"count":9,"href":"https:\/\/assumpcio.alcover.arqtgn.cat\/index.php?rest_route=\/wp\/v2\/posts\/5797\/revisions"}],"predecessor-version":[{"id":5809,"href":"https:\/\/assumpcio.alcover.arqtgn.cat\/index.php?rest_route=\/wp\/v2\/posts\/5797\/revisions\/5809"}],"wp:attachment":[{"href":"https:\/\/assumpcio.alcover.arqtgn.cat\/index.php?rest_route=%2Fwp%2Fv2%2Fmedia&parent=5797"}],"wp:term":[{"taxonomy":"category","embeddable":true,"href":"https:\/\/assumpcio.alcover.arqtgn.cat\/index.php?rest_route=%2Fwp%2Fv2%2Fcategories&post=5797"},{"taxonomy":"post_tag","embeddable":true,"href":"https:\/\/assumpcio.alcover.arqtgn.cat\/index.php?rest_route=%2Fwp%2Fv2%2Ftags&post=5797"}],"curies":[{"name":"wp","href":"https:\/\/api.w.org\/{rel}","templated":true}]}}