{"id":5810,"date":"2024-05-03T11:48:07","date_gmt":"2024-05-03T09:48:07","guid":{"rendered":"http:\/\/assumpcio.alcover.arqtgn.cat\/?p=5810"},"modified":"2024-05-03T19:39:22","modified_gmt":"2024-05-03T17:39:22","slug":"12-05-2024-la-xxi-festa-en-el-2n-diumenge-de-maig-a-la-mare-de-deu-del-remei","status":"publish","type":"post","link":"https:\/\/assumpcio.alcover.arqtgn.cat\/?p=5810","title":{"rendered":"12-05-2024: la XXI festa, en el 2n diumenge de maig, a la Mare de D\u00e9u del Remei"},"content":{"rendered":"<h5 style=\"text-align: left\">El diumenge, 12 de maig de 2024, celebrarem \u201c<span style=\"color: #ff0000\">la XXI festa, en el 2n diumenge de maig, a la Mare de D\u00e9u del Remei<\/span>\u201d, festa<a href=\"https:\/\/assumpcio.alcover.arqtgn.cat\/wp-content\/uploads\/sites\/39\/2024\/05\/Cartell-Mare-de-Deu-del-Remei-2024.jpg\"><img fetchpriority=\"high\" decoding=\"async\" class=\"wp-image-5813 alignright\" src=\"https:\/\/assumpcio.alcover.arqtgn.cat\/wp-content\/uploads\/sites\/39\/2024\/05\/Cartell-Mare-de-Deu-del-Remei-2024-709x1024.jpg\" alt=\"\" width=\"426\" height=\"609\" \/><\/a> de venerada i tendra tradici\u00f3 que acompanya el constant peregrinar personal i comunitari a l\u2019Ermita.<br \/>\nLa festa ajuda a veure\u2019ns \u201cfent cam\u00ed\u201d i comprendre\u2019ns en \u201cpelegrinatge interior\u201d, prop de Maria, la Mare del Remei: \u201cvisita espiritual\u201d a l\u2019Ermita i, amb Maria, prop de Je\u00fas. La Imatge \u00e9s preciosa, amb els ulls vibrants,\u00a0 de cervatell. Com ho descriu Mn. Joan Roig en els Goigs: &#8220;Representa la Noia de Natzaret contenta amb el Fill, amb els bra\u00e7os arromangats per al treball, talment una ve\u00efna m\u00e9s del poble. \u00c9s la dona amatent per a servir. \u00c9s pura disponibilitat&#8221;.<\/h5>\n<h5 style=\"text-align: left\">&#8220;<em>Generaci\u00f3 rere generaci\u00f3 els cristians, homes i dones, d\u2019Alcover i &#8220;els seus voltants&#8221; (<\/em><strong>avui, en la Unitat Pastoral<\/strong><em>) l\u2019han venerat i quan es celebren les Decennals l\u2019acaronen pregant per ells i pels seus fills<\/em>\u201d (<a href=\"https:\/\/www.arquebisbattarragona.cat\/2020\/03\/25\/nove-dia-invoquem-maria-venerada-a-lermita-del-remei-a-alcover\/\">Arquebisbat de Tarragona, visites espirituals a la Mare de D\u00e9u, nov\u00e8 dia<\/a>).<\/h5>\n<h5 style=\"text-align: left\"><\/h5>\n<h5 style=\"text-align: left\">El dia 12 de maig ens hi trobarem, hi serem, i davant la Mare de D\u00e9u, en preg\u00e0ria confiada, ens hi adre\u00e7arem dient que proveeixi d\u2019esperan\u00e7a el seu poble, Ella que \u00e9s Mare de D\u00e9u del Remei.<\/h5>\n<div id=\"attachment_5811\" style=\"width: 401px\" class=\"wp-caption aligncenter\"><a href=\"https:\/\/assumpcio.alcover.arqtgn.cat\/wp-content\/uploads\/sites\/39\/2024\/05\/Mare-de-Deu-del-Remei-1.jpg\"><img decoding=\"async\" aria-describedby=\"caption-attachment-5811\" class=\"wp-image-5811\" src=\"https:\/\/assumpcio.alcover.arqtgn.cat\/wp-content\/uploads\/sites\/39\/2024\/05\/Mare-de-Deu-del-Remei-1.jpg\" alt=\"\" width=\"391\" height=\"519\" \/><\/a><p id=\"caption-attachment-5811\" class=\"wp-caption-text\">Puix que sou la nostra Estel\u00b7la\/\u00a0 Verge Santa del Remei.\/\u00a0 Protegiu aquesta terra\/\u00a0 que \u00e9s cam\u00ed per pujar al cel. \/\/\u00a0 \u00a0Alcover \u00e9s una gran vila\/ on el vostre cor hi \u00e9s niu.\/\u00a0 Guardeu-nos Verge Maria en treballs i en el perill.\/\u00a0 Tota aquesta nostra serra\/\u00a0 \u00e9s coberta amb blau mantell.<\/p><\/div>\n<div id=\"attachment_5823\" style=\"width: 299px\" class=\"wp-caption aligncenter\"><a href=\"https:\/\/assumpcio.alcover.arqtgn.cat\/wp-content\/uploads\/sites\/39\/2024\/05\/Mare-de-Deu-del-Remei-2023_5.jpg\"><img decoding=\"async\" aria-describedby=\"caption-attachment-5823\" class=\"wp-image-5823\" src=\"https:\/\/assumpcio.alcover.arqtgn.cat\/wp-content\/uploads\/sites\/39\/2024\/05\/Mare-de-Deu-del-Remei-2023_5.jpg\" alt=\"\" width=\"289\" height=\"385\" srcset=\"https:\/\/assumpcio.alcover.arqtgn.cat\/wp-content\/uploads\/sites\/39\/2024\/05\/Mare-de-Deu-del-Remei-2023_5.jpg 768w, https:\/\/assumpcio.alcover.arqtgn.cat\/wp-content\/uploads\/sites\/39\/2024\/05\/Mare-de-Deu-del-Remei-2023_5-225x300.jpg 225w\" sizes=\"(max-width: 289px) 100vw, 289px\" \/><\/a><p id=\"caption-attachment-5823\" class=\"wp-caption-text\">14-05-2023<\/p><\/div>\n<div id=\"attachment_5815\" style=\"width: 460px\" class=\"wp-caption aligncenter\"><a href=\"https:\/\/assumpcio.alcover.arqtgn.cat\/wp-content\/uploads\/sites\/39\/2024\/05\/Mare-de-Deu-del-Remei-2023_3.jpg\"><img loading=\"lazy\" decoding=\"async\" aria-describedby=\"caption-attachment-5815\" class=\"wp-image-5815\" src=\"https:\/\/assumpcio.alcover.arqtgn.cat\/wp-content\/uploads\/sites\/39\/2024\/05\/Mare-de-Deu-del-Remei-2023_3.jpg\" alt=\"\" width=\"450\" height=\"339\" srcset=\"https:\/\/assumpcio.alcover.arqtgn.cat\/wp-content\/uploads\/sites\/39\/2024\/05\/Mare-de-Deu-del-Remei-2023_3.jpg 1024w, https:\/\/assumpcio.alcover.arqtgn.cat\/wp-content\/uploads\/sites\/39\/2024\/05\/Mare-de-Deu-del-Remei-2023_3-300x225.jpg 300w, https:\/\/assumpcio.alcover.arqtgn.cat\/wp-content\/uploads\/sites\/39\/2024\/05\/Mare-de-Deu-del-Remei-2023_3-768x576.jpg 768w\" sizes=\"(max-width: 450px) 100vw, 450px\" \/><\/a><p id=\"caption-attachment-5815\" class=\"wp-caption-text\">14-05-2023<\/p><\/div>\n<h5><\/h5>\n<h5>Per ampliar informaci\u00f3:<a href=\"https:\/\/www.arquebisbattarragona.cat\/2020\/03\/25\/nove-dia-invoquem-maria-venerada-a-lermita-del-remei-a-alcover\/\"> Web de l&#8217;Arquebisbat de Tarrag<\/a><a href=\"https:\/\/www.arquebisbattarragona.cat\/2020\/03\/25\/nove-dia-invoquem-maria-venerada-a-lermita-del-remei-a-alcover\/\">ona<\/a><\/h5>\n","protected":false},"excerpt":{"rendered":"<p>El diumenge, 12 de maig de 2024, celebrarem \u201cla XXI festa, en el 2n diumenge de maig, a la Mare de D\u00e9u del Remei\u201d, festa de venerada i tendra tradici\u00f3 <a class=\"more-link\" href=\"https:\/\/assumpcio.alcover.arqtgn.cat\/?p=5810\">Continue Reading &rarr;<\/a><\/p>\n","protected":false},"author":39,"featured_media":0,"comment_status":"closed","ping_status":"closed","sticky":false,"template":"","format":"standard","meta":{"footnotes":""},"categories":[44,1],"tags":[],"class_list":["post-5810","post","type-post","status-publish","format-standard","hentry","category-calendari","category-general"],"amp_enabled":true,"_links":{"self":[{"href":"https:\/\/assumpcio.alcover.arqtgn.cat\/index.php?rest_route=\/wp\/v2\/posts\/5810","targetHints":{"allow":["GET"]}}],"collection":[{"href":"https:\/\/assumpcio.alcover.arqtgn.cat\/index.php?rest_route=\/wp\/v2\/posts"}],"about":[{"href":"https:\/\/assumpcio.alcover.arqtgn.cat\/index.php?rest_route=\/wp\/v2\/types\/post"}],"author":[{"embeddable":true,"href":"https:\/\/assumpcio.alcover.arqtgn.cat\/index.php?rest_route=\/wp\/v2\/users\/39"}],"replies":[{"embeddable":true,"href":"https:\/\/assumpcio.alcover.arqtgn.cat\/index.php?rest_route=%2Fwp%2Fv2%2Fcomments&post=5810"}],"version-history":[{"count":26,"href":"https:\/\/assumpcio.alcover.arqtgn.cat\/index.php?rest_route=\/wp\/v2\/posts\/5810\/revisions"}],"predecessor-version":[{"id":5848,"href":"https:\/\/assumpcio.alcover.arqtgn.cat\/index.php?rest_route=\/wp\/v2\/posts\/5810\/revisions\/5848"}],"wp:attachment":[{"href":"https:\/\/assumpcio.alcover.arqtgn.cat\/index.php?rest_route=%2Fwp%2Fv2%2Fmedia&parent=5810"}],"wp:term":[{"taxonomy":"category","embeddable":true,"href":"https:\/\/assumpcio.alcover.arqtgn.cat\/index.php?rest_route=%2Fwp%2Fv2%2Fcategories&post=5810"},{"taxonomy":"post_tag","embeddable":true,"href":"https:\/\/assumpcio.alcover.arqtgn.cat\/index.php?rest_route=%2Fwp%2Fv2%2Ftags&post=5810"}],"curies":[{"name":"wp","href":"https:\/\/api.w.org\/{rel}","templated":true}]}}