{"id":5851,"date":"2024-05-11T18:18:25","date_gmt":"2024-05-11T16:18:25","guid":{"rendered":"http:\/\/assumpcio.alcover.arqtgn.cat\/?p=5851"},"modified":"2024-05-11T18:18:25","modified_gmt":"2024-05-11T16:18:25","slug":"11-05-24-a-casa-aprenem-a-camminar-carta-per-a-tu-que-aquest-any-celebres-la-teva-primera-comunio","status":"publish","type":"post","link":"https:\/\/assumpcio.alcover.arqtgn.cat\/?p=5851","title":{"rendered":"(11-05-24):  &#8220;A casa, aprenem a camminar&#8221;:  Carta per a tu, que aquest any celebres la teva Primera Comuni\u00f3."},"content":{"rendered":"<p style=\"text-align: justify\"><a href=\"https:\/\/assumpcio.alcover.arqtgn.cat\/wp-content\/uploads\/sites\/39\/2024\/05\/Eucaristia-1.jpg\"><img fetchpriority=\"high\" decoding=\"async\" class=\"wp-image-5852 alignleft\" src=\"https:\/\/assumpcio.alcover.arqtgn.cat\/wp-content\/uploads\/sites\/39\/2024\/05\/Eucaristia-1.jpg\" alt=\"\" width=\"438\" height=\"257\" \/><\/a>Benvolgu\/ Benvolguda,. que ets a la catequesi parroquial.<\/p>\n<p style=\"text-align: justify\">D\u00e9u vos guard!<\/p>\n<p style=\"text-align: justify\">Com est\u00e0s?<\/p>\n<p style=\"text-align: justify\">Potser et sorprendr\u00e0 que t&#8217;escrigui una carta, m&#8217;ha semblat que celebrar la primera comuni\u00f3 \u00e9s un bon motiu,. Comen\u00e7a per a tu una etapa important en la teva vida, on Jes\u00fas hi \u00e9s molt a prop, tant com tu vulguis. <span style=\"color: #ff0000\"><strong>Si la llegeixes i comentes a casa (<em>amb el pare o la mare, l&#8217;avi o l&#8217;\u00e0via o el teu padr\u00ed o la teva padrina<\/em>) t&#8217;ajudar\u00e0 per preparar-te, si vols, tamb\u00e9, pots fer-ho amb la catequsta o amb mi, ja saps on trobar-me<\/strong><\/span><span style=\"color: #000000\">.<\/span><\/p>\n<p style=\"text-align: justify\"><strong>Tot va comen\u00e7ar fa anys, quan el teu pare i la teva mare van confiar en D\u00e9u<\/strong>, formant una fam\u00edlia, \u00e9s on tu vas n\u00e9ixer i hi vas aprendre a caminar i, tamb\u00e9, les teves primeres oracions, segurament, quan encara no sabies parlar, per exemple quan et van portar a la celebraci\u00f3 del Diumenge de Rams, quan has mirat les fotografies el teu bateig i has vist que anaves fent-te gran, tamb\u00e9 quan has escoltat els comentaris del teu pare i de la teva mare, dels avis i \u00e0vies. A poc a poc, t\u2019has fet gran, com el nen Jes\u00fas: \u201cen saviesa, estatura i gr\u00e0cia de D\u00e9u\u201d (Lluc 2, 52).<\/p>\n<p style=\"text-align: justify\">Ara, fa dos anys! <strong>Va ser el moment de preparar-te d&#8217;una manera m\u00e9s intensa per rebre per primera vegada Jes\u00fas<\/strong>, acollir-lo en el teu cor.<a href=\"https:\/\/assumpcio.alcover.arqtgn.cat\/wp-content\/uploads\/sites\/39\/2024\/05\/Eucaristia-2.jpg\"><img decoding=\"async\" class=\"wp-image-5853 alignright\" src=\"https:\/\/assumpcio.alcover.arqtgn.cat\/wp-content\/uploads\/sites\/39\/2024\/05\/Eucaristia-2.jpg\" alt=\"\" width=\"337\" height=\"254\" \/><\/a><br \/>\nA la Parr\u00f2quia t\u2019hi esperaven, les catequistes, amb Mn.Victor, Mn.Dami\u00e0 i Mn.Pere Joan, tenien ganes de ser m\u00e9s a prop teu. Cada setmana, amb tots els nens i nenes dels grups, s\u2019ha cuidat el tracte simp\u00e0tic, la preg\u00e0ria i fets de la vida de Jes\u00fas, per ajudar-te a que l\u2019estimis.<br \/>\nJo no et vaig con\u00e8ixer fins m\u00e9s tard, ja havia passat un any, en dono gr\u00e0cies.<br \/>\nHem vist qu\u00e8 \u00e9s el que hem de fer per assemblar-nos m\u00e9s a Jes\u00fas, tamb\u00e9 la import\u00e0ncia que t\u00e9 la Missa i que l&#8217;\u00fanic i fonamental del dia de la teva Comuni\u00f3 \u00e9s rebre Jes\u00fas. Tota la resta es passa i s&#8217;acaba, per\u00f2 Jes\u00fas sempre es queda a prop, \u00e9s l&#8217;amic que t&#8217;escolta cada dia i que se\u2019t dona com aliment. <strong>No t&#8217;oblidis d&#8217;Ell.<\/strong><\/p>\n<p style=\"text-align: justify\"><strong>Comparteix amb els altres tot all\u00f2 que D\u00e9u t&#8217;ha donat<\/strong>, especialment amb qui tinguis al costat, que sempre vegin en tu un model. Ofereix-los el teu amor, tu ho saps fer. Continua fixant-te en qui t\u00e9 necessitat i pots ajudar, i cuida el regal que D\u00e9u t&#8217;ha donat.<\/p>\n<p style=\"text-align: justify\"><a href=\"https:\/\/assumpcio.alcover.arqtgn.cat\/wp-content\/uploads\/sites\/39\/2024\/05\/Remei.jpg\"><img decoding=\"async\" class=\"wp-image-5854 alignleft\" src=\"https:\/\/assumpcio.alcover.arqtgn.cat\/wp-content\/uploads\/sites\/39\/2024\/05\/Remei.jpg\" alt=\"\" width=\"288\" height=\"423\" \/><\/a>La Comuni\u00f3, la primera vegada, <strong>\u00e9s un pas que fas en la teva vida cristiana. Que sigui el primer d&#8217;un llarg cam\u00ed<\/strong> on sempre hi haur\u00e0 un exemple que, a trav\u00e9s de qui t\u2019estima, anir\u00e0s descobrint: el de Jes\u00fas.<\/p>\n<p>Amb aquest curs s&#8217;acaba la primera etapa de la INICIACI\u00d3 CRISTIANA, <strong>hauries de preveure seguir al GRUP que cuida preparar-se per celebrar la CONFIRMACI\u00d3,<\/strong> i arrodonir la teva iniciaci\u00f3 cristiana (Recorda que, aquest any \u00e9s celebra el 8 de juny, a les 19:00 h., \u00a1t&#8217;hi espero!, i aqix\u00ed, ho veur\u00e0s de molt a prop)..<\/p>\n<p>Una \u00faltima cosa, <strong>estima la Mare de D\u00e9u<\/strong>, recorda que a la trobada del dia 15 d\u2019abril, a l\u2019Ermita de la Mare de D\u00e9u del Remei, li res\u00e0vem a Jes\u00fas \u201cQueda`t amb nosaltres\u201d, la Mare de D\u00e9u \u00e9s qui m\u00e9s ajuda per voler que Jes\u00fas es quedi amb tu, estima la Mare de D\u00e9u.<\/p>\n<p style=\"text-align: justify\">Moltes felicitats i una molt feli\u00e7 celebraci\u00f3.<\/p>\n<p style=\"text-align: justify\">Moss\u00e8n Joan Anton<\/p>\n","protected":false},"excerpt":{"rendered":"<p>Benvolgu\/ Benvolguda,. que ets a la catequesi parroquial. D\u00e9u vos guard! Com est\u00e0s? Potser et sorprendr\u00e0 que t&#8217;escrigui una carta, m&#8217;ha semblat que celebrar la primera comuni\u00f3 \u00e9s un bon <a class=\"more-link\" href=\"https:\/\/assumpcio.alcover.arqtgn.cat\/?p=5851\">Continue Reading &rarr;<\/a><\/p>\n","protected":false},"author":39,"featured_media":0,"comment_status":"closed","ping_status":"closed","sticky":false,"template":"","format":"standard","meta":{"footnotes":""},"categories":[44,1,64],"tags":[],"class_list":["post-5851","post","type-post","status-publish","format-standard","hentry","category-calendari","category-general","category-rector-joan-anton"],"amp_enabled":true,"_links":{"self":[{"href":"https:\/\/assumpcio.alcover.arqtgn.cat\/index.php?rest_route=\/wp\/v2\/posts\/5851","targetHints":{"allow":["GET"]}}],"collection":[{"href":"https:\/\/assumpcio.alcover.arqtgn.cat\/index.php?rest_route=\/wp\/v2\/posts"}],"about":[{"href":"https:\/\/assumpcio.alcover.arqtgn.cat\/index.php?rest_route=\/wp\/v2\/types\/post"}],"author":[{"embeddable":true,"href":"https:\/\/assumpcio.alcover.arqtgn.cat\/index.php?rest_route=\/wp\/v2\/users\/39"}],"replies":[{"embeddable":true,"href":"https:\/\/assumpcio.alcover.arqtgn.cat\/index.php?rest_route=%2Fwp%2Fv2%2Fcomments&post=5851"}],"version-history":[{"count":8,"href":"https:\/\/assumpcio.alcover.arqtgn.cat\/index.php?rest_route=\/wp\/v2\/posts\/5851\/revisions"}],"predecessor-version":[{"id":5862,"href":"https:\/\/assumpcio.alcover.arqtgn.cat\/index.php?rest_route=\/wp\/v2\/posts\/5851\/revisions\/5862"}],"wp:attachment":[{"href":"https:\/\/assumpcio.alcover.arqtgn.cat\/index.php?rest_route=%2Fwp%2Fv2%2Fmedia&parent=5851"}],"wp:term":[{"taxonomy":"category","embeddable":true,"href":"https:\/\/assumpcio.alcover.arqtgn.cat\/index.php?rest_route=%2Fwp%2Fv2%2Fcategories&post=5851"},{"taxonomy":"post_tag","embeddable":true,"href":"https:\/\/assumpcio.alcover.arqtgn.cat\/index.php?rest_route=%2Fwp%2Fv2%2Ftags&post=5851"}],"curies":[{"name":"wp","href":"https:\/\/api.w.org\/{rel}","templated":true}]}}