{"id":5865,"date":"2024-05-24T12:48:03","date_gmt":"2024-05-24T10:48:03","guid":{"rendered":"https:\/\/assumpcio.alcover.arqtgn.cat\/?p=5865"},"modified":"2024-05-25T21:11:26","modified_gmt":"2024-05-25T19:11:26","slug":"02-06-24-corpus-christi-alla-on-ens-necessites-obrim-cami-a-lesperanca-campanya-de-caritas-corpus-2024","status":"publish","type":"post","link":"https:\/\/assumpcio.alcover.arqtgn.cat\/?p=5865","title":{"rendered":"02-06-24: CORPUS CHRISTI: \u201cAll\u00e0 on ens necessites. Obrim cam\u00ed a l&#8217;esperan\u00e7a&#8221; [Campanya de Caritas\/Corpus 2024]"},"content":{"rendered":"<div id=\"attachment_5853\" style=\"width: 293px\" class=\"wp-caption alignright\"><a href=\"https:\/\/assumpcio.alcover.arqtgn.cat\/wp-content\/uploads\/sites\/39\/2024\/05\/Eucaristia-2.jpg\"><img fetchpriority=\"high\" decoding=\"async\" aria-describedby=\"caption-attachment-5853\" class=\"wp-image-5853\" src=\"https:\/\/assumpcio.alcover.arqtgn.cat\/wp-content\/uploads\/sites\/39\/2024\/05\/Eucaristia-2.jpg\" alt=\"\" width=\"283\" height=\"216\" \/><\/a><p id=\"caption-attachment-5853\" class=\"wp-caption-text\">L\u2019Arquebisbe Joan Planellas alertava ja l\u2019any 2020 que \u201cl\u2019Esgl\u00e9sia sempre ha unit l\u2019Eucaristia amb la caritat&#8221;<\/p><\/div>\n<p><strong><span style=\"color: #ff0000;font-size: 22px\">\u201c\u2026 \/ nom\u00e9s compta la fe que actua per amor [CARITAT]\u201d\u00a0 <\/span><\/strong><span style=\"font-family: 'Helvetica Neue', Arial, sans-serif;font-size: 1.375rem;color: #ff0000;text-align: right\">(G\u00e0lates 5, 6b)<\/span><\/p>\n<p style=\"text-align: justify\">El Diumenge, dia 2 de juny, Solemnitat del Corpus Christi (Dia de la Caritat) ajuntem l\u2019Eucaristia a la caritat fraterna, la fe actua per la Caritat (Ga 5, 6b). Se\u2019ns fa mem\u00f2ria del nostre comprom\u00eds envers els qui pateixen per la pobresa i l\u2019aband\u00f3.<br \/>\nSom conscients que el servei d\u2019acollir i acompanyar en el que la humanitat i cada persona tenim de m\u00e9s vulnerables \u00e9s, sempre, insuficient, tamb\u00e9 som conscients que en cada experi\u00e8ncia Jes\u00fas vol ser prop d\u2019aquestes situacions i de qui ho viu.<br \/>\nSer prop dels qui pateixen per la pobresa i l\u2019aband\u00f3 \u00e9s sens dubte dels testimonis m\u00e9s cre\u00efbles i indiscutibles de la fe i del seguiment de Jesucrist.<\/p>\n<div id=\"attachment_5866\" style=\"width: 300px\" class=\"wp-caption alignleft\"><a href=\"https:\/\/assumpcio.alcover.arqtgn.cat\/wp-content\/uploads\/sites\/39\/2024\/05\/Corpus-2024.jpg\"><img decoding=\"async\" aria-describedby=\"caption-attachment-5866\" class=\"wp-image-5866\" src=\"https:\/\/assumpcio.alcover.arqtgn.cat\/wp-content\/uploads\/sites\/39\/2024\/05\/Corpus-2024-1024x751.jpg\" alt=\"\" width=\"290\" height=\"216\" \/><\/a><p id=\"caption-attachment-5866\" class=\"wp-caption-text\">\u201cMira, s\u00f3c a la porta i truco. Si alg\u00fa m\u2019escolta i obre la porta, entrar\u00e9 a casa seva i menjar\u00e9 amb ell, i ell amb mi\u201d (Ap 3,20)\u201d<\/p><\/div>\n<p style=\"text-align: justify\">Per Corpus se\u2019ns recorda aquesta manera de ser i de viure i ens convidem a avan\u00e7ar per aquest cam\u00ed: \u201cMira, s\u00f3c a la porta i truco. Si alg\u00fa m\u2019escolta i obre la porta, entrar\u00e9 a casa seva i menjar\u00e9 amb ell, i ell amb mi\u201d (Ap 3,20)\u201d. Corpus, un dia per escoltar la veu del Senyor i fer-ne vida per sempre, obrim-li la porta de la nostra vida, deixem-nos omplir de la seva llum. L\u2019Arquebisbe Joan Planellas alertava ja l\u2019any 2020 que \u201cl\u2019Esgl\u00e9sia sempre ha unit l\u2019Eucaristia amb la caritat\u201d i que \u201ca la llum de l\u2019Evangeli, el Catecisme de l\u2019Esgl\u00e9sia cat\u00f2lica (n. 1397) ensenya que \u00aba fi de rebre veritablement el Cos i la Sang del Crist lliurats per nosaltres, hem de recon\u00e8ixer el Crist en els m\u00e9s pobres, germans seus\u00bb\u201d<\/p>\n<div id=\"attachment_5875\" style=\"width: 301px\" class=\"wp-caption alignright\"><a href=\"https:\/\/assumpcio.alcover.arqtgn.cat\/wp-content\/uploads\/sites\/39\/2024\/05\/Corpus-5.jpg\"><img decoding=\"async\" aria-describedby=\"caption-attachment-5875\" class=\"wp-image-5875\" src=\"https:\/\/assumpcio.alcover.arqtgn.cat\/wp-content\/uploads\/sites\/39\/2024\/05\/Corpus-5.jpg\" alt=\"\" width=\"291\" height=\"322\" srcset=\"https:\/\/assumpcio.alcover.arqtgn.cat\/wp-content\/uploads\/sites\/39\/2024\/05\/Corpus-5.jpg 816w, https:\/\/assumpcio.alcover.arqtgn.cat\/wp-content\/uploads\/sites\/39\/2024\/05\/Corpus-5-271x300.jpg 271w, https:\/\/assumpcio.alcover.arqtgn.cat\/wp-content\/uploads\/sites\/39\/2024\/05\/Corpus-5-768x851.jpg 768w\" sizes=\"(max-width: 291px) 100vw, 291px\" \/><\/a><p id=\"caption-attachment-5875\" class=\"wp-caption-text\">Corpus Christi 2023<\/p><\/div>\n<p style=\"text-align: justify\"><span style=\"color: #ff0000\"><strong>Dia de la Caritat<\/strong><\/span>, <strong>C\u00e0ritas ens en fa mem\u00f2ria, mobilitza la Caritat, l\u2019Amor al servei dels m\u00e9s pobres i vulnerables, i l\u2019acompanyament perqu\u00e8 recalculin la seva ruta i el seu cam\u00ed per tirar endavant<\/strong>. La Campanya de Caritas, i que fem nostra, t\u00e9 per lema \u201cAll\u00e0 on ens necessites. Obrim camins a l\u2019Esperan\u00e7a\u201d. El Papa Francesc: \u201cConvido a l&#8217;esperan\u00e7a, que \u00abens parla d&#8217;una realitat que est\u00e0 arrelada en la profunditat de l&#8217;\u00e9sser hum\u00e0, independentment de les circumst\u00e0ncies concretes i els condicionaments hist\u00f2rics en qu\u00e8 viu. Ens parla d&#8217;una set, d&#8217;una aspiraci\u00f3, d&#8217;un anhel de plenitud, de vida assolida, d&#8217;un mesurar-se amb all\u00f2 que \u00e9s gran, que omple el cor i eleva l&#8217;esperit cap a coses grans, com ara la veritat, la bondat i la bellesa, la just\u00edcia i l&#8217;amor. [&#8230;] L&#8217;esperan\u00e7a \u00e9s auda\u00e7, sap mirar m\u00e9s enll\u00e0 de la comoditat personal, de les petites seguretats i compensacions que estrenyen l&#8217;horitz\u00f3, per obrir-se a grans ideals que fan la vida m\u00e9s bella i digna . Caminem en esperan\u00e7a .\u201d [Carta Enc\u00edclica &#8220;Fratelli Tutti&#8221; del Papa Francesc sobre la fraternitat i l&#8217;amistat social; 3 d&#8217;octubre de l&#8217;any 2020, vig\u00edlia de la Festa del &#8220;Poverello&#8221;].<\/p>\n<p style=\"text-align: justify\">Que la celebraci\u00f3 del Corpus: <em>la pres\u00e8ncia a l&#8217;Eucaristia, la Process\u00f3 pels Carrers, compartir-ho, colze amb colze, amb enitats i els elements festius, els responsables d&#8217;entitats i autoritats<\/em>, visualitzi els millors desigs i voluntats de les nostres arrels. \u00c9s preg\u00e0ria que presentem, el dia de Corpus, demanant que la Mare de D\u00e9u del Remei intercedeixi i ens ajudi.<\/p>\n<h4 style=\"text-align: justify\"><strong><span style=\"color: #ff0000\">HORARIS<\/span>:<\/strong><\/h4>\n<h4>ALCOVER:\u00a0Parr\u00f2quia de l&#8217;Assumpci\u00f3<\/h4>\n<p>Dissabte, dia 1de juny (Missa de vig\u00edlia): 20:00 h<\/p>\n<p>Diumenge, dia 2 de juny: 18 :00 h\u00a0 (<span style=\"color: #ff0000\">a l&#8217;Eucaristia la col.lecta ser\u00e0 extraordin\u00e0ria, en suport per CARITAS<\/span>)<\/p>\n<p style=\"padding-left: 120px\">Process\u00f3, a l&#8217;acabar la missa<\/p>\n<p style=\"padding-left: 160px\"><span style=\"color: #ff0000\">A l&#8217;Eucaristia i a la process\u00f3, tamb\u00e9, amb participaci\u00f3 de qui ha celebrat la seva Primera Comuni\u00f3 aquest any.<\/span><\/p>\n<h4>LA MAS\u00d3: Parr\u00f2quia de Santa Maria Magdalena<\/h4>\n<p style=\"font-family: Arial, Helvetica, sans-serif;font-size: 16px;font-style: normal\">Diumenge, dia 2 de juny: 10:30 h<\/p>\n<p style=\"padding-left: 120px\">Process\u00f3, a l&#8217;acabar la missa<\/p>\n<p style=\"padding-left: 160px\"><span style=\"color: #ff0000;font-family: Arial, Helvetica, sans-serif;font-size: 16px;font-style: normal;font-weight: 300\">A l&#8217;Eucaristia i a la process\u00f3, tamb\u00e9, amb participaci\u00f3 de qui ha celebrat la seva Primera Comuni\u00f3 aquest any.<\/span><\/p>\n<h4>LA RIBA: Parr\u00f2quia de Sant Nicolau<\/h4>\n<p><span style=\"font-family: Arial, Helvetica, sans-serif;font-size: 16px;font-style: normal;font-weight: 300\">Diumenge, dia 2 de juny: 13:00 h<\/span><\/p>\n<h4>EL MIL\u00c0: Parr\u00f2quia de Santa \u00darsula<\/h4>\n<p style=\"font-family: Arial, Helvetica, sans-serif;font-size: 16px;font-style: normal\">Dissabte, dia 1 de juny (missa de vg\u00edlia): 18:00 h<\/p>\n","protected":false},"excerpt":{"rendered":"<p>\u201c\u2026 \/ nom\u00e9s compta la fe que actua per amor [CARITAT]\u201d\u00a0 (G\u00e0lates 5, 6b) El Diumenge, dia 2 de juny, Solemnitat del Corpus Christi (Dia de la Caritat) ajuntem l\u2019Eucaristia <a class=\"more-link\" href=\"https:\/\/assumpcio.alcover.arqtgn.cat\/?p=5865\">Continue Reading &rarr;<\/a><\/p>\n","protected":false},"author":39,"featured_media":0,"comment_status":"closed","ping_status":"closed","sticky":false,"template":"","format":"standard","meta":{"footnotes":""},"categories":[44,1,64],"tags":[],"class_list":["post-5865","post","type-post","status-publish","format-standard","hentry","category-calendari","category-general","category-rector-joan-anton"],"amp_enabled":true,"_links":{"self":[{"href":"https:\/\/assumpcio.alcover.arqtgn.cat\/index.php?rest_route=\/wp\/v2\/posts\/5865","targetHints":{"allow":["GET"]}}],"collection":[{"href":"https:\/\/assumpcio.alcover.arqtgn.cat\/index.php?rest_route=\/wp\/v2\/posts"}],"about":[{"href":"https:\/\/assumpcio.alcover.arqtgn.cat\/index.php?rest_route=\/wp\/v2\/types\/post"}],"author":[{"embeddable":true,"href":"https:\/\/assumpcio.alcover.arqtgn.cat\/index.php?rest_route=\/wp\/v2\/users\/39"}],"replies":[{"embeddable":true,"href":"https:\/\/assumpcio.alcover.arqtgn.cat\/index.php?rest_route=%2Fwp%2Fv2%2Fcomments&post=5865"}],"version-history":[{"count":22,"href":"https:\/\/assumpcio.alcover.arqtgn.cat\/index.php?rest_route=\/wp\/v2\/posts\/5865\/revisions"}],"predecessor-version":[{"id":5889,"href":"https:\/\/assumpcio.alcover.arqtgn.cat\/index.php?rest_route=\/wp\/v2\/posts\/5865\/revisions\/5889"}],"wp:attachment":[{"href":"https:\/\/assumpcio.alcover.arqtgn.cat\/index.php?rest_route=%2Fwp%2Fv2%2Fmedia&parent=5865"}],"wp:term":[{"taxonomy":"category","embeddable":true,"href":"https:\/\/assumpcio.alcover.arqtgn.cat\/index.php?rest_route=%2Fwp%2Fv2%2Fcategories&post=5865"},{"taxonomy":"post_tag","embeddable":true,"href":"https:\/\/assumpcio.alcover.arqtgn.cat\/index.php?rest_route=%2Fwp%2Fv2%2Ftags&post=5865"}],"curies":[{"name":"wp","href":"https:\/\/api.w.org\/{rel}","templated":true}]}}