{"id":5892,"date":"2024-06-05T10:59:20","date_gmt":"2024-06-05T08:59:20","guid":{"rendered":"https:\/\/assumpcio.alcover.arqtgn.cat\/?p=5892"},"modified":"2024-06-05T11:08:59","modified_gmt":"2024-06-05T09:08:59","slug":"1-vigilia-2-06-2024-corpus-christi","status":"publish","type":"post","link":"https:\/\/assumpcio.alcover.arqtgn.cat\/?p=5892","title":{"rendered":"1 i 2-06-2024  CORPUS CHRISTI"},"content":{"rendered":"<h3><span style=\"color: #ff0000\">\u201cCreure en una Esgl\u00e9sia que \u00absurt\u00bb a l\u2019encontre dels altres i fa atractiva la fe\u201d<\/span> <em>(l\u2019Arquebisbe Mons Joan Planellas, a l\u2019Exhortaci\u00f3 pastoral \u201c<a href=\"https:\/\/www.arquebisbattarragona.cat\/2020\/02\/27\/lesperit-fa-jove-lesglesia\/\">L\u2019ESPERIT FA JOVE L\u2019ESGL\u00c9SIA<\/a>\u201d, n\u00fam. 2)<\/em><\/h3>\n<div id=\"attachment_5893\" style=\"width: 158px\" class=\"wp-caption alignleft\"><a href=\"https:\/\/assumpcio.alcover.arqtgn.cat\/wp-content\/uploads\/sites\/39\/2024\/06\/Corpus-22024_Processo.jpg\"><img decoding=\"async\" aria-describedby=\"caption-attachment-5893\" class=\"wp-image-5893\" src=\"https:\/\/assumpcio.alcover.arqtgn.cat\/wp-content\/uploads\/sites\/39\/2024\/06\/Corpus-22024_Processo-1024x768.jpg\" alt=\"\" width=\"148\" height=\"111\" srcset=\"https:\/\/assumpcio.alcover.arqtgn.cat\/wp-content\/uploads\/sites\/39\/2024\/06\/Corpus-22024_Processo-1024x768.jpg 1024w, https:\/\/assumpcio.alcover.arqtgn.cat\/wp-content\/uploads\/sites\/39\/2024\/06\/Corpus-22024_Processo-300x225.jpg 300w, https:\/\/assumpcio.alcover.arqtgn.cat\/wp-content\/uploads\/sites\/39\/2024\/06\/Corpus-22024_Processo-768x576.jpg 768w, https:\/\/assumpcio.alcover.arqtgn.cat\/wp-content\/uploads\/sites\/39\/2024\/06\/Corpus-22024_Processo-1536x1152.jpg 1536w, https:\/\/assumpcio.alcover.arqtgn.cat\/wp-content\/uploads\/sites\/39\/2024\/06\/Corpus-22024_Processo.jpg 1600w\" sizes=\"(max-width: 148px) 100vw, 148px\" \/><\/a><p id=\"caption-attachment-5893\" class=\"wp-caption-text\">Fotografia del Setmanari &#8220;El Vallenc&#8221;, autoritzada.<\/p><\/div>\n<div id=\"attachment_5895\" style=\"width: 186px\" class=\"wp-caption alignright\"><a href=\"https:\/\/assumpcio.alcover.arqtgn.cat\/wp-content\/uploads\/sites\/39\/2024\/06\/Corpus-1-2024_Processo.jpg\"><img decoding=\"async\" aria-describedby=\"caption-attachment-5895\" class=\"wp-image-5895\" src=\"https:\/\/assumpcio.alcover.arqtgn.cat\/wp-content\/uploads\/sites\/39\/2024\/06\/Corpus-1-2024_Processo-1024x768.jpg\" alt=\"\" width=\"176\" height=\"133\" srcset=\"https:\/\/assumpcio.alcover.arqtgn.cat\/wp-content\/uploads\/sites\/39\/2024\/06\/Corpus-1-2024_Processo-1024x768.jpg 1024w, https:\/\/assumpcio.alcover.arqtgn.cat\/wp-content\/uploads\/sites\/39\/2024\/06\/Corpus-1-2024_Processo-300x225.jpg 300w, https:\/\/assumpcio.alcover.arqtgn.cat\/wp-content\/uploads\/sites\/39\/2024\/06\/Corpus-1-2024_Processo-768x576.jpg 768w, https:\/\/assumpcio.alcover.arqtgn.cat\/wp-content\/uploads\/sites\/39\/2024\/06\/Corpus-1-2024_Processo-1536x1152.jpg 1536w, https:\/\/assumpcio.alcover.arqtgn.cat\/wp-content\/uploads\/sites\/39\/2024\/06\/Corpus-1-2024_Processo.jpg 1600w\" sizes=\"(max-width: 176px) 100vw, 176px\" \/><\/a><p id=\"caption-attachment-5895\" class=\"wp-caption-text\">Fotografia del Setmanari &#8220;El Vallenc&#8221;, autoritzada.<\/p><\/div>\n<p style=\"text-align: justify\">El Corpus Christi, a la Unitat Pastoral (a les Parr\u00f2quies d\u2019Alcover, La Riba, La Mas\u00f3, El Mil\u00e0, Farena i Mont Ral) \u00e9s festa que cal subratllar, i es va viure a fons, evidentement en la Celebraci\u00f3n on d\u2019ordinari s\u2019hi celebra l\u2019Eucaristia dominical, procurant la preg\u00e0ria &#8220;en Corpus&#8221;\u00a0a la Riba i El Mil\u00e0 i process\u00f3 a Alcover i La Mas\u00f3.<br \/>\nViv\u00e8ncia molt valorada i punt de trobada d\u2019entitats i els seus responsables, i respresentants i autoritats municipals. El Corpus Christi, entre nosaltres, als nostres carrers, com volent visitar a tots i a totes, portant la pau a tohom, especialment als desvalguts, als necessitats (Dia de la Caritat), acompanyant (a semblan\u00e7a de com Jes\u00fas ho fa amb els deixebles \u201cperqu\u00e8 estem cridats a practicar el b\u00e9, a buscar la dignitat de la persona, la igualtat, un m\u00f3n nou on abundi la pau i la caritat\u201d.<br \/>\nI, a Alcover, com \u201cel gra de mostassa\u201d (Mt 13,31), el Corpus Christi fou acolliment i oportunitat &#8220;del primer anunci&#8221;, a trav\u00e9s de formes culturals arrelades en la festa i a la Vila (acollint a la Colla Gegantera en la presentaci\u00f3n d\u2019un nou Gegant), en di\u00e0leg, permanent i obert amb qui tenim al costat, \u00e9s el \u00a1<strong>Corpus Christi<\/strong>!.<\/p>\n","protected":false},"excerpt":{"rendered":"<p>\u201cCreure en una Esgl\u00e9sia que \u00absurt\u00bb a l\u2019encontre dels altres i fa atractiva la fe\u201d (l\u2019Arquebisbe Mons Joan Planellas, a l\u2019Exhortaci\u00f3 pastoral \u201cL\u2019ESPERIT FA JOVE L\u2019ESGL\u00c9SIA\u201d, n\u00fam. 2) El Corpus <a class=\"more-link\" href=\"https:\/\/assumpcio.alcover.arqtgn.cat\/?p=5892\">Continue Reading &rarr;<\/a><\/p>\n","protected":false},"author":39,"featured_media":0,"comment_status":"closed","ping_status":"closed","sticky":false,"template":"","format":"standard","meta":{"footnotes":""},"categories":[44,1],"tags":[],"class_list":["post-5892","post","type-post","status-publish","format-standard","hentry","category-calendari","category-general"],"amp_enabled":true,"_links":{"self":[{"href":"https:\/\/assumpcio.alcover.arqtgn.cat\/index.php?rest_route=\/wp\/v2\/posts\/5892","targetHints":{"allow":["GET"]}}],"collection":[{"href":"https:\/\/assumpcio.alcover.arqtgn.cat\/index.php?rest_route=\/wp\/v2\/posts"}],"about":[{"href":"https:\/\/assumpcio.alcover.arqtgn.cat\/index.php?rest_route=\/wp\/v2\/types\/post"}],"author":[{"embeddable":true,"href":"https:\/\/assumpcio.alcover.arqtgn.cat\/index.php?rest_route=\/wp\/v2\/users\/39"}],"replies":[{"embeddable":true,"href":"https:\/\/assumpcio.alcover.arqtgn.cat\/index.php?rest_route=%2Fwp%2Fv2%2Fcomments&post=5892"}],"version-history":[{"count":6,"href":"https:\/\/assumpcio.alcover.arqtgn.cat\/index.php?rest_route=\/wp\/v2\/posts\/5892\/revisions"}],"predecessor-version":[{"id":5903,"href":"https:\/\/assumpcio.alcover.arqtgn.cat\/index.php?rest_route=\/wp\/v2\/posts\/5892\/revisions\/5903"}],"wp:attachment":[{"href":"https:\/\/assumpcio.alcover.arqtgn.cat\/index.php?rest_route=%2Fwp%2Fv2%2Fmedia&parent=5892"}],"wp:term":[{"taxonomy":"category","embeddable":true,"href":"https:\/\/assumpcio.alcover.arqtgn.cat\/index.php?rest_route=%2Fwp%2Fv2%2Fcategories&post=5892"},{"taxonomy":"post_tag","embeddable":true,"href":"https:\/\/assumpcio.alcover.arqtgn.cat\/index.php?rest_route=%2Fwp%2Fv2%2Ftags&post=5892"}],"curies":[{"name":"wp","href":"https:\/\/api.w.org\/{rel}","templated":true}]}}