{"id":5904,"date":"2024-06-05T19:34:02","date_gmt":"2024-06-05T17:34:02","guid":{"rendered":"https:\/\/assumpcio.alcover.arqtgn.cat\/?p=5904"},"modified":"2024-06-06T09:09:53","modified_gmt":"2024-06-06T07:09:53","slug":"08-06-2024-el-segon-dissabte-de-cada-mes-missa-a-lermita-de-la-mare-de-deu-del-remei-1000","status":"publish","type":"post","link":"https:\/\/assumpcio.alcover.arqtgn.cat\/?p=5904","title":{"rendered":"08-06-2024: El segon dissabte de cada mes, Missa a l&#8217;Ermita de la Mare de D\u00e9u del Remei, 10:00"},"content":{"rendered":"<p style=\"text-align: justify\"><a href=\"https:\/\/assumpcio.alcover.arqtgn.cat\/wp-content\/uploads\/sites\/39\/2024\/05\/Mare-de-Deu-del-Remei-1.jpg\"><img fetchpriority=\"high\" decoding=\"async\" class=\"wp-image-5811 alignleft\" src=\"https:\/\/assumpcio.alcover.arqtgn.cat\/wp-content\/uploads\/sites\/39\/2024\/05\/Mare-de-Deu-del-Remei-1.jpg\" alt=\"\" width=\"252\" height=\"334\" \/><\/a><strong>\u00a1Cal motivar-nos i fer Cam\u00ed!<\/strong>, <span style=\"color: #ff0000\"><strong>\u00a1PELEGRINAR!<\/strong><\/span>\u00a0\u201c<em>pel cam\u00ed que s\u2019enfila cap a Mont-ral, seguint el riu Glorieta, pel Niu de l\u2019 \u00c0liga, hi trobar-nos a l\u2019Ermita de la Mare de D\u00e9u del Remei. La imatge de Maria d\u2019ulls vibrants de cervatell, com la descriu Mn. Joan Roig en els Goigs. Representa la Noia de Natzaret contenta amb el Fill, amb els bra\u00e7os arromangats per al treball, talment una ve\u00efna m\u00e9s del poble.<\/em><br \/>\n<em>\u00c9s la dona amatent per a servir. \u00c9s pura disponibilitat. En la iconografia mariana \u00e9s poc freq\u00fcent que Maria sostingui un ra\u00efm a les mans. El nen encuriosit esguarda el ra\u00efm que prediu la seva sang vessada a la creu i donada a nosaltres en el sagrament. Vi nou d\u2019una alian\u00e7a nova i d\u2019una alegria nova. En els mateixos goigs el sacerdot poeta escriu el bell\u00edssim vers: Jes\u00fas, una mirada vostra mils d\u2019estrelles ha colpit, d\u2019entre totes una es<a href=\"https:\/\/assumpcio.alcover.arqtgn.cat\/wp-content\/uploads\/sites\/39\/2024\/06\/Visita-espiritual_Jordi-1.jpg\"><img decoding=\"async\" class=\"wp-image-5905 alignright\" src=\"https:\/\/assumpcio.alcover.arqtgn.cat\/wp-content\/uploads\/sites\/39\/2024\/06\/Visita-espiritual_Jordi-1.jpg\" alt=\"\" width=\"247\" height=\"356\" \/><\/a> bada pels qui cerquen l\u2019Infinit<\/em>\u201d. [<em>Reflexi\u00f3 a partir del Text, del nov\u00e8 dia de l\u2019itinerari espiritual, cuidat per Mn.Rafel Serra, prevere, en el seu nov\u00e8 dia: \u201c<a href=\"https:\/\/www.arquebisbattarragona.cat\/2020\/03\/25\/nove-dia-invoquem-maria-venerada-a-lermita-del-remei-a-alcover\/\">NOV\u00c8 DIA: INVOQUEM MARIA, VENERADA A L\u2019ERMITA DEL REMEI, A ALCOVER<\/a><\/em>\u201d<em>(25 de mar\u00e7 de 2020)<\/em>]<\/p>\n<p style=\"text-align: justify\"><strong>Una proposta a la Unitat Pastoral (Alcover, La Riba, La Mas\u00f3, El Mil\u00e0, Farena i Mont Ral): <span style=\"color: #ff0000\">Cada segon dissabte del mes, hi celebrem la Missa, a les 10:00 h<\/span><\/strong><span style=\"color: #000000\">:<\/span> Una refer\u00e8ncia en el cam\u00ed que fa cadasc\u00fa, personalment, amb la fam\u00edlia, cada Parr\u00f2quia o com a grup o associaci\u00f3; els bons h\u00e0bits ajuden i aquest del segon dissabte de cada mes ho \u00e9s; i\u00a0 tamb\u00e9 ho ser\u00e0<strong>, <\/strong>si l&#8217;integrem en la nostra vida,<strong> la VISITA ESPIRITUAL:<\/strong> &#8220;<strong><span style=\"color: #ff0000\">La Visita Espiritual a la Mare de D\u00e9u del Remei<\/span><\/strong><span style=\"color: #000000\">&#8220;<\/span>, redactada per Mn. Jordi Figueras i jov\u00e9, pvre. de l&#8217;Arquebisbat i fill d&#8217;Alcover, Parr\u00f2quia de l&#8217;Assumpci\u00f3. Fou presentada en la \u201cXXI Festa del 2n diumenge de maig\u201d (12 de maig de 2024), a l&#8217;Ermita. \u00c9s un recurs i un suport que acompa\u00f1a el nostre itinerari, personal i comunitari, que ens ajudi tamb\u00e9 en el nstre servei d&#8217;acompanyants d&#8217;itineraris (Catequistes, pares i mares de fam\u00edlia, padrins i padrines, etc.):<\/p>\n<div id=\"attachment_5907\" style=\"width: 1032px\" class=\"wp-caption alignnone\"><a href=\"https:\/\/assumpcio.alcover.arqtgn.cat\/wp-content\/uploads\/sites\/39\/2024\/06\/Visita-espiritual-Jordi-3.jpg\"><img decoding=\"async\" aria-describedby=\"caption-attachment-5907\" class=\"wp-image-5907 size-full\" src=\"https:\/\/assumpcio.alcover.arqtgn.cat\/wp-content\/uploads\/sites\/39\/2024\/06\/Visita-espiritual-Jordi-3.jpg\" alt=\"\" width=\"1022\" height=\"638\" srcset=\"https:\/\/assumpcio.alcover.arqtgn.cat\/wp-content\/uploads\/sites\/39\/2024\/06\/Visita-espiritual-Jordi-3.jpg 1022w, https:\/\/assumpcio.alcover.arqtgn.cat\/wp-content\/uploads\/sites\/39\/2024\/06\/Visita-espiritual-Jordi-3-300x187.jpg 300w, https:\/\/assumpcio.alcover.arqtgn.cat\/wp-content\/uploads\/sites\/39\/2024\/06\/Visita-espiritual-Jordi-3-768x479.jpg 768w\" sizes=\"(max-width: 1022px) 100vw, 1022px\" \/><\/a><p id=\"caption-attachment-5907\" class=\"wp-caption-text\">Lletra de &#8220;La Visita Espiritual a la Mare de D\u00e9u del Remei&#8221; (Jordi Figueras i Jov\u00e9, pvre; 12-maig-2024).<\/p><\/div>\n","protected":false},"excerpt":{"rendered":"<p>\u00a1Cal motivar-nos i fer Cam\u00ed!, \u00a1PELEGRINAR!\u00a0\u201cpel cam\u00ed que s\u2019enfila cap a Mont-ral, seguint el riu Glorieta, pel Niu de l\u2019 \u00c0liga, hi trobar-nos a l\u2019Ermita de la Mare de D\u00e9u <a class=\"more-link\" href=\"https:\/\/assumpcio.alcover.arqtgn.cat\/?p=5904\">Continue Reading &rarr;<\/a><\/p>\n","protected":false},"author":39,"featured_media":0,"comment_status":"closed","ping_status":"closed","sticky":false,"template":"","format":"standard","meta":{"footnotes":""},"categories":[44,1],"tags":[],"class_list":["post-5904","post","type-post","status-publish","format-standard","hentry","category-calendari","category-general"],"amp_enabled":true,"_links":{"self":[{"href":"https:\/\/assumpcio.alcover.arqtgn.cat\/index.php?rest_route=\/wp\/v2\/posts\/5904","targetHints":{"allow":["GET"]}}],"collection":[{"href":"https:\/\/assumpcio.alcover.arqtgn.cat\/index.php?rest_route=\/wp\/v2\/posts"}],"about":[{"href":"https:\/\/assumpcio.alcover.arqtgn.cat\/index.php?rest_route=\/wp\/v2\/types\/post"}],"author":[{"embeddable":true,"href":"https:\/\/assumpcio.alcover.arqtgn.cat\/index.php?rest_route=\/wp\/v2\/users\/39"}],"replies":[{"embeddable":true,"href":"https:\/\/assumpcio.alcover.arqtgn.cat\/index.php?rest_route=%2Fwp%2Fv2%2Fcomments&post=5904"}],"version-history":[{"count":16,"href":"https:\/\/assumpcio.alcover.arqtgn.cat\/index.php?rest_route=\/wp\/v2\/posts\/5904\/revisions"}],"predecessor-version":[{"id":5923,"href":"https:\/\/assumpcio.alcover.arqtgn.cat\/index.php?rest_route=\/wp\/v2\/posts\/5904\/revisions\/5923"}],"wp:attachment":[{"href":"https:\/\/assumpcio.alcover.arqtgn.cat\/index.php?rest_route=%2Fwp%2Fv2%2Fmedia&parent=5904"}],"wp:term":[{"taxonomy":"category","embeddable":true,"href":"https:\/\/assumpcio.alcover.arqtgn.cat\/index.php?rest_route=%2Fwp%2Fv2%2Fcategories&post=5904"},{"taxonomy":"post_tag","embeddable":true,"href":"https:\/\/assumpcio.alcover.arqtgn.cat\/index.php?rest_route=%2Fwp%2Fv2%2Ftags&post=5904"}],"curies":[{"name":"wp","href":"https:\/\/api.w.org\/{rel}","templated":true}]}}