{"id":5942,"date":"2024-06-07T18:11:55","date_gmt":"2024-06-07T16:11:55","guid":{"rendered":"https:\/\/assumpcio.alcover.arqtgn.cat\/?p=5942"},"modified":"2024-06-07T22:39:42","modified_gmt":"2024-06-07T20:39:42","slug":"08-06-2024-dissabte-celebracio-de-la-confirmacio-educacio-de-la-fe-i-catequesi","status":"publish","type":"post","link":"https:\/\/assumpcio.alcover.arqtgn.cat\/?p=5942","title":{"rendered":"08-06-2024, dissabte: Celebraci\u00f3 de la Confirmaci\u00f3 [Educaci\u00f3 de la Fe i Catequesi]."},"content":{"rendered":"<h5 style=\"text-align: justify\"><a href=\"https:\/\/assumpcio.alcover.arqtgn.cat\/wp-content\/uploads\/sites\/39\/2024\/06\/Confirmacio-2.jpg\"><img fetchpriority=\"high\" decoding=\"async\" class=\"wp-image-5944 alignright\" src=\"https:\/\/assumpcio.alcover.arqtgn.cat\/wp-content\/uploads\/sites\/39\/2024\/06\/Confirmacio-2.jpg\" alt=\"\" width=\"337\" height=\"194\" \/><\/a>Si D\u00e9u vol, i presidint el Sr.Arquebisbe, Mons. Joan Planellas, el dia 8 de juny de 2024, dissabte, i a les 19:00 h., en l\u2019Eucaristia del Diumenge, quatre adolescents i una senyora adulta, rebran la Confirmaci\u00f3, a Alcover. Aix\u00f2, havent celebrat 22 infants, en diumenges anteriors, la Primera Comuni\u00f3 [<em>18, a Alcover, 2 a La Mas\u00f3 i 2 a El Mil\u00e0<\/em>] i, encara, n&#8217;hi ha una a la Parr\u00f2quia de Santa Magdalena, a la Mas\u00f3, i una a la de Sant Nicolau, a La Riba.<\/h5>\n<p>&nbsp;<\/p>\n<h5 style=\"text-align: justify\"><span style=\"color: #ff0000\"><strong>Eucaristia i Confirmaci\u00f3 s\u00f3n, amb el Bateig, els tres els sagraments de la<a style=\"color: #ff0000\" href=\"https:\/\/assumpcio.alcover.arqtgn.cat\/wp-content\/uploads\/sites\/39\/2024\/06\/Confirmacio-1.jpg\"><img decoding=\"async\" class=\"wp-image-5943 alignleft\" src=\"https:\/\/assumpcio.alcover.arqtgn.cat\/wp-content\/uploads\/sites\/39\/2024\/06\/Confirmacio-1.jpg\" alt=\"\" width=\"250\" height=\"425\" \/><\/a> iniciaci\u00f3 cristiana<\/strong><\/span>: el Baptisme, l\u2019Eucaristia i la Confirmaci\u00f3: El sagrament del Baptisme (una sola vegada a la vida) i el sagrament de la Confirmaci\u00f3 (tamb\u00e9 una sola vegada a la vida), i participar amb regularitat a l\u2019Eucaristia (la primera vegada que es fa no \u00e9s m\u00e9s que aix\u00f2, la primera vegada).<br \/>\nAix\u00ed, doncs, \u00e9s un bon criteri, i bones les orientacions que hi ajuden, batejar els infants. Participen a l\u2019Eucaristia entorn dels 10 anys en l\u2019edat de \u201cl&#8217;\u00fas de ra\u00f3\u201d\u2026<\/h5>\n<h5><\/h5>\n<p>&nbsp;<\/p>\n<h5 style=\"text-align: justify\"><span style=\"color: #ff0000\"><strong>I la Confirmaci\u00f3?<\/strong><\/span><br \/>\nDoncs tal com est\u00e0 establert actualment, i com ho fem a les nostres parr\u00f2quies,<\/h5>\n<h5 style=\"text-align: justify;padding-left: 80px\">\u2022 Es segueix a la catequesi per a preparar-s\u2019hi quan s\u2019ha celebrat la Primera Comuni\u00f3<br \/>\n\u2022 I reben el sagrament de la confirmaci\u00f3, als dos cursos, a l\u2019entorn dels 12 anys i a partir d\u2019aquesta edat, \u201cl&#8217;edat de la discreci\u00f3\u201d.<br \/>\n\u2022 Es participa a la catequesi activament i, durant el curs, es cuida la proposta de la Vida Cristiana com un itinerari, un proc\u00e9s.<\/h5>\n<h5 style=\"text-align: justify;padding-left: 80px\">\u2022 Tamb\u00e9, i a comen\u00e7ament del curs, es valora l&#8217;opci\u00f3 de persones joves\/ o adultes que es plantegen aquesta etapa del seu viure cristi\u00e0.<\/h5>\n<p>&nbsp;<\/p>\n<h5 style=\"text-align: justify\"><strong><span style=\"color: #ff0000\">Que fa el sagrament de la Confirmaci\u00f3? Per qu\u00e8 cal confirmar-se?<\/span><\/strong><br \/>\nEl sagrament de la Confirmaci\u00f3 l\u2019administra el bisbe, amb el crisma, l\u2019oli consagrat, fent una unci\u00f3 al front, despr\u00e9s d\u2019haver imposat les mans, el signe que sempre feia Jes\u00fas i els ap\u00f2stols. I diu:<\/h5>\n<p>&nbsp;<\/p>\n<h5 style=\"padding-left: 120px;text-align: justify\"><strong><span style=\"color: #ff0000\">Rep el signe del do de l\u2019Esperit Sant.<\/span><\/strong><br \/>\n<strong><span style=\"color: #ff0000\">La pau sigui amb tu.<\/span><\/strong><\/h5>\n<p>&nbsp;<\/p>\n<h5 style=\"text-align: justify\"><a href=\"https:\/\/assumpcio.alcover.arqtgn.cat\/wp-content\/uploads\/sites\/39\/2024\/06\/Confirmacio-4.jpg\"><img decoding=\"async\" class=\"wp-image-5946 alignleft\" src=\"https:\/\/assumpcio.alcover.arqtgn.cat\/wp-content\/uploads\/sites\/39\/2024\/06\/Confirmacio-4.jpg\" alt=\"\" width=\"358\" height=\"321\" \/><\/a>La Confirmaci\u00f3 \u00e9s el sagrament en qu\u00e8 D\u00e9u mateix \u201cconfirma\u201d la vida nova que se\u2019ns ha donat ja en el Baptisme, i ens dona la for\u00e7a de l\u2019Esperit Sant per a poder ser testimonis de Jes\u00fas amb tota la nostra vida. No som pas nosaltres que confirmem la nostra fe\u2026 De cap manera. Si fos aix\u00ed no seria pas un sagrament. Com que ho \u00e9s, \u00e9s una acci\u00f3 de D\u00e9u que vol ajudar-nos a ser m\u00e9s i millors cristians.<\/h5>\n<p>&nbsp;<\/p>\n<h5 style=\"text-align: justify\">De fet per a continuar en la vida cristiana i actuar-hi, sobretot des de la perspectiva dels sagraments, caldria sempre estar confirmat. Per aix\u00f2 \u00e9s molt recomanat rebre\u2019l per cuidar la Vida Cristiana i, sobretot per ser-ne referent i testimoni (p.e. per a casar-se, o per a ser padr\u00ed de baptisme, o\u2026 ).<\/h5>\n","protected":false},"excerpt":{"rendered":"<p>Si D\u00e9u vol, i presidint el Sr.Arquebisbe, Mons. Joan Planellas, el dia 8 de juny de 2024, dissabte, i a les 19:00 h., en l\u2019Eucaristia del Diumenge, quatre adolescents i <a class=\"more-link\" href=\"https:\/\/assumpcio.alcover.arqtgn.cat\/?p=5942\">Continue Reading &rarr;<\/a><\/p>\n","protected":false},"author":39,"featured_media":0,"comment_status":"closed","ping_status":"closed","sticky":false,"template":"","format":"standard","meta":{"footnotes":""},"categories":[44,1],"tags":[],"class_list":["post-5942","post","type-post","status-publish","format-standard","hentry","category-calendari","category-general"],"amp_enabled":true,"_links":{"self":[{"href":"https:\/\/assumpcio.alcover.arqtgn.cat\/index.php?rest_route=\/wp\/v2\/posts\/5942","targetHints":{"allow":["GET"]}}],"collection":[{"href":"https:\/\/assumpcio.alcover.arqtgn.cat\/index.php?rest_route=\/wp\/v2\/posts"}],"about":[{"href":"https:\/\/assumpcio.alcover.arqtgn.cat\/index.php?rest_route=\/wp\/v2\/types\/post"}],"author":[{"embeddable":true,"href":"https:\/\/assumpcio.alcover.arqtgn.cat\/index.php?rest_route=\/wp\/v2\/users\/39"}],"replies":[{"embeddable":true,"href":"https:\/\/assumpcio.alcover.arqtgn.cat\/index.php?rest_route=%2Fwp%2Fv2%2Fcomments&post=5942"}],"version-history":[{"count":28,"href":"https:\/\/assumpcio.alcover.arqtgn.cat\/index.php?rest_route=\/wp\/v2\/posts\/5942\/revisions"}],"predecessor-version":[{"id":5974,"href":"https:\/\/assumpcio.alcover.arqtgn.cat\/index.php?rest_route=\/wp\/v2\/posts\/5942\/revisions\/5974"}],"wp:attachment":[{"href":"https:\/\/assumpcio.alcover.arqtgn.cat\/index.php?rest_route=%2Fwp%2Fv2%2Fmedia&parent=5942"}],"wp:term":[{"taxonomy":"category","embeddable":true,"href":"https:\/\/assumpcio.alcover.arqtgn.cat\/index.php?rest_route=%2Fwp%2Fv2%2Fcategories&post=5942"},{"taxonomy":"post_tag","embeddable":true,"href":"https:\/\/assumpcio.alcover.arqtgn.cat\/index.php?rest_route=%2Fwp%2Fv2%2Ftags&post=5942"}],"curies":[{"name":"wp","href":"https:\/\/api.w.org\/{rel}","templated":true}]}}