{"id":5977,"date":"2024-06-21T12:14:13","date_gmt":"2024-06-21T10:14:13","guid":{"rendered":"https:\/\/assumpcio.alcover.arqtgn.cat\/?p=5977"},"modified":"2024-06-21T12:19:14","modified_gmt":"2024-06-21T10:19:14","slug":"ser-escolana-o-escola-cridats-a-servir-trobada-diocesana-descolans-escolanes-a-la-selva-del-camp-el-25-de-juny-de-2024","status":"publish","type":"post","link":"https:\/\/assumpcio.alcover.arqtgn.cat\/?p=5977","title":{"rendered":"Ser escolana o escol\u00e0! &#8220;CRIDATS A SERVIR&#8221; (Trobada diocesana d&#8217;escolans\/escolanes, a La Selva del Camp, el 25 de juny de 2024)"},"content":{"rendered":"<h4 style=\"text-align: justify\"><a href=\"https:\/\/assumpcio.alcover.arqtgn.cat\/wp-content\/uploads\/sites\/39\/2024\/06\/escolans-4.jpeg\"><img fetchpriority=\"high\" decoding=\"async\" class=\"wp-image-5985 alignleft\" src=\"https:\/\/assumpcio.alcover.arqtgn.cat\/wp-content\/uploads\/sites\/39\/2024\/06\/escolans-4.jpeg\" alt=\"\" width=\"393\" height=\"242\" \/><\/a>Una molt bona decisi\u00f3 de les fam\u00edlies, per als seus fills i filles, quan han celebrat la Primera Comuni\u00f3 i la Confirmaci\u00f3. Pensar-ho i fer-los-hi la proposta.<\/h4>\n<h4 style=\"text-align: justify\">Acompanyar els seu proc\u00e9s\u00a0 des d&#8217;una proximitat amb Jes\u00fas, cuidada i propera. En el nostre cas, ja podriem<a href=\"https:\/\/assumpcio.alcover.arqtgn.cat\/wp-content\/uploads\/sites\/39\/2024\/06\/Escolans-3.jpeg\"><img decoding=\"async\" class=\" wp-image-5981 alignright\" src=\"https:\/\/assumpcio.alcover.arqtgn.cat\/wp-content\/uploads\/sites\/39\/2024\/06\/Escolans-3.jpeg\" alt=\"\" width=\"274\" height=\"339\" \/><\/a> pensar-hi durant el segon any de catequesi d&#8217;infants (ent\u00e9s com iniciaci\u00f3), Tot aquell nen o jove que, busqui tenir una relaci\u00f3 estreta amb Jes\u00fas i seguir-lo es pot convertir en escol\u00e0 o escolana.Una proposta de les Parr\u00f2quies, amb una pedagogia que t\u00e9 en la lit\u00fargia la seva referencia (l\u2019eucaristia com a eix i fonament, tamb\u00e9 les devocions arrelades en la parr\u00f2quia -Romeries, actes de pietat popular, etc-).<\/h4>\n<h4 style=\"text-align: justify\">Col.laborant amb el moss\u00e8n, i amb amb el servei de l\u00edt\u00fargia (Sacristana, monitors\/es, etc.) en la celebraci\u00f3 lit\u00fargica, <a href=\"https:\/\/assumpcio.alcover.arqtgn.cat\/wp-content\/uploads\/sites\/39\/2024\/06\/Escolans-2.png\"><img decoding=\"async\" class=\"wp-image-5980 alignleft\" src=\"https:\/\/assumpcio.alcover.arqtgn.cat\/wp-content\/uploads\/sites\/39\/2024\/06\/Escolans-2.png\" alt=\"\" width=\"269\" height=\"399\" \/><\/a>i per mitj\u00e0 del bon servei que fan s\u00f3n servidors\/servidores de la comunitat parroquial de manera espiritual. El seu servei va m\u00e9s enll\u00e0, ja que serveixen al mateix Jes\u00fas present a l&#8217;altar, al moss\u00e8n i a l&#8217;assemblea (Jes\u00fas al lavatori dels peus es va fer servidor de tots, de l&#8217;amic i del tra\u00efdor, del que estima i del que nega), els escolans\/escolanes s\u00f3n per al servei &#8220;com Jes\u00fas&#8221;, \u00e9s a dir, ell serveix a tothom de manera desinteressada, afectuosa i generosa.<\/h4>\n<h4 style=\"text-align: justify\">Aquest servei, el d&#8217;escolans\/escolanes \u00e9s ja habitual i de temps a les nostres parr\u00f2quies, en bmolt bona part, gr\u00e0cies als moss\u00e8ns que ho han cuidat i les fam\u00edlies que ho han procurat i, qui amb molta generositat ha tractat amb proximitat familiar als infants i adolescents en cada oportunitat. Gr\u00e0cies.<\/h4>\n<h4 style=\"text-align: justify\"><span style=\"color: #ff0000\">El Patr\u00f3 dels escolans\/ escolanes \u00e9s San Tarsici, la seva festa, el 14 d&#8217;agost. L&#8217;Anirem coneixent m\u00e9s i el seu testimoni ens ajudar\u00e0<\/span>.<\/h4>\n<h4 style=\"text-align: justify\"><a href=\"https:\/\/assumpcio.alcover.arqtgn.cat\/wp-content\/uploads\/sites\/39\/2024\/06\/Trobada-escolans-2024.jpg\"><img loading=\"lazy\" decoding=\"async\" class=\"wp-image-5988 alignleft\" src=\"https:\/\/assumpcio.alcover.arqtgn.cat\/wp-content\/uploads\/sites\/39\/2024\/06\/Trobada-escolans-2024-1024x1022.jpg\" alt=\"\" width=\"412\" height=\"411\" srcset=\"https:\/\/assumpcio.alcover.arqtgn.cat\/wp-content\/uploads\/sites\/39\/2024\/06\/Trobada-escolans-2024-1024x1022.jpg 1024w, https:\/\/assumpcio.alcover.arqtgn.cat\/wp-content\/uploads\/sites\/39\/2024\/06\/Trobada-escolans-2024-300x300.jpg 300w, https:\/\/assumpcio.alcover.arqtgn.cat\/wp-content\/uploads\/sites\/39\/2024\/06\/Trobada-escolans-2024-150x150.jpg 150w, https:\/\/assumpcio.alcover.arqtgn.cat\/wp-content\/uploads\/sites\/39\/2024\/06\/Trobada-escolans-2024-768x767.jpg 768w, https:\/\/assumpcio.alcover.arqtgn.cat\/wp-content\/uploads\/sites\/39\/2024\/06\/Trobada-escolans-2024.jpg 1080w\" sizes=\"(max-width: 412px) 100vw, 412px\" \/><\/a>A l&#8217;Arquebisbat en <strong><span style=\"color: #ff0000\">s\u00f3n algunes les Parr\u00f2quies que ens anem ajudant en aquest cam\u00ed<\/span><\/strong>, Aquest 2024, el dia 25 de juny, a La Selva del Camp hi ha la Trobada Diocesna d&#8217;escolans\/escolanes, \u00a1hi anirem!. Qui pensi que hi pot participar, que ho digui a la seva Catequista (<span style=\"color: #ff0000\"><strong>Sortirem de davant de l&#8217;esgl\u00e9sia -Alcover-, a les 10 del mat\u00ed<\/strong><\/span>):<\/h4>\n<h4 style=\"padding-left: 160px;text-align: justify\">10:30\u00a0 Acollida al Col.lagi Sant Rafael ( a La Selva)&#8230;[ Preg\u00e0ria i cant d&#8217;animaci\u00f3 &#8211; Jos &#8211; Piscina [a les municipals (qui vulgui banyar-se, cal que porti banyador, tovallola, etc.)].<\/h4>\n<h4 style=\"padding-left: 160px;text-align: justify\">13:00 Dinar.<\/h4>\n<h4 style=\"padding-left: 160px;text-align: justify\">16:00 Missa [hi s\u00f3n ben convidades les fam\u00edlies i les catequistes, si hi volen ser].<\/h4>\n<h4 style=\"padding-left: 160px;text-align: justify\">17:00 Berenar i comiat, a la Parr\u00f2quia de Sant Andreu (La Selva).<\/h4>\n<h4 style=\"padding-left: 120px;text-align: justify\">Prescisament, el lema amb el que es convoca aquesta TROBADA \u00e9s :CRIDATS A SERVIR!<\/h4>\n<h4 style=\"text-align: justify\"><strong>Curs 2024-2025, a la Unitat Pastoral (Alcover, La Riba, La Mas\u00f3, El Mil\u00e0, Mont Ral i Farena)<\/strong><\/h4>\n<h4 style=\"padding-left: 40px;text-align: justify\">Setembre:<\/h4>\n<h4 style=\"padding-left: 160px;text-align: justify\">Trobada de comen\u00e7ament del curs i formaci\u00f3, a Alcover:<\/h4>\n<h4 style=\"padding-left: 240px;text-align: justify\"><em>Ens hi ajudaran, escolans de la Parr\u00f2quia de Falset i el Moss\u00e8n, que \u00e9s, alhora, el Delegat dioces\u00e0 de lit\u00fargia<\/em>.<\/h4>\n<h4 style=\"padding-left: 160px;text-align: justify\">Benedicci\u00f3 dels escolans\/escolanes, comen\u00e7ant la &#8220;Missa amb infants i fam\u00edlies&#8221;, a Alcover.<\/h4>\n","protected":false},"excerpt":{"rendered":"<p>Una molt bona decisi\u00f3 de les fam\u00edlies, per als seus fills i filles, quan han celebrat la Primera Comuni\u00f3 i la Confirmaci\u00f3. Pensar-ho i fer-los-hi la proposta. Acompanyar els seu <a class=\"more-link\" href=\"https:\/\/assumpcio.alcover.arqtgn.cat\/?p=5977\">Continue Reading &rarr;<\/a><\/p>\n","protected":false},"author":39,"featured_media":0,"comment_status":"closed","ping_status":"closed","sticky":false,"template":"","format":"standard","meta":{"footnotes":""},"categories":[1],"tags":[],"class_list":["post-5977","post","type-post","status-publish","format-standard","hentry","category-general"],"amp_enabled":true,"_links":{"self":[{"href":"https:\/\/assumpcio.alcover.arqtgn.cat\/index.php?rest_route=\/wp\/v2\/posts\/5977","targetHints":{"allow":["GET"]}}],"collection":[{"href":"https:\/\/assumpcio.alcover.arqtgn.cat\/index.php?rest_route=\/wp\/v2\/posts"}],"about":[{"href":"https:\/\/assumpcio.alcover.arqtgn.cat\/index.php?rest_route=\/wp\/v2\/types\/post"}],"author":[{"embeddable":true,"href":"https:\/\/assumpcio.alcover.arqtgn.cat\/index.php?rest_route=\/wp\/v2\/users\/39"}],"replies":[{"embeddable":true,"href":"https:\/\/assumpcio.alcover.arqtgn.cat\/index.php?rest_route=%2Fwp%2Fv2%2Fcomments&post=5977"}],"version-history":[{"count":15,"href":"https:\/\/assumpcio.alcover.arqtgn.cat\/index.php?rest_route=\/wp\/v2\/posts\/5977\/revisions"}],"predecessor-version":[{"id":6001,"href":"https:\/\/assumpcio.alcover.arqtgn.cat\/index.php?rest_route=\/wp\/v2\/posts\/5977\/revisions\/6001"}],"wp:attachment":[{"href":"https:\/\/assumpcio.alcover.arqtgn.cat\/index.php?rest_route=%2Fwp%2Fv2%2Fmedia&parent=5977"}],"wp:term":[{"taxonomy":"category","embeddable":true,"href":"https:\/\/assumpcio.alcover.arqtgn.cat\/index.php?rest_route=%2Fwp%2Fv2%2Fcategories&post=5977"},{"taxonomy":"post_tag","embeddable":true,"href":"https:\/\/assumpcio.alcover.arqtgn.cat\/index.php?rest_route=%2Fwp%2Fv2%2Ftags&post=5977"}],"curies":[{"name":"wp","href":"https:\/\/api.w.org\/{rel}","templated":true}]}}