{"id":6004,"date":"2024-07-10T09:38:22","date_gmt":"2024-07-10T07:38:22","guid":{"rendered":"https:\/\/assumpcio.alcover.arqtgn.cat\/?p=6004"},"modified":"2024-07-10T10:53:28","modified_gmt":"2024-07-10T08:53:28","slug":"10-07-2024-sant-cristofol-ho-recordarem-a-les-celebracions-del-diumenge14-de-juliol","status":"publish","type":"post","link":"https:\/\/assumpcio.alcover.arqtgn.cat\/?p=6004","title":{"rendered":"10-07-2024, Sant Crist\u00f2fol (ho recordarem a les celebracions del Diumenge, el 14 de juliol)"},"content":{"rendered":"<p><a href=\"https:\/\/assumpcio.alcover.arqtgn.cat\/wp-content\/uploads\/sites\/39\/2024\/07\/Sant-Cristofol_imatge.jpg\"><img fetchpriority=\"high\" decoding=\"async\" class=\"wp-image-6006 alignnone aligncenter\" src=\"https:\/\/assumpcio.alcover.arqtgn.cat\/wp-content\/uploads\/sites\/39\/2024\/07\/Sant-Cristofol_imatge-576x1024.jpg\" alt=\"\" width=\"283\" height=\"497\" \/><\/a><\/p>\n<h5>A v\u00f3s acudim, sant Crist\u00f2fol bene\u00eft,<br \/>\nper demanar-vos que ens acompanyeu sempre<br \/>\npel cam\u00ed de la vida i ens aconseguiu poder arribar<br \/>\na la fi de cada jornada, amb salut, benestar i gr\u00e0cia de D\u00e9u.<\/h5>\n<p>&nbsp;<\/p>\n<h5>V\u00f3s vau portar sobre les espatlles l\u2019infant Jes\u00fas,<br \/>\nque aix\u00ed va voler expressar-ho,<br \/>\npel vostre servei i amor cap a tots\/tes aquells i aquelles<br \/>\nque demanaven la vostra ajuda en el seu cam\u00ed.<\/h5>\n<p>&nbsp;<\/p>\n<h5>Ja que sou protector de qui est\u00e0 en cam\u00ed<br \/>\ni especialment dels\/de les conductors\/es i transportistes<br \/>\ndemanem, ara, la vostra intercessi\u00f3<br \/>\nperqu\u00e8 ens assisteixi en el viatge,<br \/>\ni, lliures de tot perill i accident, aconseguim del Senyor,<br \/>\nintercedint la Mare de D\u00e9u,<br \/>\nel goig d\u2019arribar feli\u00e7os i agra\u00efts al nostre dest\u00ed.<\/h5>\n<p>&nbsp;<\/p>\n<h6 style=\"text-align: right\">Preg\u00e0ria, a partir de la publicada al \u201cFull parroquial\u201d de la Di\u00f2cesi de Girona, 27 de juny de 2001, n\u00fam. 4886<\/h6>\n<p>&nbsp;<\/p>\n<h3><span style=\"color: #ff0000\">Horaris:<\/span><\/h3>\n<h4 style=\"padding-left: 80px\">Dimecres, 10 de juliol; Sant Crist\u00f2fol<\/h4>\n<h6 style=\"padding-left: 120px\">Alcover:<\/h6>\n<h6 style=\"padding-left: 120px\">20:00 Missa<\/h6>\n<p>&nbsp;<\/p>\n<h4 style=\"padding-left: 80px\">Dissabte, 13 de juliol<\/h4>\n<h6 style=\"padding-left: 120px\">La Riba:<\/h6>\n<h6 style=\"padding-left: 160px\">19:00 Missa i preg\u00e0ria<\/h6>\n<h6 style=\"padding-left: 120px\">Alcover:<\/h6>\n<h6 style=\"padding-left: 160px\">20:00 Missa i preg\u00e0ria<\/h6>\n<p>&nbsp;<\/p>\n<h4 style=\"padding-left: 80px\">Diumenge, 14<\/h4>\n<h6 style=\"padding-left: 120px\">La Mas\u00f3:<\/h6>\n<h6 style=\"padding-left: 160px\">10:30 Missa i, a l&#8217;acabar, benedicci\u00f3 dels vehicles.<\/h6>\n<h6 style=\"padding-left: 120px\">Alcover<\/h6>\n<h6 style=\"padding-left: 160px\">11:45: Missa i preg\u00e0ria<\/h6>\n<h6 style=\"padding-left: 120px\">El Mil\u00e0<\/h6>\n<h6 style=\"padding-left: 160px\">11:45 Missa i preg\u00e0ria<\/h6>\n<p>&nbsp;<\/p>\n<div id=\"attachment_6005\" style=\"width: 1355px\" class=\"wp-caption alignnone\"><a href=\"https:\/\/assumpcio.alcover.arqtgn.cat\/wp-content\/uploads\/sites\/39\/2024\/07\/Sant-Cristofol_text.jpg\"><img decoding=\"async\" aria-describedby=\"caption-attachment-6005\" class=\"wp-image-6005\" src=\"https:\/\/assumpcio.alcover.arqtgn.cat\/wp-content\/uploads\/sites\/39\/2024\/07\/Sant-Cristofol_text.jpg\" alt=\"\" width=\"1345\" height=\"432\" \/><\/a><p id=\"caption-attachment-6005\" class=\"wp-caption-text\">Full &#8220;El Candeler&#8221;, n\u00fam.170, juliol, 2024. Valls.<\/p><\/div>\n","protected":false},"excerpt":{"rendered":"<p>A v\u00f3s acudim, sant Crist\u00f2fol bene\u00eft, per demanar-vos que ens acompanyeu sempre pel cam\u00ed de la vida i ens aconseguiu poder arribar a la fi de cada jornada, amb salut, <a class=\"more-link\" href=\"https:\/\/assumpcio.alcover.arqtgn.cat\/?p=6004\">Continue Reading &rarr;<\/a><\/p>\n","protected":false},"author":39,"featured_media":0,"comment_status":"closed","ping_status":"closed","sticky":false,"template":"","format":"standard","meta":{"footnotes":""},"categories":[44,1],"tags":[],"class_list":["post-6004","post","type-post","status-publish","format-standard","hentry","category-calendari","category-general"],"amp_enabled":true,"_links":{"self":[{"href":"https:\/\/assumpcio.alcover.arqtgn.cat\/index.php?rest_route=\/wp\/v2\/posts\/6004","targetHints":{"allow":["GET"]}}],"collection":[{"href":"https:\/\/assumpcio.alcover.arqtgn.cat\/index.php?rest_route=\/wp\/v2\/posts"}],"about":[{"href":"https:\/\/assumpcio.alcover.arqtgn.cat\/index.php?rest_route=\/wp\/v2\/types\/post"}],"author":[{"embeddable":true,"href":"https:\/\/assumpcio.alcover.arqtgn.cat\/index.php?rest_route=\/wp\/v2\/users\/39"}],"replies":[{"embeddable":true,"href":"https:\/\/assumpcio.alcover.arqtgn.cat\/index.php?rest_route=%2Fwp%2Fv2%2Fcomments&post=6004"}],"version-history":[{"count":6,"href":"https:\/\/assumpcio.alcover.arqtgn.cat\/index.php?rest_route=\/wp\/v2\/posts\/6004\/revisions"}],"predecessor-version":[{"id":6013,"href":"https:\/\/assumpcio.alcover.arqtgn.cat\/index.php?rest_route=\/wp\/v2\/posts\/6004\/revisions\/6013"}],"wp:attachment":[{"href":"https:\/\/assumpcio.alcover.arqtgn.cat\/index.php?rest_route=%2Fwp%2Fv2%2Fmedia&parent=6004"}],"wp:term":[{"taxonomy":"category","embeddable":true,"href":"https:\/\/assumpcio.alcover.arqtgn.cat\/index.php?rest_route=%2Fwp%2Fv2%2Fcategories&post=6004"},{"taxonomy":"post_tag","embeddable":true,"href":"https:\/\/assumpcio.alcover.arqtgn.cat\/index.php?rest_route=%2Fwp%2Fv2%2Ftags&post=6004"}],"curies":[{"name":"wp","href":"https:\/\/api.w.org\/{rel}","templated":true}]}}