{"id":6014,"date":"2024-07-13T16:25:45","date_gmt":"2024-07-13T14:25:45","guid":{"rendered":"https:\/\/assumpcio.alcover.arqtgn.cat\/?p=6014"},"modified":"2024-07-13T23:52:38","modified_gmt":"2024-07-13T21:52:38","slug":"16-07-2024-dilluns-la-mare-de-deu-del-carme-celebrem-la-seva-festa","status":"publish","type":"post","link":"https:\/\/assumpcio.alcover.arqtgn.cat\/?p=6014","title":{"rendered":"16-07-2024, (dimarts): La Mare de D\u00e9u del Carme: \u00a1Celebrem la seva Festa!"},"content":{"rendered":"<p style=\"text-align: justify\">Comentant l\u2019actualitat, a la Web de l\u2019Ajuntament d\u2019Alcover. s\u2019escrivia <a href=\"https:\/\/altcamp.net\/alcover-la-vila-senyora\/\">aquesta noticia (13 d juliol de 2022)<\/a>:<\/p>\n<div id=\"attachment_6015\" style=\"width: 387px\" class=\"wp-caption alignleft\"><a href=\"https:\/\/assumpcio.alcover.arqtgn.cat\/wp-content\/uploads\/sites\/39\/2024\/07\/Carrer-del-Raval.jpg\"><img fetchpriority=\"high\" decoding=\"async\" aria-describedby=\"caption-attachment-6015\" class=\"wp-image-6015\" src=\"https:\/\/assumpcio.alcover.arqtgn.cat\/wp-content\/uploads\/sites\/39\/2024\/07\/Carrer-del-Raval-1024x766.jpg\" alt=\"\" width=\"377\" height=\"284\" \/><\/a><p id=\"caption-attachment-6015\" class=\"wp-caption-text\">Imatge de la web de l&#8217;Ajuntament d&#8217;Alcover (A l&#8217;acces citat)<\/p><\/div>\n<p style=\"text-align: justify\">\u201c<em><strong>ALCOVER COMPTA AMB UN NOU ITINERARI AL NUCLI HIST\u00d2RIC<\/strong>.<\/em><\/p>\n<p style=\"text-align: justify\"><em>El passat mes de mar\u00e7 es van precaucionar amb esmenes les obres de remodelaci\u00f3 de l\u2019entorn del Raval del Carme d\u2019Alcover, una inversi\u00f3 inclosa en el projecte \u201cAlt Camp: hist\u00f2ria i patrimoni, les arrels d\u2019una terra.<\/em><\/p>\n<p style=\"text-align: justify\"><em>El raval, amb el vial a un sol nivell i \u00e0mplies jardineres, forma part d\u2019un nou tram de la ruta cultural del nucli antic d\u2019Alcover, que uneix el Museu d\u2019Alcover amb l\u2019Esgl\u00e9sia Nova i la torre de Ca Tatx\u00f3.<\/em><\/p>\n<p style=\"text-align: justify\"><em>L\u2019aspecte d\u2019aquesta part del nucli hist\u00f2ric \u00e9s molt m\u00e9s atractiu. Entre la torre de Ca Ballest\u00e9 i el portal de la Saura, el raval tindr\u00e0 la circulaci\u00f3 de vehicles restringida nom\u00e9s als ve\u00efns de la zona, i el vial, a un sol nivell ia amb \u00e0mplies i vistoses jardineres, invita a passejar-hi\u2026<\/em> \u201c<\/p>\n<div id=\"attachment_6016\" style=\"width: 312px\" class=\"wp-caption alignright\"><a href=\"https:\/\/assumpcio.alcover.arqtgn.cat\/wp-content\/uploads\/sites\/39\/2024\/07\/Mare-de-Deu-del-Carme.jpg\"><img decoding=\"async\" aria-describedby=\"caption-attachment-6016\" class=\"wp-image-6016\" src=\"https:\/\/assumpcio.alcover.arqtgn.cat\/wp-content\/uploads\/sites\/39\/2024\/07\/Mare-de-Deu-del-Carme.jpg\" alt=\"\" width=\"302\" height=\"613\" \/><\/a><p id=\"caption-attachment-6016\" class=\"wp-caption-text\">&#8220;La Mare de D\u00e9u del Carme&#8221;, venerada a la &#8220;capelleta&#8221;, al Raval del Carme (Alcover)<\/p><\/div>\n<p style=\"text-align: justify\">Qui s\u2019hi passeja, valora i descobreix aquest entorn cuidat i elegant del municipi, on s\u2019hi percep la historia, amb lligams i implicacions.<br \/>\nI al cor del Raval, ennoblint-lo i donant-li nom (\u201cRaval del Carme\u201d), un espai singular ho acompanya: \u201cLa Capelleta de la Mare de D\u00e9u\u201d: El dia 16 de juliol celebrem la festa (la Mare de D\u00e9u del Carme), una advocaci\u00f3 venerada i que prov\u00e9 de la B\u00edblia. La festa del Carme, concretament, t\u00e9 el seu origen a una muntanya de Palestina anomenada el Carmel. La Sagrada Escriptura ens parla dels profetes Elies i Eliseu, que adoraven D\u00e9u al Carmel.<\/p>\n<p style=\"text-align: justify\">Amb el temps, el cristianisme va considerar aquests profetes, com els prototips dels ermitans i dels monjos. Per aix\u00f2, a partir del segle IV, molts cristians elegiren la muntanya del Carmel, com un lloc per fer vida erem\u00edtica.<br \/>\nVet aqu\u00ed, que el nostre \u201cRaval del Carme\u201d, el que s\u2019hi viu i s\u2019hi comparteix \u00e9s cridat a ser un referent per a una conviv\u00e8ncia singular. L\u00b4expressi\u00f3 Carmel significa jard\u00ed, en hebreu i en \u00e0rab, i en llat\u00ed, poesia. Per aix\u00f2 la B\u00edblia recalca la bellesa de la muntanya del Carmel. Amb tot, per a la tradici\u00f3 carmelitana, la bellesa per excel\u00b7l\u00e8ncia del Carmel, \u00e9s Santa Maria.<\/p>\n<p style=\"text-align: justify\">Que la Mare de D\u00e9u del Carme sigui la protecci\u00f3 per a tothom, Llum en les nostres nits:<\/p>\n<p style=\"text-align: justify\"><strong>&#8220;Mare de D\u00e9u, venerada \u201cMare de D\u00e9u del Carme\u201d,<\/strong><br \/>\n<strong>humil i senzilla, i patrona del mar i dels pescadors i pescadores (i nostra, que som en el mar de la vida).<\/strong><\/p>\n<p style=\"text-align: justify\"><strong>vetlla per tots els treballadors i treballadores.<\/strong><br \/>\n<strong>pels qui tenen treballs precaris,<\/strong><br \/>\n<strong>pels qui arrisquen la seva salut en el treball,<\/strong><br \/>\n<strong>pels qui s\u00f3n explotats amb condicions laborals indignes,<\/strong><br \/>\n<strong>i tamb\u00e9 pels qui estan a l\u00b4atur.<\/strong><\/p>\n<p style=\"text-align: justify\"><strong>Que, contemplant el cel blau de les nostres muntanyes i<\/strong><br \/>\n<strong>el blau de l\u2019aigua del nostre Mar Mediterr\u00e0ni,<\/strong><br \/>\n<strong>la mateixa aigua que acarona la falda del Mont Carmel, a Israel,<\/strong><br \/>\n<strong>siguem agra\u00efts del que som i del que vivim&#8221;.<\/strong><\/p>\n<p style=\"text-align: justify\"><strong>Am\u00e9n.\u201d<\/strong> (a partir d\u2019una \u2018preg\u00e0ria de M.Carme Gom\u00e0)<\/p>\n<h5><strong><span style=\"color: #ff0000\">Horari<\/span>:<\/strong><\/h5>\n<p>&nbsp;<\/p>\n<h5>Festa de la Mare de D\u00e9u del Carme: 16 de juliol de 2024, dimarts:<\/h5>\n<p>&nbsp;<\/p>\n<h6 style=\"padding-left: 40px\">20:00 Missa ( a l&#8217;esgl\u00e9sia parroquial de l&#8217;Assumpci\u00f3, &#8220;esgl\u00e9sia nova&#8221;)<\/h6>\n<h5 style=\"padding-left: 120px\"><strong>tot seguit, prop de la Capella de la Mare de D\u00e9u del Carme, a la Raval del Carme (Alcover): PREG\u00c0RIA DEL ROSARI.<\/strong><\/h5>\n","protected":false},"excerpt":{"rendered":"<p>Comentant l\u2019actualitat, a la Web de l\u2019Ajuntament d\u2019Alcover. s\u2019escrivia aquesta noticia (13 d juliol de 2022): \u201cALCOVER COMPTA AMB UN NOU ITINERARI AL NUCLI HIST\u00d2RIC. El passat mes de mar\u00e7 <a class=\"more-link\" href=\"https:\/\/assumpcio.alcover.arqtgn.cat\/?p=6014\">Continue Reading &rarr;<\/a><\/p>\n","protected":false},"author":39,"featured_media":0,"comment_status":"closed","ping_status":"closed","sticky":false,"template":"","format":"standard","meta":{"footnotes":""},"categories":[44,1],"tags":[],"class_list":["post-6014","post","type-post","status-publish","format-standard","hentry","category-calendari","category-general"],"amp_enabled":true,"_links":{"self":[{"href":"https:\/\/assumpcio.alcover.arqtgn.cat\/index.php?rest_route=\/wp\/v2\/posts\/6014","targetHints":{"allow":["GET"]}}],"collection":[{"href":"https:\/\/assumpcio.alcover.arqtgn.cat\/index.php?rest_route=\/wp\/v2\/posts"}],"about":[{"href":"https:\/\/assumpcio.alcover.arqtgn.cat\/index.php?rest_route=\/wp\/v2\/types\/post"}],"author":[{"embeddable":true,"href":"https:\/\/assumpcio.alcover.arqtgn.cat\/index.php?rest_route=\/wp\/v2\/users\/39"}],"replies":[{"embeddable":true,"href":"https:\/\/assumpcio.alcover.arqtgn.cat\/index.php?rest_route=%2Fwp%2Fv2%2Fcomments&post=6014"}],"version-history":[{"count":7,"href":"https:\/\/assumpcio.alcover.arqtgn.cat\/index.php?rest_route=\/wp\/v2\/posts\/6014\/revisions"}],"predecessor-version":[{"id":6023,"href":"https:\/\/assumpcio.alcover.arqtgn.cat\/index.php?rest_route=\/wp\/v2\/posts\/6014\/revisions\/6023"}],"wp:attachment":[{"href":"https:\/\/assumpcio.alcover.arqtgn.cat\/index.php?rest_route=%2Fwp%2Fv2%2Fmedia&parent=6014"}],"wp:term":[{"taxonomy":"category","embeddable":true,"href":"https:\/\/assumpcio.alcover.arqtgn.cat\/index.php?rest_route=%2Fwp%2Fv2%2Fcategories&post=6014"},{"taxonomy":"post_tag","embeddable":true,"href":"https:\/\/assumpcio.alcover.arqtgn.cat\/index.php?rest_route=%2Fwp%2Fv2%2Ftags&post=6014"}],"curies":[{"name":"wp","href":"https:\/\/api.w.org\/{rel}","templated":true}]}}