{"id":6026,"date":"2024-07-20T14:28:35","date_gmt":"2024-07-20T12:28:35","guid":{"rendered":"https:\/\/assumpcio.alcover.arqtgn.cat\/?p=6026"},"modified":"2024-07-23T11:09:08","modified_gmt":"2024-07-23T09:09:08","slug":"20-07-2024-la-liturgia-una-oportuniat-pastoral-privilegiada","status":"publish","type":"post","link":"https:\/\/assumpcio.alcover.arqtgn.cat\/?p=6026","title":{"rendered":"20-07-2024: La lit\u00fargia, una oportuniat pastoral privilegiada."},"content":{"rendered":"<h6 style=\"text-align: justify\">\u201c<strong>Engendrats en la fe i en constant proc\u00e9s de formaci\u00f3, la fraternitat cristiana necessita tamb\u00e9 celebrar all\u00f2 que \u00e9s i viu<\/strong>\u201d (<em>PLANELLAS, Mons.Joan: \u201c<a href=\"https:\/\/hemeroteca.arqtgn.cat\/bitstream\/123456789\/13661\/1\/2023-10-15-Exhortaci%c3%b3%20%c2%abHeu%20estat%20fills%2csigueu%20tamb%c3%a9%20mares%c2%bb.pdf\">HEU ESTAT FILLS, SIGUEU TAMB\u00c9 MARES<\/a>\u201d, Exhortaci\u00f3 sobre la Maternitat de l\u2019Esgl\u00e9sia i les seves conseq\u00fc\u00e8ncies pastorals a l\u2019Arxidi\u00f2cesi\u201d, pp.43-46,\u00a0 <strong>2.4: \u00e0mbit de la celebraci\u00f3 de la fe<\/strong>; 2023<\/em>)<\/h6>\n<p>&nbsp;<\/p>\n<h5><\/h5>\n<h5><\/h5>\n<h6 style=\"text-align: justify\"><a href=\"https:\/\/assumpcio.alcover.arqtgn.cat\/wp-content\/uploads\/sites\/39\/2024\/07\/LAixaviga-2024.jpg\"><img fetchpriority=\"high\" decoding=\"async\" class=\"wp-image-6027 alignright\" src=\"https:\/\/assumpcio.alcover.arqtgn.cat\/wp-content\/uploads\/sites\/39\/2024\/07\/LAixaviga-2024-1024x718.jpg\" alt=\"\" width=\"405\" height=\"287\" \/><\/a>Quan participem en la <strong>lit\u00fargia<\/strong> de manera conscient, activa i interior, <strong>acompanyem la vida<\/strong>, que es va transformant en un\u00a0<span style=\"font-family: 'Helvetica Neue', Arial, sans-serif;font-size: 1.5rem\">culte viu i real, el de les coses de cada dia. <\/span><span style=\"font-family: 'Helvetica Neue', Arial, sans-serif;font-size: 1.5rem\">\u00c9s on vivim, en l&#8217;\u00e0mbit familiar o en el de l\u2019amistat, el treball o la professi\u00f3, etc., en definitiva, en el dia a dia, on donem culte a D\u00e9u, servint Crist i donant-ne testimoni: \u201cla Caritat del Crist\u201d \u00e9s la lit\u00fargia de cada dia, la lit\u00fargia del que ens \u00e9s habitual! (2 Cor 5,14). La lit\u00fargia ben pensada, activa, ens ajudar\u00e0 per impregnar-nos b\u00e9 del que celebrem i per ser testimonis de l\u2019Evangeli, deixebles de qui ens acompanya (Lc 24, 13-35).<\/span><\/h6>\n<p>&nbsp;<\/p>\n<h5><span style=\"color: #ff0000\"><strong>I) La lit\u00fargia, una oportunitat pastoral privilegiada<\/strong><\/span>:<\/h5>\n<h5><\/h5>\n<p>&nbsp;<\/p>\n<h6 style=\"text-align: justify;padding-left: 80px\"><a href=\"https:\/\/assumpcio.alcover.arqtgn.cat\/wp-content\/uploads\/sites\/39\/2024\/07\/La-Maso-2024.jpg\"><img decoding=\"async\" class=\"wp-image-6028 alignright\" src=\"https:\/\/assumpcio.alcover.arqtgn.cat\/wp-content\/uploads\/sites\/39\/2024\/07\/La-Maso-2024-865x1024.jpg\" alt=\"\" width=\"262\" height=\"309\" srcset=\"https:\/\/assumpcio.alcover.arqtgn.cat\/wp-content\/uploads\/sites\/39\/2024\/07\/La-Maso-2024-865x1024.jpg 865w, https:\/\/assumpcio.alcover.arqtgn.cat\/wp-content\/uploads\/sites\/39\/2024\/07\/La-Maso-2024-768x910.jpg 768w, https:\/\/assumpcio.alcover.arqtgn.cat\/wp-content\/uploads\/sites\/39\/2024\/07\/La-Maso-2024.jpg 1080w\" sizes=\"(max-width: 262px) 100vw, 262px\" \/><\/a>a) Festa Major, a les parr\u00f2quies de la nostra Unitat Pastoral, festa Major &#8220;en l\u2019estiu\u201d, a Mont ral -l nucli de l\u2019Aix\u00e0viga o al de Mont ral mateix -a l&#8217;Esgl\u00e9sia parroquial de &#8220;Sant Pere <em>ad vincula<\/em>&#8220;- i,\u00a0 tamb\u00e9, al de Farena-, a La Mas\u00f3, a La Riba, i recordant &#8220;molt viva&#8221; la celebraci\u00f3 de Sant Isidre, al Mil\u00e0. A\u00a0 Alcover la Festa titular de la Parr\u00f2quia, l&#8217;Assumpci\u00f3, el 15 d&#8217;agost. ens \u00e9s una \u201coportunitat de creixement\u201d. La lit\u00fargia integrada en la programaci\u00f3, acompanyant-la, ens \u00e9s \u201c<strong>Oportunitat pastoral<\/strong>\u201d que, preparada amb els ve\u00efns i les entitats en la Festa, \u00e9s espai vital i privilegiat per la trobada.<\/h6>\n<p>&nbsp;<\/p>\n<h6 style=\"text-align: justify;padding-left: 80px\">b) La lit\u00fargia, \u201coportunitat propera i possible\u201d que afavoreix la trobada familiar amb Jes\u00fas:<\/h6>\n<h6 style=\"text-align: justify\"><\/h6>\n<h6 style=\"text-align: justify;padding-left: 120px\">&#8211; Quan les fam\u00edlies procuren que els infants\/adolescents s\u2019integrin a la catequesi, cuidant la seva iniciaci\u00f3 cristiana.<br \/>\n&#8211; Quan es procura que els malalts celebrin la Unci\u00f3 o participin de la Comuni\u00f3, regularment i a casa, si \u00e9s el cas.<br \/>\n&#8211; Quan la preparaci\u00f3 del Bateig o del Matrimoni, etc.<\/h6>\n<p>&nbsp;<\/p>\n<h6><\/h6>\n<h6 style=\"text-align: justify;padding-left: 80px\">c) Celebracions o &#8220;espais lit\u00fargics&#8221; per cuidar la Trobada personal amb Jes\u00fas:<\/h6>\n<h6><\/h6>\n<h6 style=\"padding-left: 120px;text-align: justify\">&#8211; En l\u2019Eucaristia de cada diumenge i\/o Festa, o en l\u2019Eucaristia de cada dia<\/h6>\n<h6 style=\"padding-left: 120px;text-align: justify\">&#8211; En el silenci, en adoraci\u00f3 al Sagrament, personal o, per exemple, la que es convoca, comunit\u00e0ria -els dijous, despr\u00e9s de la Missa-, a Alcover.<br \/>\n&#8211; En l\u2019espai que \u00e9s l&#8217;esgl\u00e9sia del Senyor, on \u00e9s Jes\u00fas qui acull des del silenci, \u201ccor a cor\u201d, i que, en preg\u00e0ria personal i \u00edntima, t\u2019hi vols trobar. A la nostra Unitat Pastoral hi ha, tamb\u00e9, l&#8217;espai privilegiat de l&#8217;Ermita de la Mare de D\u00e9u del Remei.<\/h6>\n<p>&nbsp;<\/p>\n<h6><\/h6>\n<h6 style=\"padding-left: 80px\">d) I, encara, la lit\u00fargia, a l\u2019arrel de tota proposta des de cada Comunitat Parroquial:<\/h6>\n<h6><\/h6>\n<h6 style=\"padding-left: 120px;text-align: justify\">&#8211; La lit\u00fargia, fonament en l\u2019educaci\u00f3 de la Fe i l&#8217;acompanyament. Cal procurar-ho en la Iniciaci\u00f3 Cristiana, en trobades de joves i adults, etc. (La missa, per descomptat!, tamb\u00e9 la preg\u00e0ria personal o l\u2019estona pregant a la Capella).<br \/>\n&#8211;\u00a0 En el comprom\u00eds amb els m\u00e9s pobres i vulnerables. En la Caritat de l\u2019Esgl\u00e9sia \u00e9s el mateix Jes\u00fas qui acull i acompanya.(Caritas n&#8217;\u00e9s l&#8217;exponent m\u00e9s significatiu), tab\u00e9 Campanyes que es promouen o la col.laboraci\u00f3 d&#8217;institucions i\/o entitats que ho fan possible i cal agrair.<br \/>\n&#8211; I encara, ben cuidada i propera a cada situaci\u00f3 i realitat, la lit\u00fargia \u00e9s di\u00e0leg de l\u2019Evangeli amb la cultura, el lleure i la festa, amb la historia en definitiva (p.e. les diferents manifestacions de religiositat, les tradicions populars, etc.).<\/h6>\n<p>&nbsp;<\/p>\n<h6><\/h6>\n<h6><strong><span style=\"color: #ff0000\">II) Ens s\u00f3n necessaris recursos i formaci\u00f3<\/span><\/strong><\/h6>\n<p>&nbsp;<\/p>\n<h6><\/h6>\n<h6 style=\"padding-left: 120px;text-align: justify\">&#8211; Es procura que l&#8217;Arxiprestat (en el nostre cas el de l&#8217;Alt Camp, s&#8217;ofereixen recursos i propostes.<\/h6>\n<h6><\/h6>\n<h6 style=\"padding-left: 120px;text-align: justify\">&#8211; Tamb\u00e9, a l&#8217;Arquebisbat, les Delegacions ho cuiden i ens acompanyen. En el que avui es planteja, la LITURGIA, per exemple, la Delegaci\u00f3 diocesana ofereix periodicament el Full Connecta&#8217;t, ja en s\u00f3n vint. A la UPA es distribueix, per la xarxa, o el poden procurar, tamb\u00e9, impr\u00e9s, a cada Parr\u00f2quia, o accedir a la web de la pr\u00f2pia Delegaci\u00f3 diocesana.<\/h6>\n<h6><\/h6>\n<p>&nbsp;<\/p>\n<h5 style=\"padding-left: 80px\"><\/h5>\n<h5><a href=\"https:\/\/assumpcio.alcover.arqtgn.cat\/wp-content\/uploads\/sites\/39\/2024\/07\/Connectat-11.jpg\"><img decoding=\"async\" class=\"wp-image-6054 aligncenter\" src=\"https:\/\/assumpcio.alcover.arqtgn.cat\/wp-content\/uploads\/sites\/39\/2024\/07\/Connectat-11-725x1024.jpg\" alt=\"\" width=\"439\" height=\"615\" \/><\/a><\/h5>\n<h5><a href=\"https:\/\/assumpcio.alcover.arqtgn.cat\/wp-content\/uploads\/sites\/39\/2024\/07\/Connectat-222.jpg\"><img loading=\"lazy\" decoding=\"async\" class=\" wp-image-6060 aligncenter\" src=\"https:\/\/assumpcio.alcover.arqtgn.cat\/wp-content\/uploads\/sites\/39\/2024\/07\/Connectat-222-768x1024.jpg\" alt=\"\" width=\"430\" height=\"570\" \/><\/a><\/h5>\n<h5><\/h5>\n<h6 style=\"padding-left: 80px;text-align: justify\"><a href=\"https:\/\/liturgia.arqtgn.cat\/\">Web de la Delegaci\u00f3 diocesana de l\u00edturgia,<\/a> Arquebisbat de Tarragona.<\/h6>\n<p>&nbsp;<\/p>\n<h6 style=\"padding-left: 80px;text-align: justify\">I encara, la <a href=\"https:\/\/hemeroteca.arqtgn.cat\/bitstream\/123456789\/13701\/1\/R334.pdf\">Revista, Esgl\u00e9sia de Tarragona<\/a> (Arquebisbat de Tarragona, N\u00fam 334, gener-febrer-mar\u00e7 de 2024): &#8220;DESCOBRIM LA LIT\u00daRGIA&#8221;.<\/h6>\n<h5><\/h5>\n<p>&nbsp;<\/p>\n","protected":false},"excerpt":{"rendered":"<p>\u201cEngendrats en la fe i en constant proc\u00e9s de formaci\u00f3, la fraternitat cristiana necessita tamb\u00e9 celebrar all\u00f2 que \u00e9s i viu\u201d (PLANELLAS, Mons.Joan: \u201cHEU ESTAT FILLS, SIGUEU TAMB\u00c9 MARES\u201d, Exhortaci\u00f3 <a class=\"more-link\" href=\"https:\/\/assumpcio.alcover.arqtgn.cat\/?p=6026\">Continue Reading &rarr;<\/a><\/p>\n","protected":false},"author":39,"featured_media":0,"comment_status":"closed","ping_status":"closed","sticky":false,"template":"","format":"standard","meta":{"footnotes":""},"categories":[44,1,64],"tags":[],"class_list":["post-6026","post","type-post","status-publish","format-standard","hentry","category-calendari","category-general","category-rector-joan-anton"],"amp_enabled":true,"_links":{"self":[{"href":"https:\/\/assumpcio.alcover.arqtgn.cat\/index.php?rest_route=\/wp\/v2\/posts\/6026","targetHints":{"allow":["GET"]}}],"collection":[{"href":"https:\/\/assumpcio.alcover.arqtgn.cat\/index.php?rest_route=\/wp\/v2\/posts"}],"about":[{"href":"https:\/\/assumpcio.alcover.arqtgn.cat\/index.php?rest_route=\/wp\/v2\/types\/post"}],"author":[{"embeddable":true,"href":"https:\/\/assumpcio.alcover.arqtgn.cat\/index.php?rest_route=\/wp\/v2\/users\/39"}],"replies":[{"embeddable":true,"href":"https:\/\/assumpcio.alcover.arqtgn.cat\/index.php?rest_route=%2Fwp%2Fv2%2Fcomments&post=6026"}],"version-history":[{"count":80,"href":"https:\/\/assumpcio.alcover.arqtgn.cat\/index.php?rest_route=\/wp\/v2\/posts\/6026\/revisions"}],"predecessor-version":[{"id":6112,"href":"https:\/\/assumpcio.alcover.arqtgn.cat\/index.php?rest_route=\/wp\/v2\/posts\/6026\/revisions\/6112"}],"wp:attachment":[{"href":"https:\/\/assumpcio.alcover.arqtgn.cat\/index.php?rest_route=%2Fwp%2Fv2%2Fmedia&parent=6026"}],"wp:term":[{"taxonomy":"category","embeddable":true,"href":"https:\/\/assumpcio.alcover.arqtgn.cat\/index.php?rest_route=%2Fwp%2Fv2%2Fcategories&post=6026"},{"taxonomy":"post_tag","embeddable":true,"href":"https:\/\/assumpcio.alcover.arqtgn.cat\/index.php?rest_route=%2Fwp%2Fv2%2Ftags&post=6026"}],"curies":[{"name":"wp","href":"https:\/\/api.w.org\/{rel}","templated":true}]}}