{"id":6114,"date":"2024-07-26T20:53:49","date_gmt":"2024-07-26T18:53:49","guid":{"rendered":"https:\/\/assumpcio.alcover.arqtgn.cat\/?p=6114"},"modified":"2024-07-27T08:37:16","modified_gmt":"2024-07-27T06:37:16","slug":"28-07-2024-iv-jornada-mundial-dels-avis-i-avies-i-de-la-gent-gran-al-temps-de-la-vellesa-no-em-rebutgis-sl-719","status":"publish","type":"post","link":"https:\/\/assumpcio.alcover.arqtgn.cat\/?p=6114","title":{"rendered":"28-07-2024: IV Jornada mundial dels avis i \u00e0vies i de la gent gran, \u00abAL TEMPS DE LA VELLESA NO EM REBUTGIS\u00bb (Sl 71,9)"},"content":{"rendered":"<h5 style=\"text-align: justify\"><a href=\"https:\/\/assumpcio.alcover.arqtgn.cat\/wp-content\/uploads\/sites\/39\/2024\/07\/Gent-gran-2024.jpeg\"><img fetchpriority=\"high\" decoding=\"async\" class=\"wp-image-6115 alignleft\" src=\"https:\/\/assumpcio.alcover.arqtgn.cat\/wp-content\/uploads\/sites\/39\/2024\/07\/Gent-gran-2024.jpeg\" alt=\"\" width=\"408\" height=\"221\" \/><\/a>El Papa Francesc, dirigint-se a la gent gran, entre els quals s\u2019inclou, els diu:<strong> \u201cQuina \u00e9s la nostra vocaci\u00f3 avui, a la nostra edat? Custodiar les arrels, transmetre la fe als joves i tenir cura dels petits. No ho oblideu\u201d<\/strong>.<\/h5>\n<p>&nbsp;<\/p>\n<p style=\"text-align: justify\">El diumenge 28 de juliol de 2024, l\u2019Esgl\u00e9sia universal celebra la IV Jornada Mundial dels Avis i la Gent Gran. La Jornada \u00e9s una ocasi\u00f3 per dir un cop m\u00e9s, amb alegria, que l\u2019Esgl\u00e9sia vol estar de festa amb aquells a qui el Senyor -com diu la B\u00edblia- ha \u00abcolmat de dies\u00bb, una convocatoria important per la vida de les nostres parr\u00f2quies.<\/p>\n<p style=\"text-align: justify\">A<a href=\"https:\/\/laicsifamilia.arqtgn.cat\/\"> l&#8217;Arquebisbat, prepara la Trobada diocesana la Delegaci\u00f3 per als laics i de la fam\u00edlia<\/a>, hi presidir\u00e0 la celebraci\u00f3 el Sr.Arquebisbe, a la Parr\u00f2quia de Santa Maria del Mar, a Salou. <strong><span style=\"font-family: Arial, Helvetica, sans-serif;font-size: 16px;font-style: normal\">Se\u2019ns convida a recon\u00e8ixer el valor permanent, dels avis i \u00e0vies, de la gent gran, no nom\u00e9s de tant en tant. Ens cal assumir-ho, tamb\u00e9, a la nostra Unitat Pastoral, a cada Parr\u00f2quia [Alcover, La Riba, La Mas\u00f3, El Mil\u00e0, Farena i Mont ral].<\/span><\/strong><a href=\"https:\/\/assumpcio.alcover.arqtgn.cat\/wp-content\/uploads\/sites\/39\/2024\/07\/Jornada-Laics-i-familia-2024.png\"><img decoding=\"async\" class=\"wp-image-6116 alignright\" src=\"https:\/\/assumpcio.alcover.arqtgn.cat\/wp-content\/uploads\/sites\/39\/2024\/07\/Jornada-Laics-i-familia-2024-1024x1024.png\" alt=\"\" width=\"306\" height=\"306\" srcset=\"https:\/\/assumpcio.alcover.arqtgn.cat\/wp-content\/uploads\/sites\/39\/2024\/07\/Jornada-Laics-i-familia-2024-1024x1024.png 1024w, https:\/\/assumpcio.alcover.arqtgn.cat\/wp-content\/uploads\/sites\/39\/2024\/07\/Jornada-Laics-i-familia-2024-300x300.png 300w, https:\/\/assumpcio.alcover.arqtgn.cat\/wp-content\/uploads\/sites\/39\/2024\/07\/Jornada-Laics-i-familia-2024-150x150.png 150w, https:\/\/assumpcio.alcover.arqtgn.cat\/wp-content\/uploads\/sites\/39\/2024\/07\/Jornada-Laics-i-familia-2024-768x768.png 768w, https:\/\/assumpcio.alcover.arqtgn.cat\/wp-content\/uploads\/sites\/39\/2024\/07\/Jornada-Laics-i-familia-2024.png 1080w\" sizes=\"(max-width: 306px) 100vw, 306px\" \/><\/a><\/p>\n<p style=\"text-align: justify\">La convivencia (i en la Jornada d\u2019avui, subratllant la convivencia amb els avis i \u00e0vies, i en fam\u00edlia) \u00e9s el que permet con\u00e8ixer la hist\u00f2ria familiar, saber com erem tots plegats de m\u00e9s joves i\/o de petits, ens permet identificar els trets comuns i tamb\u00e9 les difer\u00e8ncies, i tot plegat ens ajuda ens acompa\u00f1a, ens educa. Aquests lla\u00e7os creen seguretat, augmenten l\u2019autoestima, ajuden a saber d\u2019on venim i cap on anem.<br \/>\nD\u00e9u, sovint, es fa present gr\u00e0cies a aquesta convivencia i les intervencions, \u201cintencionades i alhora respectuoses\u201d, dels avis i \u00e0vies que, en algunes fam\u00edlies (i en les Parr\u00f2quies), s\u00f3n agents de pastoral del que en diem \u201cel primer anunci de la fe\u201d, quan amb tendresa s\u2019educa els infants a pregar i han cuidat que la celebraci\u00f3n dels sagraments es comprengui i assumeixi com a referencia (Primera comuni\u00f3, o el matrimoni) i\/o ho quan , de vegades \u201cper ser com \u00e9s l\u2019avi o l\u2019\u00e0via\u201d es procura que el \u201cSagrament\u201d truqui a la porta de la familia en l\u2019Eucaristia i entri, prop de qui ja no pot sortir al carrer o, tamb\u00e9, per celebrar la Unci\u00f3 dels malalts.<\/p>\n<p style=\"text-align: justify\">La Delegaci\u00f3 diocesana per als laics i de la fam\u00edlia, ens suggereix aquest subratllat del Missatge del Sant Pare Francesc, per laquesta Jornada: \u201c<span style=\"color: #ff0000\"><em>En aquesta IV Jornada Mundial dedicada a ells, no deixem de mostrar la nostra tendresa als avis i als grans de les nostres fam\u00edlies, visitem els que estan desanimats o que ja no esperen que un futur diferent sigui possible. A l\u2019actitud egoista que porta al rebuig i a la solitud contraposem el cor obert i el rostre alegre de qui t\u00e9 la valentia de dir \u201cno t\u2019abandonar\u00e9!\u201d i d\u2019emprendre un cam\u00ed diferent<\/em><\/span>.\u201d<\/p>\n<p>&nbsp;<\/p>\n<p><span style=\"color: #ff0000\"><strong>Per ampliar-ho:<\/strong><\/span><\/p>\n<p><a href=\"https:\/\/www.tarraconense.cat\/missatge-del-sant-pare-francesc-per-a-la-iv-jornada-mundial-dels-avis-i-de-la-gent-gran\/\">Misssatge del Sant Pare Francesc per la IV Jornada mundial dels avis i de la gents gran<\/a> [28 de juliol, 2024]<\/p>\n<p><a href=\"https:\/\/laicsifamilia.arqtgn.cat\/\">IV Jornada mundial dels avis i la gent gran<\/a> [Delegaci\u00f3 diocesana per als laics i de la fam\u00edlia, Arquebisbat de Tarragona]<\/p>\n<p><a href=\"https:\/\/www.catalunyareligio.cat\/ca\/26-juliol-es-dia-dels-avis\">Per qu\u00e8 el 26 de juliol \u00e9s el dia dels Avis?<\/a> [a CatalunyaReligi\u00f3]<\/p>\n<p>&nbsp;<\/p>\n<p>&nbsp;<\/p>\n","protected":false},"excerpt":{"rendered":"<p>El Papa Francesc, dirigint-se a la gent gran, entre els quals s\u2019inclou, els diu: \u201cQuina \u00e9s la nostra vocaci\u00f3 avui, a la nostra edat? Custodiar les arrels, transmetre la fe <a class=\"more-link\" href=\"https:\/\/assumpcio.alcover.arqtgn.cat\/?p=6114\">Continue Reading &rarr;<\/a><\/p>\n","protected":false},"author":39,"featured_media":0,"comment_status":"closed","ping_status":"closed","sticky":false,"template":"","format":"standard","meta":{"footnotes":""},"categories":[44,1,64],"tags":[],"class_list":["post-6114","post","type-post","status-publish","format-standard","hentry","category-calendari","category-general","category-rector-joan-anton"],"amp_enabled":true,"_links":{"self":[{"href":"https:\/\/assumpcio.alcover.arqtgn.cat\/index.php?rest_route=\/wp\/v2\/posts\/6114","targetHints":{"allow":["GET"]}}],"collection":[{"href":"https:\/\/assumpcio.alcover.arqtgn.cat\/index.php?rest_route=\/wp\/v2\/posts"}],"about":[{"href":"https:\/\/assumpcio.alcover.arqtgn.cat\/index.php?rest_route=\/wp\/v2\/types\/post"}],"author":[{"embeddable":true,"href":"https:\/\/assumpcio.alcover.arqtgn.cat\/index.php?rest_route=\/wp\/v2\/users\/39"}],"replies":[{"embeddable":true,"href":"https:\/\/assumpcio.alcover.arqtgn.cat\/index.php?rest_route=%2Fwp%2Fv2%2Fcomments&post=6114"}],"version-history":[{"count":7,"href":"https:\/\/assumpcio.alcover.arqtgn.cat\/index.php?rest_route=\/wp\/v2\/posts\/6114\/revisions"}],"predecessor-version":[{"id":6123,"href":"https:\/\/assumpcio.alcover.arqtgn.cat\/index.php?rest_route=\/wp\/v2\/posts\/6114\/revisions\/6123"}],"wp:attachment":[{"href":"https:\/\/assumpcio.alcover.arqtgn.cat\/index.php?rest_route=%2Fwp%2Fv2%2Fmedia&parent=6114"}],"wp:term":[{"taxonomy":"category","embeddable":true,"href":"https:\/\/assumpcio.alcover.arqtgn.cat\/index.php?rest_route=%2Fwp%2Fv2%2Fcategories&post=6114"},{"taxonomy":"post_tag","embeddable":true,"href":"https:\/\/assumpcio.alcover.arqtgn.cat\/index.php?rest_route=%2Fwp%2Fv2%2Ftags&post=6114"}],"curies":[{"name":"wp","href":"https:\/\/api.w.org\/{rel}","templated":true}]}}