{"id":6133,"date":"2024-07-28T21:31:20","date_gmt":"2024-07-28T19:31:20","guid":{"rendered":"https:\/\/assumpcio.alcover.arqtgn.cat\/?p=6133"},"modified":"2024-07-28T22:13:11","modified_gmt":"2024-07-28T20:13:11","slug":"30-07-2024-sant-abdo-i-sant-senen-patrons-en-la-festa-major-de-lestiu-a-la-riba","status":"publish","type":"post","link":"https:\/\/assumpcio.alcover.arqtgn.cat\/?p=6133","title":{"rendered":"30-07-2024: Sant Abd\u00f3 i Sant Sen\u00e9n, Patrons en la Festa Major de l&#8217;estiu, a La Riba."},"content":{"rendered":"<h5><\/h5>\n<h5 style=\"text-align: justify\"><a href=\"https:\/\/assumpcio.alcover.arqtgn.cat\/wp-content\/uploads\/sites\/39\/2024\/07\/Sant-Abdo-i-Sant-Senen_La-Riba.2024.jpg\"><img fetchpriority=\"high\" decoding=\"async\" class=\"wp-image-6128 alignleft\" src=\"https:\/\/assumpcio.alcover.arqtgn.cat\/wp-content\/uploads\/sites\/39\/2024\/07\/Sant-Abdo-i-Sant-Senen_La-Riba.2024.jpg\" alt=\"\" width=\"262\" height=\"323\" \/><\/a>A la Riba, el dimarts (30 de juliol) i el Diumenge (4 d\u2019agost), celebrarem la Festa de \u201cSant Abd\u00f3 i Sant Sen\u00e9n\u201d, dos m\u00e0rtirs d\u2019origen oriental, de qui la veneraci\u00f3 es va expandir des de Roma a Europa, gr\u00e0cies sobretot al papa Gregori VII\u00e8. La devoci\u00f3 als Sants Abd\u00f3 i Sen\u00e9n oferia un missatge clar: laics i nobles, els dos germans <strong>eren un model de sol\u00b7licitud, auxiliant als cristians perseguits (Mt 25, 31-46)<\/strong>. Cal subratllar les seves &#8220;obres de miseric\u00f2rdia&#8221; (s\u2019ocupaven sobretot d\u2019enterrar els seus correligionaris m\u00e0rtirs). Per aix\u00f2 l\u2019Esgl\u00e9sia els aclamava amb aquests Goigs del segle XVIII: \u201cGermans Abdon i Sen\u00e9n,\/ m\u00e0rtirs de D\u00e9u molt amats,\/ supliquem-vos humilment:\/ sigueu nostres advocats\u201d.<\/h5>\n<h5 style=\"text-align: justify\">Empresonats, van ser duts a Roma, on se\u2019ls va comminar a adorar els d\u00e9us pagans i abjurar de la fe en Crist. Com que s\u2019hi van negar i es van mantenir ferms en les seves conviccions van ser torturats i finalment decapitats. Van ser enterrats a l\u2019indret on actualment hi ha la bas\u00edlica de Sant Marc, a Roma.<\/h5>\n<h5><\/h5>\n<p>&nbsp;<\/p>\n<h5><\/h5>\n<h5><\/h5>\n<h5><strong><span style=\"color: #ff0000\">Patrons en la Festa Major d&#8217;estiu, a La Riba<\/span><\/strong><\/h5>\n<p>&nbsp;<\/p>\n<h5 style=\"text-align: justify\">Sant Abd\u00f3 i Sant Senen ens acompanyen, i s\u00f3n a l&#8217;arrel de la Festa Major de l\u2019estiu, i a Catalunya, tradicionalment se\u2019ls<a href=\"https:\/\/assumpcio.alcover.arqtgn.cat\/wp-content\/uploads\/sites\/39\/2024\/07\/Abdo-i-Senen-2.jpg\"><img decoding=\"async\" class=\"wp-image-6134 alignright\" src=\"https:\/\/assumpcio.alcover.arqtgn.cat\/wp-content\/uploads\/sites\/39\/2024\/07\/Abdo-i-Senen-2-1024x813.jpg\" alt=\"\" width=\"424\" height=\"339\" \/><\/a> celebra com a patrons dels pagesos. Aquests dies subratllem la conviv\u00e8ncia\u00a0 entre qui viu a la Riba i qui hi \u00e9s per la Festa o qui hi \u00e9s en temps d&#8217;estiu. Tamb\u00e9 a la Parr\u00f2quia ens cal cuidar-ho, tot plegat ens ajuda, ens acompa\u00f1a, ens educa, augmenta l\u2019autoestima, ajuda a saber d\u2019on venim i cap on anem. D\u00e9u, sovint, es fa present gr\u00e0cies aquest compartir.<\/h5>\n<p>&nbsp;<\/p>\n<h5 style=\"padding-left: 80px\"><strong>Dimarts, dia 30 de juliol<\/strong>:<\/h5>\n<h5><\/h5>\n<h5 style=\"padding-left: 160px\">20:30, <strong>Missa<\/strong>, en mem\u00f2ria de Sant Abd\u00f3 i Sant Sen\u00e9n.<\/h5>\n<h5 style=\"padding-left: 160px\">21:00, &#8220;<strong>XXXI Sopar parroquial<\/strong>&#8220;, a l&#8217;hort de la Rectoria.<\/h5>\n<h5><\/h5>\n<p>&nbsp;<\/p>\n<h5><\/h5>\n<h5 style=\"padding-left: 80px\"><strong>Diumenge, dia 4 d&#8217;agost<\/strong><\/h5>\n<h5><\/h5>\n<h5 style=\"padding-left: 160px\">13:00, <strong>Missa<\/strong>, en la celebraci\u00f3 de la Festa Major d&#8217;estiu, a La Riba.<\/h5>\n<p>&nbsp;<\/p>\n<p><a href=\"https:\/\/assumpcio.alcover.arqtgn.cat\/wp-content\/uploads\/sites\/39\/2024\/07\/Sant-Abdo-i-Sant-Senen_Goigs.2024.jpg\"><img decoding=\"async\" class=\"wp-image-6127 aligncenter\" src=\"https:\/\/assumpcio.alcover.arqtgn.cat\/wp-content\/uploads\/sites\/39\/2024\/07\/Sant-Abdo-i-Sant-Senen_Goigs.2024.jpg\" alt=\"\" width=\"594\" height=\"892\" \/><\/a><\/p>\n","protected":false},"excerpt":{"rendered":"<p>A la Riba, el dimarts (30 de juliol) i el Diumenge (4 d\u2019agost), celebrarem la Festa de \u201cSant Abd\u00f3 i Sant Sen\u00e9n\u201d, dos m\u00e0rtirs d\u2019origen oriental, de qui la veneraci\u00f3 <a class=\"more-link\" href=\"https:\/\/assumpcio.alcover.arqtgn.cat\/?p=6133\">Continue Reading &rarr;<\/a><\/p>\n","protected":false},"author":39,"featured_media":0,"comment_status":"closed","ping_status":"closed","sticky":false,"template":"","format":"standard","meta":{"footnotes":""},"categories":[1],"tags":[],"class_list":["post-6133","post","type-post","status-publish","format-standard","hentry","category-general"],"amp_enabled":true,"_links":{"self":[{"href":"https:\/\/assumpcio.alcover.arqtgn.cat\/index.php?rest_route=\/wp\/v2\/posts\/6133","targetHints":{"allow":["GET"]}}],"collection":[{"href":"https:\/\/assumpcio.alcover.arqtgn.cat\/index.php?rest_route=\/wp\/v2\/posts"}],"about":[{"href":"https:\/\/assumpcio.alcover.arqtgn.cat\/index.php?rest_route=\/wp\/v2\/types\/post"}],"author":[{"embeddable":true,"href":"https:\/\/assumpcio.alcover.arqtgn.cat\/index.php?rest_route=\/wp\/v2\/users\/39"}],"replies":[{"embeddable":true,"href":"https:\/\/assumpcio.alcover.arqtgn.cat\/index.php?rest_route=%2Fwp%2Fv2%2Fcomments&post=6133"}],"version-history":[{"count":16,"href":"https:\/\/assumpcio.alcover.arqtgn.cat\/index.php?rest_route=\/wp\/v2\/posts\/6133\/revisions"}],"predecessor-version":[{"id":6150,"href":"https:\/\/assumpcio.alcover.arqtgn.cat\/index.php?rest_route=\/wp\/v2\/posts\/6133\/revisions\/6150"}],"wp:attachment":[{"href":"https:\/\/assumpcio.alcover.arqtgn.cat\/index.php?rest_route=%2Fwp%2Fv2%2Fmedia&parent=6133"}],"wp:term":[{"taxonomy":"category","embeddable":true,"href":"https:\/\/assumpcio.alcover.arqtgn.cat\/index.php?rest_route=%2Fwp%2Fv2%2Fcategories&post=6133"},{"taxonomy":"post_tag","embeddable":true,"href":"https:\/\/assumpcio.alcover.arqtgn.cat\/index.php?rest_route=%2Fwp%2Fv2%2Ftags&post=6133"}],"curies":[{"name":"wp","href":"https:\/\/api.w.org\/{rel}","templated":true}]}}