{"id":6151,"date":"2024-07-30T18:20:06","date_gmt":"2024-07-30T16:20:06","guid":{"rendered":"https:\/\/assumpcio.alcover.arqtgn.cat\/?p=6151"},"modified":"2024-08-02T11:48:15","modified_gmt":"2024-08-02T09:48:15","slug":"6151","status":"publish","type":"post","link":"https:\/\/assumpcio.alcover.arqtgn.cat\/?p=6151","title":{"rendered":"01-08-2024: \u00abSant Pere &#8220;ad vincula&#8221;\u00bb,   titular de la Parr\u00f2quia de Mont-ral, un missatge de llibertat i d\u00b4alliberament"},"content":{"rendered":"<h6 style=\"text-align: justify\"><a href=\"https:\/\/assumpcio.alcover.arqtgn.cat\/wp-content\/uploads\/sites\/39\/2024\/07\/Mont-Ral-2.jpg\"><img fetchpriority=\"high\" decoding=\"async\" class=\"wp-image-6154 alignright\" src=\"https:\/\/assumpcio.alcover.arqtgn.cat\/wp-content\/uploads\/sites\/39\/2024\/07\/Mont-Ral-2.jpg\" alt=\"\" width=\"487\" height=\"448\" srcset=\"https:\/\/assumpcio.alcover.arqtgn.cat\/wp-content\/uploads\/sites\/39\/2024\/07\/Mont-Ral-2.jpg 388w, https:\/\/assumpcio.alcover.arqtgn.cat\/wp-content\/uploads\/sites\/39\/2024\/07\/Mont-Ral-2-300x275.jpg 300w\" sizes=\"(max-width: 487px) 100vw, 487px\" \/><\/a>Mont-ral, Parr\u00f2quia de &#8220;<strong>Sant Pere <em>ad vincula<\/em><\/strong>&#8220;, titularitat que evoca a \u00ab<strong>sant Pere &#8220;encadenat&#8221;<\/strong>\u00bb tal com s&#8217;explica al llibre Fets dels Ap\u00f2stols (Ac 12, 6). L\u2019esgl\u00e9sia parroquial del poble de Mont-ral \u00e9s d&#8217;estil rom\u00e0nic i conserva en bon estat l&#8217;absis i la portalada lateral d&#8217;acc\u00e9s al temple, reformada al segle XVIII, data en que fou constru\u00eft l&#8217;actual campanar i s&#8217;hi venera l&#8217;imatge (&#8220;icona&#8221;) de Sant Pere, de Mn.Joan Curieses (1991). L\u2019esgl\u00e9sia Parroquial, ubicada\u00a0 ben amunt i des del nucli del municipi de Mont-ral que li \u00e9s m\u00e9s pr\u00f2xim, amb voluntat de ser ben al costat de l\u2019Aix\u00e0viga, el Bosquet, la Cadeneta i Cabrera, colze amb colze amb la Parr\u00f2quia de San Andreu, de Farena (que \u00e9s nucli del Municipi de Mont-ral), tamb\u00e9 en sintonia i relaci\u00f3 propera amb Alcover, la Riba, la Mas\u00f3 i El Mil\u00e0, a la Unitat Pastoral.<\/h6>\n<h6 style=\"text-align: justify\">El testimoni del titular de la Parr\u00f2quia, \u201cSant Pere ad vincula (encadenat)\u201d, evoca un missatge de llibertat i d\u00b4alliberament, amb molt significat avui, i se\u2019ns proposa per la nostra vida, de deixebles que, essent pelegrins per Mont-ral, podem trobar com anar per la vida:<\/h6>\n<h6><\/h6>\n<h6 style=\"text-align: justify;padding-left: 40px\">\u00abEls cristians afegim al viatge de la nostra vida la fe. No deixem, per\u00f2, de ser mai com els dos deixebles d\u2019Ema\u00fas, i del tracte que tinguem amb el nostre company de cam\u00ed dependr\u00e0 la nostra caminada.<br \/>\nPocs han sabut transmetre, com ho fa Mn Josep Maria Ballar\u00edn a Francesco, les diferents maneres d\u2019anar per la vida que poden tenir les persones:<\/h6>\n<h6 style=\"padding-left: 120px;text-align: justify\"><strong>\u201cEl turista \u00e9s el que passa sense c\u00e0rrega ni direcci\u00f3.<\/strong><\/h6>\n<h6><\/h6>\n<h6 style=\"padding-left: 120px;text-align: justify\"><strong>El caminant \u00e9s el qui ha agafat la motxil.la i cerca.<\/strong><\/h6>\n<h6><\/h6>\n<h6 style=\"padding-left: 120px;text-align: justify\"><strong>El pelegr\u00ed \u00e9s el qui a m\u00e9s d\u2019anar carregat i cercar, sap agenollar-se on cal.\u201d\u00bb<\/strong><\/h6>\n<p style=\"text-align: right\"><a href=\"https:\/\/www.catalunyareligio.cat\/ca\/blog\/obaudire\/maneres-anar-vida-308453\">&#8220;Maneres d&#8217;anar per la vida&#8221; (Montserrat Boixareu; diumenge, 15-X-2023)<\/a><\/p>\n<h6><\/h6>\n<h6 style=\"text-align: justify\">L&#8217;1 d&#8217;agost \u00e9s la Festa titular, procurant que el calendari ens sigui oportunitat d&#8217;apropar l&#8217;experi\u00e8ncia en celebracions &#8220;ad hoc&#8221; i segons<a href=\"https:\/\/assumpcio.alcover.arqtgn.cat\/wp-content\/uploads\/sites\/39\/2024\/07\/Sant-Pere-Mont-Ral_imatge.jpg\"><img decoding=\"async\" class=\"wp-image-6196 alignright\" src=\"https:\/\/assumpcio.alcover.arqtgn.cat\/wp-content\/uploads\/sites\/39\/2024\/07\/Sant-Pere-Mont-Ral_imatge-593x1024.jpg\" alt=\"\" width=\"208\" height=\"354\" \/><\/a> possibilitats. Un bon servei saber de \u201cSant Pere ad vincula\u201d, <strong>referent per al nostre pelegrinatge<\/strong>, per la nostra vida, fem-ho des de la reflexi\u00f3 que en\u00a0 feu el Papa Benet XVI de l\u2019experi\u00e8ncia de Sant Pere a<a href=\"https:\/\/www.vatican.va\/content\/benedict-xvi\/es\/audiences\/2006\/documents\/hf_ben-xvi_aud_20060524.html\"> l&#8217; AUDI\u00c8NCIA GENERAL, el dimecres<\/a><span style=\"font-family: 'Helvetica Neue', Arial, sans-serif;font-size: 22px;font-style: normal;font-weight: 300\"> 24 de maig de 2006: <\/span><span style=\"color: #ff0000\"><span style=\"font-family: 'Helvetica Neue', Arial, sans-serif;font-size: 22px;font-style: normal;font-weight: 300\">\u00ab<\/span>&#8220;<strong>Segueix-me<\/strong>&#8221; (Jn 21, 19). <\/span><em><span style=\"color: #ff0000\">Des d&#8217;aquell dia, Pere &#8220;va seguir&#8221; el Mestre amb la consci\u00e8ncia clara de la seva pr\u00f2pia fragilitat; per\u00f2 <\/span><span style=\"color: #ff0000\">aquesta consci\u00e8ncia no el va descoratjar, ja que sabia que podia comptar amb la pres\u00e8ncia del Ressuscitat al seu costat. De l&#8217;enginy entusiasme de l&#8217;adhesi\u00f3 inicial, passant per l&#8217;experi\u00e8ncia dolorosa de la negaci\u00f3 i el plor de la conversi\u00f3, Pere va arribar a refiar-se d&#8217;aquell Jes\u00fas que es va adaptar a la pobre capacitat d&#8217;amor. I aix\u00ed tamb\u00e9 a nosaltres ens mostra el cam\u00ed, malgrat tota la nostra feblesa. Sabem que Jes\u00fas s&#8217;adapta a la nostra feblesa. Nosaltres ho seguim amb la nostra pobra capacitat d&#8217;amor i sabem que Jes\u00fas \u00e9s bo i ens accepta. Pere va haver de rec\u00f3rrer un llarg cam\u00ed fins a convertir-se en testimoni fiable, en \u201cpedra\u201d de l&#8217;Esgl\u00e9sia, per estar constantment obert a l&#8217;acci\u00f3 de l&#8217;Esperit de Jes\u00fas.<a href=\"https:\/\/assumpcio.alcover.arqtgn.cat\/wp-content\/uploads\/sites\/39\/2024\/07\/Montral-Festa-3333.jpeg\"><img decoding=\"async\" class=\"wp-image-6181 alignleft\" src=\"https:\/\/assumpcio.alcover.arqtgn.cat\/wp-content\/uploads\/sites\/39\/2024\/07\/Montral-Festa-3333.jpeg\" alt=\"\" width=\"405\" height=\"247\" \/><\/a><\/span><\/em><br \/>\n<span style=\"color: #ff0000\"><em>Pere es defineix a si mateix &#8220;testimoni dels sofriments de Crist i part\u00edcip de la gl\u00f2ria que est\u00e0 per manifestar-se&#8221; (1 P 5, 1). Quan escriu aquestes paraules ja \u00e9s anci\u00e0 i \u00e9s a prop del final de la seva vida, que segellar\u00e0 amb el martiri. Aleshores \u00e9s capa\u00e7 de descriure l&#8217;alegria veritable i d&#8217;indicar on es pot trobar la deu \u00e9s Crist, en qu\u00e8 creiem i que estimem amb la nostra fe feble per\u00f2 sincera, malgrat la nostra fragilitat. Per aix\u00f2, escriu als cristians de la seva comunitat aquestes paraules, que tamb\u00e9 ens dirigeix a nosaltres: &#8220;Ho estimeu sense haver-lo vist; creieu en ell, encara que de moment no ho veieu. la meta de la vostra fe, la salvaci\u00f3 de les \u00e0nimes\u201d (1P 1,8-9).<\/em> \u00bb<\/span><\/h6>\n<p>&nbsp;<\/p>\n<div id=\"attachment_6170\" style=\"width: 397px\" class=\"wp-caption aligncenter\"><a href=\"https:\/\/assumpcio.alcover.arqtgn.cat\/wp-content\/uploads\/sites\/39\/2024\/07\/Sant-Pere-Mont-ral6666.jpeg\"><img loading=\"lazy\" decoding=\"async\" aria-describedby=\"caption-attachment-6170\" class=\"wp-image-6170 \" src=\"https:\/\/assumpcio.alcover.arqtgn.cat\/wp-content\/uploads\/sites\/39\/2024\/07\/Sant-Pere-Mont-ral6666-577x1024.jpeg\" alt=\"\" width=\"387\" height=\"687\" srcset=\"https:\/\/assumpcio.alcover.arqtgn.cat\/wp-content\/uploads\/sites\/39\/2024\/07\/Sant-Pere-Mont-ral6666-577x1024.jpeg 577w, https:\/\/assumpcio.alcover.arqtgn.cat\/wp-content\/uploads\/sites\/39\/2024\/07\/Sant-Pere-Mont-ral6666-169x300.jpeg 169w, https:\/\/assumpcio.alcover.arqtgn.cat\/wp-content\/uploads\/sites\/39\/2024\/07\/Sant-Pere-Mont-ral6666-768x1364.jpeg 768w, https:\/\/assumpcio.alcover.arqtgn.cat\/wp-content\/uploads\/sites\/39\/2024\/07\/Sant-Pere-Mont-ral6666-865x1536.jpeg 865w, https:\/\/assumpcio.alcover.arqtgn.cat\/wp-content\/uploads\/sites\/39\/2024\/07\/Sant-Pere-Mont-ral6666.jpeg 901w\" sizes=\"(max-width: 387px) 100vw, 387px\" \/><\/a><p id=\"caption-attachment-6170\" class=\"wp-caption-text\">La celebraci\u00f3, en la Festa, el 2022<\/p><\/div>\n<p><a href=\"https:\/\/assumpcio.alcover.arqtgn.cat\/wp-content\/uploads\/sites\/39\/2024\/07\/Sant-Pere-ad-vincula-Goigs.jpg\"><img loading=\"lazy\" decoding=\"async\" class=\"size-full wp-image-6182 aligncenter\" src=\"https:\/\/assumpcio.alcover.arqtgn.cat\/wp-content\/uploads\/sites\/39\/2024\/07\/Sant-Pere-ad-vincula-Goigs.jpg\" alt=\"\" width=\"436\" height=\"639\" srcset=\"https:\/\/assumpcio.alcover.arqtgn.cat\/wp-content\/uploads\/sites\/39\/2024\/07\/Sant-Pere-ad-vincula-Goigs.jpg 436w, https:\/\/assumpcio.alcover.arqtgn.cat\/wp-content\/uploads\/sites\/39\/2024\/07\/Sant-Pere-ad-vincula-Goigs-205x300.jpg 205w\" sizes=\"(max-width: 436px) 100vw, 436px\" \/><\/a><\/p>\n","protected":false},"excerpt":{"rendered":"<p>Mont-ral, Parr\u00f2quia de &#8220;Sant Pere ad vincula&#8220;, titularitat que evoca a \u00absant Pere &#8220;encadenat&#8221;\u00bb tal com s&#8217;explica al llibre Fets dels Ap\u00f2stols (Ac 12, 6). L\u2019esgl\u00e9sia parroquial del poble de <a class=\"more-link\" href=\"https:\/\/assumpcio.alcover.arqtgn.cat\/?p=6151\">Continue Reading &rarr;<\/a><\/p>\n","protected":false},"author":39,"featured_media":0,"comment_status":"closed","ping_status":"closed","sticky":false,"template":"","format":"standard","meta":{"footnotes":""},"categories":[44,1,64],"tags":[],"class_list":["post-6151","post","type-post","status-publish","format-standard","hentry","category-calendari","category-general","category-rector-joan-anton"],"amp_enabled":true,"_links":{"self":[{"href":"https:\/\/assumpcio.alcover.arqtgn.cat\/index.php?rest_route=\/wp\/v2\/posts\/6151","targetHints":{"allow":["GET"]}}],"collection":[{"href":"https:\/\/assumpcio.alcover.arqtgn.cat\/index.php?rest_route=\/wp\/v2\/posts"}],"about":[{"href":"https:\/\/assumpcio.alcover.arqtgn.cat\/index.php?rest_route=\/wp\/v2\/types\/post"}],"author":[{"embeddable":true,"href":"https:\/\/assumpcio.alcover.arqtgn.cat\/index.php?rest_route=\/wp\/v2\/users\/39"}],"replies":[{"embeddable":true,"href":"https:\/\/assumpcio.alcover.arqtgn.cat\/index.php?rest_route=%2Fwp%2Fv2%2Fcomments&post=6151"}],"version-history":[{"count":39,"href":"https:\/\/assumpcio.alcover.arqtgn.cat\/index.php?rest_route=\/wp\/v2\/posts\/6151\/revisions"}],"predecessor-version":[{"id":6198,"href":"https:\/\/assumpcio.alcover.arqtgn.cat\/index.php?rest_route=\/wp\/v2\/posts\/6151\/revisions\/6198"}],"wp:attachment":[{"href":"https:\/\/assumpcio.alcover.arqtgn.cat\/index.php?rest_route=%2Fwp%2Fv2%2Fmedia&parent=6151"}],"wp:term":[{"taxonomy":"category","embeddable":true,"href":"https:\/\/assumpcio.alcover.arqtgn.cat\/index.php?rest_route=%2Fwp%2Fv2%2Fcategories&post=6151"},{"taxonomy":"post_tag","embeddable":true,"href":"https:\/\/assumpcio.alcover.arqtgn.cat\/index.php?rest_route=%2Fwp%2Fv2%2Ftags&post=6151"}],"curies":[{"name":"wp","href":"https:\/\/api.w.org\/{rel}","templated":true}]}}