{"id":6199,"date":"2024-08-02T12:56:41","date_gmt":"2024-08-02T10:56:41","guid":{"rendered":"https:\/\/assumpcio.alcover.arqtgn.cat\/?p=6199"},"modified":"2024-08-02T13:06:34","modified_gmt":"2024-08-02T11:06:34","slug":"10-08-2024-sant-llorenc-recordem-ho-i-pregaria-del-rosari-als-voltants-del-cr-de-st-llorenc-a-alcover","status":"publish","type":"post","link":"https:\/\/assumpcio.alcover.arqtgn.cat\/?p=6199","title":{"rendered":"10-08-2024: \u00abSant Lloren\u00e7\u00bb, &#8220;Preg\u00e0ria del Rosari&#8221; i Eucaristia, als voltants del Cr. de St.Lloren\u00e7, a Alcover."},"content":{"rendered":"<h5 style=\"text-align: justify\"><a href=\"https:\/\/assumpcio.alcover.arqtgn.cat\/wp-content\/uploads\/sites\/39\/2024\/08\/Sant-Llorenc_Maria-Tomas.jpg\"><img fetchpriority=\"high\" decoding=\"async\" class=\"wp-image-6200 alignleft\" src=\"https:\/\/assumpcio.alcover.arqtgn.cat\/wp-content\/uploads\/sites\/39\/2024\/08\/Sant-Llorenc_Maria-Tomas-755x1024.jpg\" alt=\"\" width=\"447\" height=\"604\" \/><\/a>\u201cSant Lloren\u00e7, diaca de l\u2019Esgl\u00e9sia de Roma. Exerc\u00ed el seu ministeri al servei del papa Sixte II i, ambd\u00f3s, foren detinguts pel Prefecte de la ciutat de Roma i executats l\u2019any 258 durant la terrible persecuci\u00f3 que promogu\u00e9 l\u2019emperador Valeri\u00e0. El papa Sixte fou martiritzat el dia 7 d\u2019agost, i tres dies m\u00e9s tard, sofriria el turment del foc el seu fidel diaca Lloren\u00e7. Tanmateix, a la vig\u00edlia del martiri de Sant Lloren\u00e7, \u2014el 9 d\u2019agost, i tal com ho recull el nostre Calendari de l\u2019Ermit\u00e0\u2014 la lit\u00fargia tamb\u00e9 commemora la festa de Sant Rom\u00e0, aquell soldat que suplic\u00e0 al diaca Lloren\u00e7, mentre era detingut a la pres\u00f3, que li administr\u00e9s el baptisme i, una volta obtinguda aquesta gr\u00e0cia, Sant Rom\u00e0 fou decapitat, sense demora, despr\u00e9s de confessar la seva fe.<br \/>\nSant Lloren\u00e7 \u00e9s invocat com a patr\u00f3 d\u2019aquells antics oficis que se servien del foc, com: els carboners, terrissers, vidriers, forners i cuiners. Segons la tradici\u00f3 popular, el dia de la seva festa, el 10 d\u2019agost, coincideix amb el jorn m\u00e9s calor\u00f3s de l\u2019any, puix que l\u2019imaginari popular a l\u2019escalfor canicular hi afegeix l\u2019ardor de les brases que consumiren el cos del sant diaca. Per la festa del sant, a m\u00e9s d\u2019aquella \u201cpluja d\u2019estels\u201d coneguda com \u201cles ll\u00e0grimes de Sant Lloren\u00e7\u201d \u2014pr\u00f2pia de la nit del 10 d\u2019agost, quan el cel sol estar lliure de n\u00favols i es perceben molt clarament els estels fuga\u00e7os\u2014 tamb\u00e9 es deia que hom podia trobar en el terra petits fragments carbonitzats procedents de la brasa de la graella usada per martiritzar al diaca Lloren\u00e7: \u201cHi ha el costum de busc\u00e2 los carbonets de Sant Llor\u00e8ns que qui en troba est\u00e0 lliure de cremades i les cases on ne tenen, ho estan d\u2019incendis\u201d, car \u00e9s el sant advocat contra els incendis i les cremades, de tal manera que \u2014i segons la creen\u00e7a popular\u2014 aquells sanadors que dejunaven el 10 d\u2019agost i s\u2019abstenien de menjar res de cuit al foc en la festa de Sant Lloren\u00e7, assolien la gr\u00e0cia de guarir amb la seva saliva qualsevol cremada. Il\u00b7lustra aquesta nota hagiogr\u00e0fica un gravat del sant estampat a Vic per Ignasi Valls l\u2019any 1828 in, de manera ben visible, es percep la dalm\u00e0tica diaconal i la graella del martiri.\u201d<\/h5>\n<h5><\/h5>\n<h6 style=\"text-align: right\">(Extret\u00a0 del text que publica Fra Valent\u00ed Serra de Manresa, arxiver dels caputxins, al <a href=\"https:\/\/calendariermita.cat\/10-dagost-sant-llorenc-martir\/\">Celendari \u00a0&#8220;L&#8217;Ermit\u00e0&#8221;<\/a><\/h6>\n<h5><\/h5>\n<p>&nbsp;<\/p>\n<h5><\/h5>\n<h5 style=\"text-align: justify\"><span style=\"color: #ff0000\"><span style=\"color: #000000\">A la Parr\u00f2quia de l&#8217;Assumpci\u00f3, d&#8217;<strong>Alcover<\/strong>, en la Festa de SANT LLOREN\u00c7,<\/span>\u00a0<span style=\"color: #000000\">convocada des de ve\u00efns del Cr. de Sant Lloren\u00e7 i els voltants, PREG\u00c0RIA DEL ROSARI (<strong>A L&#8217;INTERIOR DE L&#8217;ESGL\u00c9SIA PARROQUIAL<\/strong>) i l&#8217;EUCARISTIA.<\/span><\/span><\/h5>\n<h5><\/h5>\n<h5 style=\"padding-left: 80px;text-align: justify\"><span style=\"color: #000000\"><strong>Dia 10 d&#8217;agost, dissabte:<\/strong><\/span><\/h5>\n<h5 style=\"padding-left: 200px;text-align: justify\"><span style=\"color: #000000\"><strong>19.30,\u00a0 Preg\u00e0ria del Rosari (amb els misteris, comentats) [A l&#8217;esgl\u00e9sia!]<\/strong><\/span><\/h5>\n<h5 style=\"text-align: justify\"><\/h5>\n<h5 style=\"padding-left: 200px;text-align: justify\"><span style=\"color: #000000\"><strong>20:00\u00a0 \u00a0Eucaristia de la Festa.<\/strong><\/span><\/h5>\n<p>&nbsp;<\/p>\n<h6>Per ampliar la Reflexi\u00f3:<\/h6>\n<h6>Benet XVI, Papa: <a href=\"https:\/\/www.vatican.va\/content\/benedict-xvi\/es\/audiences\/2010\/documents\/hf_ben-xvi_aud_20100811.html\">Catequesi, el dimecres, 11 d&#8217;agost de 2010, sobre &#8220;<strong>EL MARTIRI<\/strong>&#8220;<\/a><\/h6>\n","protected":false},"excerpt":{"rendered":"<p>\u201cSant Lloren\u00e7, diaca de l\u2019Esgl\u00e9sia de Roma. Exerc\u00ed el seu ministeri al servei del papa Sixte II i, ambd\u00f3s, foren detinguts pel Prefecte de la ciutat de Roma i executats <a class=\"more-link\" href=\"https:\/\/assumpcio.alcover.arqtgn.cat\/?p=6199\">Continue Reading &rarr;<\/a><\/p>\n","protected":false},"author":39,"featured_media":0,"comment_status":"closed","ping_status":"closed","sticky":false,"template":"","format":"standard","meta":{"footnotes":""},"categories":[44,1,64],"tags":[],"class_list":["post-6199","post","type-post","status-publish","format-standard","hentry","category-calendari","category-general","category-rector-joan-anton"],"amp_enabled":true,"_links":{"self":[{"href":"https:\/\/assumpcio.alcover.arqtgn.cat\/index.php?rest_route=\/wp\/v2\/posts\/6199","targetHints":{"allow":["GET"]}}],"collection":[{"href":"https:\/\/assumpcio.alcover.arqtgn.cat\/index.php?rest_route=\/wp\/v2\/posts"}],"about":[{"href":"https:\/\/assumpcio.alcover.arqtgn.cat\/index.php?rest_route=\/wp\/v2\/types\/post"}],"author":[{"embeddable":true,"href":"https:\/\/assumpcio.alcover.arqtgn.cat\/index.php?rest_route=\/wp\/v2\/users\/39"}],"replies":[{"embeddable":true,"href":"https:\/\/assumpcio.alcover.arqtgn.cat\/index.php?rest_route=%2Fwp%2Fv2%2Fcomments&post=6199"}],"version-history":[{"count":22,"href":"https:\/\/assumpcio.alcover.arqtgn.cat\/index.php?rest_route=\/wp\/v2\/posts\/6199\/revisions"}],"predecessor-version":[{"id":6222,"href":"https:\/\/assumpcio.alcover.arqtgn.cat\/index.php?rest_route=\/wp\/v2\/posts\/6199\/revisions\/6222"}],"wp:attachment":[{"href":"https:\/\/assumpcio.alcover.arqtgn.cat\/index.php?rest_route=%2Fwp%2Fv2%2Fmedia&parent=6199"}],"wp:term":[{"taxonomy":"category","embeddable":true,"href":"https:\/\/assumpcio.alcover.arqtgn.cat\/index.php?rest_route=%2Fwp%2Fv2%2Fcategories&post=6199"},{"taxonomy":"post_tag","embeddable":true,"href":"https:\/\/assumpcio.alcover.arqtgn.cat\/index.php?rest_route=%2Fwp%2Fv2%2Ftags&post=6199"}],"curies":[{"name":"wp","href":"https:\/\/api.w.org\/{rel}","templated":true}]}}