{"id":6223,"date":"2024-08-02T17:40:05","date_gmt":"2024-08-02T15:40:05","guid":{"rendered":"https:\/\/assumpcio.alcover.arqtgn.cat\/?p=6223"},"modified":"2024-08-02T23:23:26","modified_gmt":"2024-08-02T21:23:26","slug":"24-08-24-sopar-de-la-fam-a-alcover-solidaris-i-colze-amb-colze-amb-la-campanya-2024-de-mans-unides","status":"publish","type":"post","link":"https:\/\/assumpcio.alcover.arqtgn.cat\/?p=6223","title":{"rendered":"24-08-24: SOPAR DE LA FAM, a Alcover \/ Solidaris i  &#8220;colze amb colze&#8221; amb la Campanya 2024 de MANS UNIDES."},"content":{"rendered":"<h6 style=\"text-align: justify\">El 24 d\u2019agost de 2024 [<span style=\"color: #ff0000\">21:00 h. a &#8220;l&#8217;esgl\u00e9sia vella&#8221;, a Alcover<\/span>], <strong>&#8220;SOPAR DE LA FAM&#8221;<\/strong>. Ja \u00e9s habitual en la programaci\u00f3 i es preveu cada any, col.laborant-hi l&#8217;Ajuntament i la Parr\u00f2quia, entitats del poble i comer\u00e7os, i un bon grup de voluntaris i volunt\u00e0ries. Subratlla el que cal recordar sempre: que tenim un llarg cam\u00ed per rec\u00f3rrer i que la m\u00e0 de l\u2019home provoca en la hist\u00f2ria canvis que fan patir.<\/h6>\n<p>&nbsp;<\/p>\n<h6 style=\"text-align: justify\"><\/h6>\n<h6 style=\"text-align: justify\">Aquest SOPAR DE LA FAM, es convoca en el marc de &#8220;la Campanya 2024&#8221; de Mans Unides, i amb el lema <strong>\u00abL&#8217;efecte \u00e9sser hum\u00e0. L&#8217;\u00fanica esp\u00e8cie capa\u00e7 de canviar el planeta\u00bb<\/strong>, Aquesta convocat\u00f2ria ens fa mem\u00f2ria d&#8217;un repte important: com el clima est\u00e0 repercutint en drets tan b\u00e0sics com l&#8217;alimentaci\u00f3, l&#8217;aigua potable, la salut, una vida digna o un entorn saludable.<\/h6>\n<p>&nbsp;<\/p>\n<h6 style=\"text-align: justify\"><\/h6>\n<h6 style=\"text-align: justify\">Des de Mans Unides, per aquest any 2024, \u201c<em>es trasllada a la societat com la crisi mediambiental est\u00e0 afectant milions de persones, <a href=\"https:\/\/assumpcio.alcover.arqtgn.cat\/wp-content\/uploads\/sites\/39\/2024\/08\/Mans-Unides.2024.jpeg\"><img fetchpriority=\"high\" decoding=\"async\" class=\" wp-image-6225 alignleft\" src=\"https:\/\/assumpcio.alcover.arqtgn.cat\/wp-content\/uploads\/sites\/39\/2024\/08\/Mans-Unides.2024.jpeg\" alt=\"\" width=\"333\" height=\"333\" srcset=\"https:\/\/assumpcio.alcover.arqtgn.cat\/wp-content\/uploads\/sites\/39\/2024\/08\/Mans-Unides.2024.jpeg 225w, https:\/\/assumpcio.alcover.arqtgn.cat\/wp-content\/uploads\/sites\/39\/2024\/08\/Mans-Unides.2024-150x150.jpeg 150w\" sizes=\"(max-width: 333px) 100vw, 333px\" \/><\/a>sobretot del Sud global, perjudicant els seus drets m\u00e9s b\u00e0sics com el dret a l&#8217;alimentaci\u00f3, a l&#8217;aigua potable, a la salut, a una vida digna, a un entorn saludable, generant una gran injust\u00edcia clim\u00e0tica.<\/em><br \/>\n<em>Amb aquesta nova campanya, alcem la veu per la cura del planeta perqu\u00e8 \u00e9s el cam\u00ed per a lluitar per la dignitat de les persones. Sota el lema \u00abL&#8217;Efecte \u00c9sser hum\u00e0\u00bb, volem conscienciar que el maltractament al planeta t\u00e9 conseq\u00fc\u00e8ncies majors a l&#8217;altre costat del m\u00f3n, i destacar aquest doble poder de l&#8217;\u00e9sser hum\u00e0 per a transformar-lo: per a b\u00e9 i per a mal. Som \u00abl&#8217;\u00fanica esp\u00e8cie capa\u00e7 de canviar el planeta\u00bb&#8221;<\/em> (Mans Unides, Materials per la Campanya 2024)<\/h6>\n<h6 style=\"text-align: justify\">En els mateixos materials se\u2019ns recorda que \u201c<em>mai hav\u00edem patit com fins ara, sequeres, inundacions, desforestacions, contaminacions, etc. Si aquests fen\u00f2mens es donen en els pa\u00efsos rics, amb prou recursos per poder-los fer front es veu d\u2019una manera, per\u00f2 si passa en pa\u00efsos ja castigats per la pobresa i la fam, son arrossegats encara m\u00e9s a una total vulnerabilitat sense poder-ne sortir. El sistema econ\u00f2mic que tenim, provoca una injust\u00edcia clim\u00e0tica. Perqu\u00e8 qui contamina m\u00e9s son els pa\u00efsos rics que instal\u00b7len les seves industries als pa\u00efsos empobrits. Nosaltres en traiem beneficis i ells pateixen les conseq\u00fc\u00e8ncies. No tenen recursos per mitigar aquest canvi clim\u00e0tic.<\/em><br \/>\n<em>En la Doctrina Social de l\u2019Esgl\u00e9sia, i sobretot, en l\u2019enc\u00edclica \u201cLaudato Si\u201d (24 de maig, 2015) i l\u2019exhortaci\u00f3 apost\u00f2lica del papa Francesc \u201cLaudate Deum\u201d (4 d\u2019octubre, 2023), es reconeix l\u2019enorme injust\u00edcia que sofreixen els m\u00e9s vulnerables, a qui les actuals conseq\u00fc\u00e8ncies d\u2019una crisi clim\u00e0tica sens precedents afecten de manera desproporcionada i contra les quals no poden lluitar<\/em>\u201d (Mans Unides, materials per la Campanya 2024)<\/h6>\n<p>&nbsp;<\/p>\n<p><a href=\"https:\/\/assumpcio.alcover.arqtgn.cat\/wp-content\/uploads\/sites\/39\/2024\/08\/Screenshot_20240801-223757_WhatsApp-4.jpg\"><br \/>\n<img decoding=\"async\" class=\"size-large wp-image-6224 aligncenter\" src=\"https:\/\/assumpcio.alcover.arqtgn.cat\/wp-content\/uploads\/sites\/39\/2024\/08\/Screenshot_20240801-223757_WhatsApp-4-725x1024.jpg\" alt=\"\" width=\"678\" height=\"958\" srcset=\"https:\/\/assumpcio.alcover.arqtgn.cat\/wp-content\/uploads\/sites\/39\/2024\/08\/Screenshot_20240801-223757_WhatsApp-4-725x1024.jpg 725w, https:\/\/assumpcio.alcover.arqtgn.cat\/wp-content\/uploads\/sites\/39\/2024\/08\/Screenshot_20240801-223757_WhatsApp-4-212x300.jpg 212w, https:\/\/assumpcio.alcover.arqtgn.cat\/wp-content\/uploads\/sites\/39\/2024\/08\/Screenshot_20240801-223757_WhatsApp-4-768x1085.jpg 768w, https:\/\/assumpcio.alcover.arqtgn.cat\/wp-content\/uploads\/sites\/39\/2024\/08\/Screenshot_20240801-223757_WhatsApp-4.jpg 1079w\" sizes=\"(max-width: 678px) 100vw, 678px\" \/><\/a><\/p>\n<p><a href=\"https:\/\/www.arquebisbattarragona.cat\/2024\/02\/07\/mans-unides-inicia-la-campanya-contra-la-fam-daquest-2024-amb-el-lema-lefecte-esser-huma\/\">Web de l&#8217;Arquebisbat de Tarragona<\/a><\/p>\n<p>Per ammpliar aquesta informaci\u00f3, <a href=\"https:\/\/bisbatsantfeliu.cat\/wp-content\/uploads\/2024\/02\/20240204FullDominicaliExtraMansUnides.pdf\">Full Dominical del Bisbat de Sant Feliu, 4 de febrer de 2024<\/a><\/p>\n<p>Mans Unides, <a href=\"https:\/\/www.mansunides.org\/delegacion\/tarragona\">Delegaci\u00f3 de Tarragona<\/a><\/p>\n","protected":false},"excerpt":{"rendered":"<p>El 24 d\u2019agost de 2024 [21:00 h. a &#8220;l&#8217;esgl\u00e9sia vella&#8221;, a Alcover], &#8220;SOPAR DE LA FAM&#8221;. Ja \u00e9s habitual en la programaci\u00f3 i es preveu cada any, col.laborant-hi l&#8217;Ajuntament i <a class=\"more-link\" href=\"https:\/\/assumpcio.alcover.arqtgn.cat\/?p=6223\">Continue Reading &rarr;<\/a><\/p>\n","protected":false},"author":39,"featured_media":0,"comment_status":"closed","ping_status":"closed","sticky":false,"template":"","format":"standard","meta":{"footnotes":""},"categories":[44,1,64],"tags":[],"class_list":["post-6223","post","type-post","status-publish","format-standard","hentry","category-calendari","category-general","category-rector-joan-anton"],"amp_enabled":true,"_links":{"self":[{"href":"https:\/\/assumpcio.alcover.arqtgn.cat\/index.php?rest_route=\/wp\/v2\/posts\/6223","targetHints":{"allow":["GET"]}}],"collection":[{"href":"https:\/\/assumpcio.alcover.arqtgn.cat\/index.php?rest_route=\/wp\/v2\/posts"}],"about":[{"href":"https:\/\/assumpcio.alcover.arqtgn.cat\/index.php?rest_route=\/wp\/v2\/types\/post"}],"author":[{"embeddable":true,"href":"https:\/\/assumpcio.alcover.arqtgn.cat\/index.php?rest_route=\/wp\/v2\/users\/39"}],"replies":[{"embeddable":true,"href":"https:\/\/assumpcio.alcover.arqtgn.cat\/index.php?rest_route=%2Fwp%2Fv2%2Fcomments&post=6223"}],"version-history":[{"count":9,"href":"https:\/\/assumpcio.alcover.arqtgn.cat\/index.php?rest_route=\/wp\/v2\/posts\/6223\/revisions"}],"predecessor-version":[{"id":6234,"href":"https:\/\/assumpcio.alcover.arqtgn.cat\/index.php?rest_route=\/wp\/v2\/posts\/6223\/revisions\/6234"}],"wp:attachment":[{"href":"https:\/\/assumpcio.alcover.arqtgn.cat\/index.php?rest_route=%2Fwp%2Fv2%2Fmedia&parent=6223"}],"wp:term":[{"taxonomy":"category","embeddable":true,"href":"https:\/\/assumpcio.alcover.arqtgn.cat\/index.php?rest_route=%2Fwp%2Fv2%2Fcategories&post=6223"},{"taxonomy":"post_tag","embeddable":true,"href":"https:\/\/assumpcio.alcover.arqtgn.cat\/index.php?rest_route=%2Fwp%2Fv2%2Ftags&post=6223"}],"curies":[{"name":"wp","href":"https:\/\/api.w.org\/{rel}","templated":true}]}}