{"id":6237,"date":"2024-08-09T18:11:01","date_gmt":"2024-08-09T16:11:01","guid":{"rendered":"https:\/\/assumpcio.alcover.arqtgn.cat\/?p=6237"},"modified":"2024-08-12T10:18:07","modified_gmt":"2024-08-12T08:18:07","slug":"15-08-24-lassumpcio-de-la-mare-de-deu-festa-titular-de-la-parroquia-dalcover","status":"publish","type":"post","link":"https:\/\/assumpcio.alcover.arqtgn.cat\/?p=6237","title":{"rendered":"15-08-24: L&#8217;ASSUMPCI\u00d3 DE LA MARE DE D\u00c9U, Festa titular de la Parr\u00f2quia d&#8217;Alcover."},"content":{"rendered":"<h6 style=\"text-align: justify\"><a href=\"https:\/\/assumpcio.alcover.arqtgn.cat\/wp-content\/uploads\/sites\/39\/2024\/08\/Assumpcio_imatge.jpg\"><img fetchpriority=\"high\" decoding=\"async\" class=\"wp-image-6239 alignright\" src=\"https:\/\/assumpcio.alcover.arqtgn.cat\/wp-content\/uploads\/sites\/39\/2024\/08\/Assumpcio_imatge-697x1024.jpg\" alt=\"\" width=\"321\" height=\"465\" \/><\/a>El dia 15 d\u2019agost \u00e9s gran festa de la Mare de D\u00e9u Assumpta al cel, titular de la Parr\u00f2quia, a Alcover. Maria, Mare del Crist i Mare de l\u2019Esgl\u00e9sia, enduta al cel, on, ressuscitada ja amb el seu Fill, vivent, ajuda tot el Poble de D\u00e9u i tots els fills i filles que el mateix Senyor li va donar des de la Creu. Ens mostra el cam\u00ed que s\u2019ha de revelar en nosaltres i ens ajuda a assolir-lo.<br \/>\n&#8220;Val la pena retornar a Maria de Natzaret; noia del poble, amb accent galileu, mare de Jes\u00fas, senzilla mare de familia, sabia quines eren les dificultats de cada dia, l&#8217;obscuritat de la fe davant el misteri de Jes\u00fas, fill seu i fill de D\u00e9u, que pat\u00ed la solitud, l&#8217;espasa de dolor en la creu, que sent\u00ed l&#8217;alegria de la Pasqua i de la Pentecosta. Peregrina de la fe, primera cristiana, seguidora de Jes\u00fas, dona creient amb la fe d&#8217;Israel, pobra de Jahv\u00e8, filla de Si\u00f3, oberta a D\u00e9u i als homes i dones. Maria \u00e9s el triomf de la vida sobre la mort, de la just\u00edcia sobre la injust\u00edcia, del b\u00e9 sobre el mal. Ni la mort ni la corrupci\u00f3 tenen la darrera paraula.<\/h6>\n<h6 style=\"text-align: justify\">La Mare de D\u00e9u, <strong>Mare i Mestra<\/strong>, conserv\u00e0 en el seu cor, en silenci acollidor, la Paraula, &#8220;<em>Per aquells dies, Maria se n&#8217;an\u00e0 de pressa a la Muntanya, en un poble de Judea, va entrar a casa de Zacaries i salud\u00e0 Elisabet. Tan bon punt Elisabet va sentir la salutaci\u00f3 de Maria, l&#8217;infant va saltar dins les seves entranyes, i Elisabet qued\u00e0 plena de l&#8217;Esperit Sant. Llavors crid\u00e0 amb totes les forces:<\/em><br \/>\n<em>&#8211;Ets bene\u00efda entre totes les dones i \u00e9s bene\u00eft el fruit de les teves entranyes! Qui s\u00f3c jo perqu\u00e8 la mare del meu Senyor em vingui a visitar? Tan bon punt he sentit la teva salutaci\u00f3, l&#8217;infant ha saltat de joia dins les meves entranyes<\/em>&#8221; (Lc 1, 39-44): &#8220;<em><strong>Feli\u00e7 tu que has cregut: all\u00f2 que el Senyor t&#8217;ha anunciat es complir\u00e0!<\/strong><\/em>&#8221; (Lc 1, 45)&#8221; (a partir de l&#8217;aportaci\u00f3 del P. P.Codina, a web de pastoral)<\/h6>\n<p>&nbsp;<\/p>\n<h5><span style=\"color: #ff0000\"><strong>Horari:<\/strong><\/span><\/h5>\n<p>&nbsp;<\/p>\n<h6><span style=\"color: #ff0000\"><strong>Dimecres, 14 d&#8217;agost, 20:00<\/strong><\/span><\/h6>\n<h6 style=\"padding-left: 80px\"><span style=\"color: #ff0000\"><strong>Missa de la Vig\u00edlia.<\/strong><\/span><\/h6>\n<p>&nbsp;<\/p>\n<h6><span style=\"color: #ff0000\"><strong>Dijous, 15 d&#8217;agost, 11:45<\/strong><\/span><\/h6>\n<h6 style=\"padding-left: 80px\"><span style=\"color: #ff0000\"><strong>Missa de la Festa.<\/strong><\/span><\/h6>\n<p>&nbsp;<\/p>\n<p><a href=\"https:\/\/assumpcio.alcover.arqtgn.cat\/wp-content\/uploads\/sites\/39\/2024\/08\/Goigs-Alcover.jpg\"><img decoding=\"async\" class=\"wp-image-6240 aligncenter\" src=\"https:\/\/assumpcio.alcover.arqtgn.cat\/wp-content\/uploads\/sites\/39\/2024\/08\/Goigs-Alcover-720x1024.jpg\" alt=\"\" width=\"400\" height=\"565\" \/><\/a><\/p>\n<p style=\"text-align: center\"><a href=\"https:\/\/assumpcio.alcover.arqtgn.cat\/wp-content\/uploads\/sites\/39\/2024\/08\/Assumpcio.png\"><img decoding=\"async\" class=\"alignnone wp-image-6250\" src=\"https:\/\/assumpcio.alcover.arqtgn.cat\/wp-content\/uploads\/sites\/39\/2024\/08\/Assumpcio.png\" alt=\"\" width=\"767\" height=\"994\" \/><\/a><\/p>\n","protected":false},"excerpt":{"rendered":"<p>El dia 15 d\u2019agost \u00e9s gran festa de la Mare de D\u00e9u Assumpta al cel, titular de la Parr\u00f2quia, a Alcover. Maria, Mare del Crist i Mare de l\u2019Esgl\u00e9sia, enduta <a class=\"more-link\" href=\"https:\/\/assumpcio.alcover.arqtgn.cat\/?p=6237\">Continue Reading &rarr;<\/a><\/p>\n","protected":false},"author":39,"featured_media":0,"comment_status":"closed","ping_status":"closed","sticky":false,"template":"","format":"standard","meta":{"footnotes":""},"categories":[44,1,64],"tags":[],"class_list":["post-6237","post","type-post","status-publish","format-standard","hentry","category-calendari","category-general","category-rector-joan-anton"],"amp_enabled":true,"_links":{"self":[{"href":"https:\/\/assumpcio.alcover.arqtgn.cat\/index.php?rest_route=\/wp\/v2\/posts\/6237","targetHints":{"allow":["GET"]}}],"collection":[{"href":"https:\/\/assumpcio.alcover.arqtgn.cat\/index.php?rest_route=\/wp\/v2\/posts"}],"about":[{"href":"https:\/\/assumpcio.alcover.arqtgn.cat\/index.php?rest_route=\/wp\/v2\/types\/post"}],"author":[{"embeddable":true,"href":"https:\/\/assumpcio.alcover.arqtgn.cat\/index.php?rest_route=\/wp\/v2\/users\/39"}],"replies":[{"embeddable":true,"href":"https:\/\/assumpcio.alcover.arqtgn.cat\/index.php?rest_route=%2Fwp%2Fv2%2Fcomments&post=6237"}],"version-history":[{"count":10,"href":"https:\/\/assumpcio.alcover.arqtgn.cat\/index.php?rest_route=\/wp\/v2\/posts\/6237\/revisions"}],"predecessor-version":[{"id":6251,"href":"https:\/\/assumpcio.alcover.arqtgn.cat\/index.php?rest_route=\/wp\/v2\/posts\/6237\/revisions\/6251"}],"wp:attachment":[{"href":"https:\/\/assumpcio.alcover.arqtgn.cat\/index.php?rest_route=%2Fwp%2Fv2%2Fmedia&parent=6237"}],"wp:term":[{"taxonomy":"category","embeddable":true,"href":"https:\/\/assumpcio.alcover.arqtgn.cat\/index.php?rest_route=%2Fwp%2Fv2%2Fcategories&post=6237"},{"taxonomy":"post_tag","embeddable":true,"href":"https:\/\/assumpcio.alcover.arqtgn.cat\/index.php?rest_route=%2Fwp%2Fv2%2Ftags&post=6237"}],"curies":[{"name":"wp","href":"https:\/\/api.w.org\/{rel}","templated":true}]}}