{"id":6276,"date":"2024-08-13T11:07:11","date_gmt":"2024-08-13T09:07:11","guid":{"rendered":"https:\/\/assumpcio.alcover.arqtgn.cat\/?p=6276"},"modified":"2024-08-13T11:43:05","modified_gmt":"2024-08-13T09:43:05","slug":"16-08-2024-sant-roc-el-seu-testimoni-ens-es-avui-ajuda-i-suport","status":"publish","type":"post","link":"https:\/\/assumpcio.alcover.arqtgn.cat\/?p=6276","title":{"rendered":"16-08-2024: Sant Roc! El seu testimoni \u00e9s, per avui, exemple, ajuda i suport."},"content":{"rendered":"<h6 style=\"text-align: justify\"><a href=\"https:\/\/assumpcio.alcover.arqtgn.cat\/wp-content\/uploads\/sites\/39\/2024\/08\/Sant-Roc.jpg\"><img fetchpriority=\"high\" decoding=\"async\" class=\"wp-image-6277 alignleft\" src=\"https:\/\/assumpcio.alcover.arqtgn.cat\/wp-content\/uploads\/sites\/39\/2024\/08\/Sant-Roc.jpg\" alt=\"\" width=\"400\" height=\"491\" \/><\/a>Sant Roc neix a la primera meitat del s. XIV a Montpeller, que aleshores formava part del Regne de Mallorca. La vida de Sant Roc est\u00e0 marcada per la pesta negra, un moment on al vell continent es vivia en l&#8217;angoixa, la incertesa i la por, i la mort. Sant Roc qued\u00e0 orfe aviat. Desprenent-se de l&#8217;her\u00e8ncia familiar, decid\u00ed entregar tots els beneficis als pobres. Aix\u00ed, determinat a seguir Jes\u00fas en la pobresa i donar a con\u00e8ixer l&#8217;Evangeli a trav\u00e9s de la paraula, inicia el seu pelegrinatge a Roma.<\/h6>\n<h6><\/h6>\n<p>&nbsp;<\/p>\n<h6><\/h6>\n<h6 style=\"text-align: justify\">Pelegrinant, es consagra en cos i \u00e0nima a la cura dels malalts de pesta ingressats a l&#8217;hospital, es contagia de pesta a causa del constant contacte amb persones que la patien. A fi d&#8217;evitar propagar encara m\u00e9s la malaltia es retira a un bosc, di\u00e0riament rep la visita d&#8217;un gos que li duu un panet a la boca, el propietari de l&#8217;animal, inquietat pel curi\u00f3s comportament del gos, un dia decideix seguir-lo, troba a sant Roc, el porta a casa i li procura menjar, tamb\u00e9 li amoroseix les nafres i, impactat pel testimoni cristi\u00e0 del sant, decideix fer-se tamb\u00e9 pelegr\u00ed.<br \/>\nSant Roc mor en olor de santedat entre 1376 i 1379. Ben aviat la devoci\u00f3 al pelegr\u00ed pobre i guaridor dels apestats s&#8217;escamp\u00e0 arreu. Va fer de si mateix una lectura literal de l\u2019Evangeli: es va convertir en un Evangeli vivent. Les paraules de Jes\u00fas dirigides al jove ric: &#8220;Si vols ser perfecte, v\u00e9s, ven tot el que tens i dona-ho als pobres, i tindr\u00e0s un tresor al cel. Despr\u00e9s vine i segueix-me&#8221;; les paraules de Jes\u00fas sobre l&#8217;amor m\u00e9s gran: &#8220;Ning\u00fa no t\u00e9 un amor m\u00e9s gran que el qui dona la vida pels seus amics&#8221;; i les paraules de Jes\u00fas sobre el judici final: &#8220;Perqu\u00e8&#8230; estava malalt, i em v\u00e0reu visitar&#8221;, es feren carn de manera heroica en la persona de sant Roc.<\/h6>\n<h6><\/h6>\n<h6><\/h6>\n<p>&nbsp;<\/p>\n<h6 style=\"text-align: justify\">Avui, i quan ens disposem per comen\u00e7ar el curs 2024-2025, el testimoni de Sant Roc \u00e9s ajuda i suport per superar les dificultats que<a href=\"https:\/\/assumpcio.alcover.arqtgn.cat\/wp-content\/uploads\/sites\/39\/2024\/08\/mon.jpg\"><img decoding=\"async\" class=\"size-full wp-image-6278 alignright\" src=\"https:\/\/assumpcio.alcover.arqtgn.cat\/wp-content\/uploads\/sites\/39\/2024\/08\/mon.jpg\" alt=\"\" width=\"312\" height=\"162\" srcset=\"https:\/\/assumpcio.alcover.arqtgn.cat\/wp-content\/uploads\/sites\/39\/2024\/08\/mon.jpg 312w, https:\/\/assumpcio.alcover.arqtgn.cat\/wp-content\/uploads\/sites\/39\/2024\/08\/mon-300x156.jpg 300w\" sizes=\"(max-width: 312px) 100vw, 312px\" \/><\/a> puguem trobar, per revitalitzar la tradici\u00f3 cristiana i viure els valors aut\u00e8ntics que han donat sentit a la nostra vida, ens ajuda, per respecte a les persones que pateixen i per coher\u00e8ncia evang\u00e8lica, a assumir amb dignitat i fidelitat el nostre temps, a no tancar els ulls a la llum de la fe enmig de la desconfian\u00e7a. La fe ens allibera de la por, ens dona esperan\u00e7a i interpel\u00b7la: enviats i enviades a anunciar la Bona Nova Se&#8217;ns envia perqu\u00e8 siguem sal de la terra i llum del m\u00f3n (Mt 5, 13-16), perqu\u00e8 donem un fruit abundant i que perduri (Jn 15, 16).<\/h6>\n<p>&nbsp;<\/p>\n<h6 style=\"text-align: justify\"><strong><span style=\"color: #ff0000\">Celebraci\u00f3 de l&#8217;Eucaristia, en la Festa de Santr Roc:<\/span><\/strong><\/h6>\n<h6><\/h6>\n<h6 style=\"text-align: justify;padding-left: 120px\"><strong><span style=\"color: #ff0000\">Alcover, a les 11:45<\/span><\/strong><\/h6>\n","protected":false},"excerpt":{"rendered":"<p>Sant Roc neix a la primera meitat del s. XIV a Montpeller, que aleshores formava part del Regne de Mallorca. La vida de Sant Roc est\u00e0 marcada per la pesta <a class=\"more-link\" href=\"https:\/\/assumpcio.alcover.arqtgn.cat\/?p=6276\">Continue Reading &rarr;<\/a><\/p>\n","protected":false},"author":39,"featured_media":0,"comment_status":"closed","ping_status":"closed","sticky":false,"template":"","format":"standard","meta":{"footnotes":""},"categories":[44],"tags":[],"class_list":["post-6276","post","type-post","status-publish","format-standard","hentry","category-calendari"],"amp_enabled":true,"_links":{"self":[{"href":"https:\/\/assumpcio.alcover.arqtgn.cat\/index.php?rest_route=\/wp\/v2\/posts\/6276","targetHints":{"allow":["GET"]}}],"collection":[{"href":"https:\/\/assumpcio.alcover.arqtgn.cat\/index.php?rest_route=\/wp\/v2\/posts"}],"about":[{"href":"https:\/\/assumpcio.alcover.arqtgn.cat\/index.php?rest_route=\/wp\/v2\/types\/post"}],"author":[{"embeddable":true,"href":"https:\/\/assumpcio.alcover.arqtgn.cat\/index.php?rest_route=\/wp\/v2\/users\/39"}],"replies":[{"embeddable":true,"href":"https:\/\/assumpcio.alcover.arqtgn.cat\/index.php?rest_route=%2Fwp%2Fv2%2Fcomments&post=6276"}],"version-history":[{"count":13,"href":"https:\/\/assumpcio.alcover.arqtgn.cat\/index.php?rest_route=\/wp\/v2\/posts\/6276\/revisions"}],"predecessor-version":[{"id":6291,"href":"https:\/\/assumpcio.alcover.arqtgn.cat\/index.php?rest_route=\/wp\/v2\/posts\/6276\/revisions\/6291"}],"wp:attachment":[{"href":"https:\/\/assumpcio.alcover.arqtgn.cat\/index.php?rest_route=%2Fwp%2Fv2%2Fmedia&parent=6276"}],"wp:term":[{"taxonomy":"category","embeddable":true,"href":"https:\/\/assumpcio.alcover.arqtgn.cat\/index.php?rest_route=%2Fwp%2Fv2%2Fcategories&post=6276"},{"taxonomy":"post_tag","embeddable":true,"href":"https:\/\/assumpcio.alcover.arqtgn.cat\/index.php?rest_route=%2Fwp%2Fv2%2Ftags&post=6276"}],"curies":[{"name":"wp","href":"https:\/\/api.w.org\/{rel}","templated":true}]}}