{"id":6295,"date":"2024-09-04T19:25:40","date_gmt":"2024-09-04T17:25:40","guid":{"rendered":"https:\/\/assumpcio.alcover.arqtgn.cat\/?p=6295"},"modified":"2024-09-04T23:51:59","modified_gmt":"2024-09-04T21:51:59","slug":"08-09-2024-el-naixement-de-la-mare-de-deu-les-mare-de-deu-trobades-mare-de-deu-del-remei-mare-de-deu-de-gracia","status":"publish","type":"post","link":"https:\/\/assumpcio.alcover.arqtgn.cat\/?p=6295","title":{"rendered":"08-09-2024: El Naixement de la Mare de D\u00e9u [venerada Mare de D\u00e9u del Remei  (a Alcover) o Mare de D\u00e9u de Gr\u00e0cia (a La Riba):  les &#8220;mares de D\u00e9u Trobades&#8221;]"},"content":{"rendered":"<div id=\"attachment_6297\" style=\"width: 303px\" class=\"wp-caption alignleft\"><a href=\"https:\/\/assumpcio.alcover.arqtgn.cat\/wp-content\/uploads\/sites\/39\/2024\/09\/Mare-de-Deu-del-Remei.jpg\"><img fetchpriority=\"high\" decoding=\"async\" aria-describedby=\"caption-attachment-6297\" class=\"wp-image-6297\" src=\"https:\/\/assumpcio.alcover.arqtgn.cat\/wp-content\/uploads\/sites\/39\/2024\/09\/Mare-de-Deu-del-Remei.jpg\" alt=\"\" width=\"293\" height=\"384\" srcset=\"https:\/\/assumpcio.alcover.arqtgn.cat\/wp-content\/uploads\/sites\/39\/2024\/09\/Mare-de-Deu-del-Remei.jpg 549w, https:\/\/assumpcio.alcover.arqtgn.cat\/wp-content\/uploads\/sites\/39\/2024\/09\/Mare-de-Deu-del-Remei-228x300.jpg 228w\" sizes=\"(max-width: 293px) 100vw, 293px\" \/><\/a><p id=\"caption-attachment-6297\" class=\"wp-caption-text\">La Mare de D\u00e9u del Remei, venerada a Alcover<\/p><\/div>\n<p style=\"text-align: justify\"><span style=\"font-family: 'Helvetica Neue', Arial, sans-serif;font-size: 1.375rem\">&#8220;El 8 de setembre se celebra la festa de la Nativitat o <\/span><strong style=\"font-family: 'Helvetica Neue', Arial, sans-serif;font-size: 1.375rem\">naixement de la Mare de D\u00e9u<\/strong><span style=\"font-family: 'Helvetica Neue', Arial, sans-serif;font-size: 1.375rem\"> arreu del m\u00f3n cat\u00f2lic, una festa especial a les terres catalanes des de l&#8217;edat mitjana. <\/span><span style=\"font-family: 'Helvetica Neue', Arial, sans-serif;font-size: 1.375rem\">Tot i que als evangelis no es concreta el naixement de la Mare de D\u00e9u, hi ha tradicions que diuen que era de la Casa de David o que havia nascut a Nazareth o Betlem, existeix const\u00e0ncia que la festa del naixement es remunta a als segles IV i VIII, amb gran rellev\u00e0ncia al calendari bizant\u00ed i posteriorment a Occident.<\/span><\/p>\n<p style=\"text-align: justify\"><span style=\"font-family: 'Helvetica Neue', Arial, sans-serif;font-size: 1.375rem\">El 8 de setembre celebrem la <\/span><strong style=\"font-family: 'Helvetica Neue', Arial, sans-serif;font-size: 1.375rem\">Festa de &#8220;les mares de D\u00e9u&#8221; trobades<\/strong><strong style=\"font-family: 'Helvetica Neue', Arial, sans-serif;font-size: 1.375rem\">,\u00a0<\/strong><span style=\"font-family: 'Helvetica Neue', Arial, sans-serif;font-size: 1.375rem\"> t\u00e9 relaci\u00f3 amb els fets i aparicions d&#8217;unes imatges de la Mare de D\u00e9u i com van ser trobades. \u00c9s una diada molt concorreguda i important a tot el litoral occident del Mediterrani, sobretot a les terres valencianes, Catalunya i Andorra i que t\u00e9 a veure amb la pr\u00f2pia tradici\u00f3, hist\u00f2ria i devoci\u00f3 a la Mare de D\u00e9u:<\/span><\/p>\n<p style=\"text-align: justify;padding-left: 80px\"><strong style=\"color: #ff0000;font-size: 22px\">Alguna cosa d\u2019aquest dia<\/strong><span style=\"color: #ff0000;font-size: 22px\">:<\/span><\/p>\n<p style=\"text-align: justify;padding-left: 80px\"><span style=\"color: #ff0000;font-size: 22px\">Les festes referides a la Mare de D\u00e9u, m\u00e9s conegudes s\u00f3n la de la Candelera el 2 de febrer, l\u2019Encarnaci\u00f3 el 25 de mar\u00e7, <\/span><span style=\"color: #ff0000;font-size: 22px\">l\u2019Assumpci\u00f3 el 15 d\u2019agost o el 8 de desembre, la Inmaculada Concepci\u00f3. Per\u00f2 tamb\u00e9 hi ha la coneguda com la de \u201cles mares\u00a0 de D\u00e8u\u201d. <\/span><\/p>\n<p style=\"text-align: justify;padding-left: 80px\"><span style=\"color: #ff0000;font-size: 22px\">Avui, el dia 8 setembre, compleixen 9 mesos de la gestaci\u00f3 i es rememora la concepci\u00f3 i el naixement de Maria, la filla de Sant Joaquim i Santa Anna. Maria, una joveneta qui despr\u00e9s seria cridada aper a ser la Mare de D\u00e9u i &#8220;mare i mestra&#8221; de tots els cristians i cristianes. <\/span><span style=\"color: #ff0000;font-size: 22px\">Aquest dia s&#8217;ha aprofitat per recordar tamb\u00e9 aquesta festa de Maria, per\u00f2 que a Catalunya ha passat a anomenar-se &#8211; com s&#8217;ha dit abans- de \u201c<strong>les mare de D\u00e9u trobades<\/strong>\u201d.<\/span><\/p>\n<p style=\"text-align: justify;padding-left: 80px\"><strong style=\"font-family: 'Helvetica Neue', Arial, sans-serif;font-size: 1.375rem\"><span style=\"color: #ff0000\">&#8220;Les mares de D\u00e9u trobades&#8221;:<\/span><\/strong><\/p>\n<p style=\"text-align: justify;padding-left: 80px\"><span style=\"color: #ff0000;font-size: 22px\">Es diuen <\/span><strong style=\"color: #ff0000;font-size: 22px\">trobades<\/strong><span style=\"color: #ff0000;font-size: 22px\"> perqu\u00e8, diu la tradici\u00f3, o la interpretaci\u00f3 o les llegendes que es van popularitzar a partir del s.XV, perqu\u00e8 van apar\u00e9ixer les imatges que van ser amagades durant l&#8217;\u2019ocupaci\u00f3 sarra\u00efna a bona part de Catalunya i Val\u00e8ncia. Per\u00f2 la seva tradici\u00f3 es remunta segles abans. Aix\u00ed les talles rom\u00e0niques hier\u00e0tiques de la Mare de D\u00e9u es van amagar per evitar fossin destru\u00efdes, o cremades o trencades. I van ser fidels, o pastors, o viatgers o incl\u00fas animals els que les van anar trobant. I cadascuna d&#8217;aquestes t\u00e9 la seva pr\u00f2pia hist\u00f2ria i rellev\u00e0ncia i s\u00f3n per tot el territori, de fet, Despr\u00e9s de l\u2019ocupaci\u00f3 sarra\u00efna van proliferar aquestes &#8220;mares de D\u00e9u&#8221; i es van estendre.<\/span><\/p>\n<p style=\"text-align: justify;padding-left: 80px\"><span style=\"color: #ff0000;font-size: 22px\">Tamb\u00e9 era important, que les ermites i temples que s\u2019havien d\u2019erigir en honor o cust\u00f2dia de la imatge havien de ser all\u00e0 on havien estat trobades o molt a prop, com a lloc de culte o peregrinaci\u00f3 o per a resar-hi i demanar la protecci\u00f3 de Maria.<\/span><\/p>\n<p style=\"text-align: justify;padding-left: 80px\"><span style=\"color: #ff0000;font-size: 22px\">De fet, va haver-hi tota una explosi\u00f3 de cultura, creen\u00e7a i viv\u00e8ncies al voltant de Maria, sobretot entre els segles XII i XIII, es va anar estenent per tota la pen\u00ednsula i ha arribat fins els nostres dies.<\/span><\/p>\n<div id=\"attachment_6298\" style=\"width: 327px\" class=\"wp-caption alignright\"><img decoding=\"async\" aria-describedby=\"caption-attachment-6298\" class=\"wp-image-6298\" src=\"https:\/\/assumpcio.alcover.arqtgn.cat\/wp-content\/uploads\/sites\/39\/2024\/09\/Mare-de-Deu-de-Gracia-2-684x1024.jpg\" alt=\"\" width=\"317\" height=\"470\" \/><p id=\"caption-attachment-6298\" class=\"wp-caption-text\">La Mare de D\u00e9u de Gr\u00e0cia, venerada a La Riba<\/p><\/div>\n<p style=\"text-align: justify;padding-left: 80px\"><span style=\"color: #ff0000;font-size: 22px\">Si cerquem les festes locals o moltes festes tradicionals o festes majors de Catalunya, moltes coincideixen amb la festa de la seva Mare de D\u00e9u, ja sigui a l\u2019agost o avui 8 de setembre, o en alguna altra festa assenyalada.<\/span><\/p>\n<p style=\"text-align: justify;padding-left: 80px\"><span style=\"color: #ff0000;font-size: 22px\"><strong>A la nostra Unitat Pastoral, a Alover, i venerant la Mare de D\u00e9u: <\/strong><\/span><\/p>\n<p style=\"text-align: justify;padding-left: 80px\"><span style=\"color: #ff0000;font-size: 22px\"><strong><em>Mare de D\u00e9u del Remei: <\/em>el 2n. diumenge d&#8217;octubre -la Fira- [aquest any, el dia 13], i el segon diumenge de maig -la Festa de la Mare de D\u00e9u del Remei-\u00a0 [el dia 11 de maig de 2025]; es venera <a href=\"https:\/\/assumpcio.alcover.arqtgn.cat\/?page_id=540\">a l&#8217;Ermita que li \u00e9s dedicada<\/a>, on cada segon disabte de mes -a les 10:00, normalment, s&#8217;hi celebra l&#8217;Eucaristia. <\/strong><\/span><\/p>\n<p style=\"text-align: justify;padding-left: 80px\"><span style=\"color: #ff0000;font-size: 22px\"><strong>I la Mare de D\u00e9u de Gr\u00e0cia, es venerada a la Parr\u00f2quia de La Riba.<\/strong><\/span><\/p>\n<p>&nbsp;<\/p>\n<p>Per ampliar-ho:<\/p>\n<p><a href=\"https:\/\/setmanasantamataro.blogspot.com\/2021\/09\/bona-diada-de-les-marededeus-trobades.html\">Aquesta reflexi\u00f3 \u00e9s a partir de la que hi ha a la web de la Setmana Santa de Matar\u00f3.<\/a><\/p>\n<p><a href=\"https:\/\/benedictinessantperepuelles.cat\/sant\/0908_NaixementMdD.pdf#:~:text=Per%20tot%20aix%C3%B2%20%C3%A9s%20encertad%C3%ADssim%20el%20nom%20que%20el%20nostre\">Homilia del P.Miquel Estrad\u00e9 (Monjo de Montserrat (1920-1997), al Monestir de Sant Pere de les Puel.les<\/a>: Les mares de D\u00e9u trobades.<\/p>\n<p><a href=\"https:\/\/assumpcio.alcover.arqtgn.cat\/?page_id=540\">L&#8217;Ermita del Remei, a Alcover<\/a><\/p>\n<pre><\/pre>\n<p>&nbsp;<\/p>\n","protected":false},"excerpt":{"rendered":"<p>&#8220;El 8 de setembre se celebra la festa de la Nativitat o naixement de la Mare de D\u00e9u arreu del m\u00f3n cat\u00f2lic, una festa especial a les terres catalanes des <a class=\"more-link\" href=\"https:\/\/assumpcio.alcover.arqtgn.cat\/?p=6295\">Continue Reading &rarr;<\/a><\/p>\n","protected":false},"author":39,"featured_media":0,"comment_status":"closed","ping_status":"closed","sticky":false,"template":"","format":"standard","meta":{"footnotes":""},"categories":[44,1],"tags":[],"class_list":["post-6295","post","type-post","status-publish","format-standard","hentry","category-calendari","category-general"],"amp_enabled":true,"_links":{"self":[{"href":"https:\/\/assumpcio.alcover.arqtgn.cat\/index.php?rest_route=\/wp\/v2\/posts\/6295","targetHints":{"allow":["GET"]}}],"collection":[{"href":"https:\/\/assumpcio.alcover.arqtgn.cat\/index.php?rest_route=\/wp\/v2\/posts"}],"about":[{"href":"https:\/\/assumpcio.alcover.arqtgn.cat\/index.php?rest_route=\/wp\/v2\/types\/post"}],"author":[{"embeddable":true,"href":"https:\/\/assumpcio.alcover.arqtgn.cat\/index.php?rest_route=\/wp\/v2\/users\/39"}],"replies":[{"embeddable":true,"href":"https:\/\/assumpcio.alcover.arqtgn.cat\/index.php?rest_route=%2Fwp%2Fv2%2Fcomments&post=6295"}],"version-history":[{"count":13,"href":"https:\/\/assumpcio.alcover.arqtgn.cat\/index.php?rest_route=\/wp\/v2\/posts\/6295\/revisions"}],"predecessor-version":[{"id":6316,"href":"https:\/\/assumpcio.alcover.arqtgn.cat\/index.php?rest_route=\/wp\/v2\/posts\/6295\/revisions\/6316"}],"wp:attachment":[{"href":"https:\/\/assumpcio.alcover.arqtgn.cat\/index.php?rest_route=%2Fwp%2Fv2%2Fmedia&parent=6295"}],"wp:term":[{"taxonomy":"category","embeddable":true,"href":"https:\/\/assumpcio.alcover.arqtgn.cat\/index.php?rest_route=%2Fwp%2Fv2%2Fcategories&post=6295"},{"taxonomy":"post_tag","embeddable":true,"href":"https:\/\/assumpcio.alcover.arqtgn.cat\/index.php?rest_route=%2Fwp%2Fv2%2Ftags&post=6295"}],"curies":[{"name":"wp","href":"https:\/\/api.w.org\/{rel}","templated":true}]}}