{"id":6813,"date":"2025-03-26T09:10:21","date_gmt":"2025-03-26T08:10:21","guid":{"rendered":"https:\/\/assumpcio.alcover.arqtgn.cat\/?p=6813"},"modified":"2025-03-26T13:48:15","modified_gmt":"2025-03-26T12:48:15","slug":"26-03-2025-acompanyant-el-dol-els-primers-dilluns-de-cada-mes-a-la-missa-recordarem-qui-ha-mort-el-mes-anterior-a-partir-del-dilluns-5-de-maig","status":"publish","type":"post","link":"https:\/\/assumpcio.alcover.arqtgn.cat\/?p=6813","title":{"rendered":"(26-03-2025) Acompanyant el dol!   Els primers dilluns de cada mes, a la missa, recordarem qui ha mort el mes anterior. A partir del dilluns, 5 de maig."},"content":{"rendered":"<h6><\/h6>\n<h6 style=\"text-align: justify\"><strong>Preg\u00e0ria<\/strong><\/h6>\n<p>&nbsp;<\/p>\n<h6 style=\"text-align: justify;padding-left: 80px\">per compartir amb qui ha mort el nostre dolor i la nostra tristesa,<\/h6>\n<h6><\/h6>\n<h6><\/h6>\n<h6 style=\"text-align: justify;padding-left: 80px\">per recordar tamb\u00e9 tot el que significa per a nosaltres aquella persona que ha mort,<\/h6>\n<h6><\/h6>\n<h6><\/h6>\n<h6 style=\"text-align: justify;padding-left: 80px\">per cercar la fortalesa que necessitem.<\/h6>\n<p><a href=\"https:\/\/assumpcio.alcover.arqtgn.cat\/wp-content\/uploads\/sites\/39\/2025\/03\/Pregaria-Llum-1.jpg\"><img fetchpriority=\"high\" decoding=\"async\" class=\"alignnone wp-image-6814 alignright\" src=\"https:\/\/assumpcio.alcover.arqtgn.cat\/wp-content\/uploads\/sites\/39\/2025\/03\/Pregaria-Llum-1-300x153.jpg\" alt=\"\" width=\"432\" height=\"227\" \/><\/a><\/p>\n<h6 style=\"text-align: justify;padding-left: 80px\">I preg\u00e0ria per la persona estimada, per demanar-li a D\u00e9u que l\u2019ompli de la seva pau, que l\u2019aculli amb tot el seu amor, que li perdoni el mal que, a causa de la feblesa humana, hagi pogut fer al llarg de la seva vida (Vegeu Jn 14, 1-3).<\/h6>\n<p>&nbsp;<\/p>\n<h6 style=\"text-align: justify\">Certament que D\u00e9u ja ho fa, aix\u00f2, no necessita que li ho demanem. D\u00e9u vol acollir tothom, i ent\u00e9n <a href=\"https:\/\/assumpcio.alcover.arqtgn.cat\/wp-content\/uploads\/sites\/39\/2025\/03\/Quaresma-2.jpg\"><img decoding=\"async\" class=\"wp-image-6735 alignleft\" src=\"https:\/\/assumpcio.alcover.arqtgn.cat\/wp-content\/uploads\/sites\/39\/2025\/03\/Quaresma-2.jpg\" alt=\"\" width=\"389\" height=\"265\" \/><\/a>millor que ning\u00fa, sens dubte millor que nosaltres, les nostres febleses. Sap trobar en tothom i en cadasc\u00fa, tant si han mantingut una fe ferma i ben viscuda, com si se n\u2019han allunyat pel motiu que sigui, com si han viscut una vida amb confusions i incerteses, l\u2019espurna del seu amor. Per\u00f2 encara que D\u00e9u no necessiti que li ho demanem, a nosaltres s\u00ed que ens cal demanar-li-ho, s\u00ed que ens cal expresar-li els nostres millors desigs i la nostra confian\u00e7a en la seva bondat inesgotable.<\/h6>\n<p>&nbsp;<\/p>\n<h6 style=\"text-align: justify\"><span style=\"color: #993366\"><strong>A la Unitat Pastoral, i a l&#8217;Eucaristia dels primer dilluns de cada mes (Alcover \/ 19:00, horari d&#8217;hivern &#8211; 20:00, horari d&#8217;estiu), comen\u00e7ant el 5 de maig, recordarem els difunts que han mort durant el mes anterior. Al Consell de Pastoral, ens ha sembat\u00a0 adient aquesta proposta que, \u00a1segur! acompanyar\u00e0 el dol i ajudar\u00e0, una proposta que complementa la clebraci\u00f3 exequial, el dia de la mort (i que cal preparar) o la petici\u00f3 de que es pregui a la missa en dies que personalment\/familiarment siguin significatius recordant en la preg\u00e0ria qui ha mort o, tamb\u00e9, la celebraci\u00f3 en la Commemoraci\u00f3 dels fidels difunts (2 de novembre).<\/strong><\/span><\/h6>\n","protected":false},"excerpt":{"rendered":"<p>Preg\u00e0ria &nbsp; per compartir amb qui ha mort el nostre dolor i la nostra tristesa, per recordar tamb\u00e9 tot el que significa per a nosaltres aquella persona que ha mort, <a class=\"more-link\" href=\"https:\/\/assumpcio.alcover.arqtgn.cat\/?p=6813\">Continue Reading &rarr;<\/a><\/p>\n","protected":false},"author":39,"featured_media":0,"comment_status":"closed","ping_status":"closed","sticky":false,"template":"","format":"standard","meta":{"footnotes":""},"categories":[44,1],"tags":[],"class_list":["post-6813","post","type-post","status-publish","format-standard","hentry","category-calendari","category-general"],"amp_enabled":true,"_links":{"self":[{"href":"https:\/\/assumpcio.alcover.arqtgn.cat\/index.php?rest_route=\/wp\/v2\/posts\/6813","targetHints":{"allow":["GET"]}}],"collection":[{"href":"https:\/\/assumpcio.alcover.arqtgn.cat\/index.php?rest_route=\/wp\/v2\/posts"}],"about":[{"href":"https:\/\/assumpcio.alcover.arqtgn.cat\/index.php?rest_route=\/wp\/v2\/types\/post"}],"author":[{"embeddable":true,"href":"https:\/\/assumpcio.alcover.arqtgn.cat\/index.php?rest_route=\/wp\/v2\/users\/39"}],"replies":[{"embeddable":true,"href":"https:\/\/assumpcio.alcover.arqtgn.cat\/index.php?rest_route=%2Fwp%2Fv2%2Fcomments&post=6813"}],"version-history":[{"count":26,"href":"https:\/\/assumpcio.alcover.arqtgn.cat\/index.php?rest_route=\/wp\/v2\/posts\/6813\/revisions"}],"predecessor-version":[{"id":6876,"href":"https:\/\/assumpcio.alcover.arqtgn.cat\/index.php?rest_route=\/wp\/v2\/posts\/6813\/revisions\/6876"}],"wp:attachment":[{"href":"https:\/\/assumpcio.alcover.arqtgn.cat\/index.php?rest_route=%2Fwp%2Fv2%2Fmedia&parent=6813"}],"wp:term":[{"taxonomy":"category","embeddable":true,"href":"https:\/\/assumpcio.alcover.arqtgn.cat\/index.php?rest_route=%2Fwp%2Fv2%2Fcategories&post=6813"},{"taxonomy":"post_tag","embeddable":true,"href":"https:\/\/assumpcio.alcover.arqtgn.cat\/index.php?rest_route=%2Fwp%2Fv2%2Ftags&post=6813"}],"curies":[{"name":"wp","href":"https:\/\/api.w.org\/{rel}","templated":true}]}}