{"id":6861,"date":"2025-03-26T13:40:35","date_gmt":"2025-03-26T12:40:35","guid":{"rendered":"https:\/\/assumpcio.alcover.arqtgn.cat\/?p=6861"},"modified":"2025-03-26T13:40:35","modified_gmt":"2025-03-26T12:40:35","slug":"quaresma-2025-4-el-dilluns-14-dabril-dilluns-sant-la-missa-crismal","status":"publish","type":"post","link":"https:\/\/assumpcio.alcover.arqtgn.cat\/?p=6861","title":{"rendered":"Quaresma 2025 (4): El dilluns, 14 d&#8217;abril: Dilluns Sant. LA MISSA CRISMAL."},"content":{"rendered":"<h6><\/h6>\n<h6 style=\"text-align: justify\">El dilluns, dia 14 d\u2019abril de 2025, Dilluns Sant, es celebrar\u00e0 a la Catedral, la Missa Crismal (10:30 h.). Emmarcada en la Setmana Santa, aquesta eucaristia t\u00e9 molts matissos de significat, tots ells rellevants.<\/h6>\n<p>&nbsp;<\/p>\n<h6 style=\"text-align: left\"><a href=\"https:\/\/assumpcio.alcover.arqtgn.cat\/wp-content\/uploads\/sites\/39\/2025\/03\/Quaresma-2025_2.jpg\"><img fetchpriority=\"high\" decoding=\"async\" class=\"wp-image-6842 alignright\" src=\"https:\/\/assumpcio.alcover.arqtgn.cat\/wp-content\/uploads\/sites\/39\/2025\/03\/Quaresma-2025_2-293x300.jpg\" alt=\"\" width=\"460\" height=\"471\" srcset=\"https:\/\/assumpcio.alcover.arqtgn.cat\/wp-content\/uploads\/sites\/39\/2025\/03\/Quaresma-2025_2-293x300.jpg 293w, https:\/\/assumpcio.alcover.arqtgn.cat\/wp-content\/uploads\/sites\/39\/2025\/03\/Quaresma-2025_2-1000x1024.jpg 1000w, https:\/\/assumpcio.alcover.arqtgn.cat\/wp-content\/uploads\/sites\/39\/2025\/03\/Quaresma-2025_2-768x786.jpg 768w, https:\/\/assumpcio.alcover.arqtgn.cat\/wp-content\/uploads\/sites\/39\/2025\/03\/Quaresma-2025_2.jpg 1017w\" sizes=\"(max-width: 460px) 100vw, 460px\" \/><\/a>El nom de \u201cCrismal\u201d ve perqu\u00e8 en aquesta celebraci\u00f3 s\u2019hi consagra l\u2019oli del Crima i s\u2019hi beneeixen el dels malalts i el dels catecumens. Tamb\u00e9 \u00e9s una jornada especial per als preveres, que renoven aquest dia les seves promeses sacerdotals.<\/h6>\n<h6 style=\"text-align: justify\">Jornada sacerdotal!. \u00c9s el dia en que es felicita als preveres i diaques que celebren els seus 25, 50 o 60 anys d\u2019ordenaci\u00f3. Enguany, Mn.Xvavier Re\u00f1\u00e9, 60 anys, Mn. Miquel dels Sants Combalia, 50 anys, i Mn.Clemente Lucena, 25 anys.<\/h6>\n<h6><\/h6>\n<h6 style=\"text-align: justify\">Tamb\u00e9 es preg\u00e0r\u00e0 pels preveres difunts des de la darrera celebraci\u00f3: Mn. Joan Miracle Boronat (28 de febrer de 2025), Mn. Josep Bonet Grau (16 de gener de 2025), Mn. Francesc Xavier Fort Subirats (10 de gener de 2025), Mn. Miquel Barbar\u00e0 Angl\u0117s (25 de novembre de 2024), Mn. Manel Borges Anguera (11 d\u2019octubre de 2024), Mn. Vicen\u00e7 Morera Bori (20 de maig de 2024) i Mn. Pere Dalmau Vidal (7 d\u2019abril de 2024).<\/h6>\n<p>&nbsp;<\/p>\n<h6 style=\"text-align: justify\">A l\u2019acabar-se l\u2019Eucaristia, la Jornada segueix amb la Trobada dels preveres:<\/h6>\n<p>&nbsp;<\/p>\n<h6 style=\"padding-left: 80px;text-align: justify\">a) Una Confer\u00e8ncia que, aquest any, pronunciar\u00e0 el Sr.Bisbe auxiliar de Barcelona, Mons.David Abad\u00edas i Aur\u00edn: \u201c1700 anys de Concili de Nicea\u201d i<\/h6>\n<p>&nbsp;<\/p>\n<h6 style=\"padding-left: 80px;text-align: justify\">b) Un dinar fraternal.<\/h6>\n","protected":false},"excerpt":{"rendered":"<p>El dilluns, dia 14 d\u2019abril de 2025, Dilluns Sant, es celebrar\u00e0 a la Catedral, la Missa Crismal (10:30 h.). Emmarcada en la Setmana Santa, aquesta eucaristia t\u00e9 molts matissos de <a class=\"more-link\" href=\"https:\/\/assumpcio.alcover.arqtgn.cat\/?p=6861\">Continue Reading &rarr;<\/a><\/p>\n","protected":false},"author":39,"featured_media":0,"comment_status":"closed","ping_status":"closed","sticky":false,"template":"","format":"standard","meta":{"footnotes":""},"categories":[44,1],"tags":[],"class_list":["post-6861","post","type-post","status-publish","format-standard","hentry","category-calendari","category-general"],"amp_enabled":true,"_links":{"self":[{"href":"https:\/\/assumpcio.alcover.arqtgn.cat\/index.php?rest_route=\/wp\/v2\/posts\/6861","targetHints":{"allow":["GET"]}}],"collection":[{"href":"https:\/\/assumpcio.alcover.arqtgn.cat\/index.php?rest_route=\/wp\/v2\/posts"}],"about":[{"href":"https:\/\/assumpcio.alcover.arqtgn.cat\/index.php?rest_route=\/wp\/v2\/types\/post"}],"author":[{"embeddable":true,"href":"https:\/\/assumpcio.alcover.arqtgn.cat\/index.php?rest_route=\/wp\/v2\/users\/39"}],"replies":[{"embeddable":true,"href":"https:\/\/assumpcio.alcover.arqtgn.cat\/index.php?rest_route=%2Fwp%2Fv2%2Fcomments&post=6861"}],"version-history":[{"count":14,"href":"https:\/\/assumpcio.alcover.arqtgn.cat\/index.php?rest_route=\/wp\/v2\/posts\/6861\/revisions"}],"predecessor-version":[{"id":6875,"href":"https:\/\/assumpcio.alcover.arqtgn.cat\/index.php?rest_route=\/wp\/v2\/posts\/6861\/revisions\/6875"}],"wp:attachment":[{"href":"https:\/\/assumpcio.alcover.arqtgn.cat\/index.php?rest_route=%2Fwp%2Fv2%2Fmedia&parent=6861"}],"wp:term":[{"taxonomy":"category","embeddable":true,"href":"https:\/\/assumpcio.alcover.arqtgn.cat\/index.php?rest_route=%2Fwp%2Fv2%2Fcategories&post=6861"},{"taxonomy":"post_tag","embeddable":true,"href":"https:\/\/assumpcio.alcover.arqtgn.cat\/index.php?rest_route=%2Fwp%2Fv2%2Ftags&post=6861"}],"curies":[{"name":"wp","href":"https:\/\/api.w.org\/{rel}","templated":true}]}}