{"id":6880,"date":"2025-03-31T15:34:20","date_gmt":"2025-03-31T13:34:20","guid":{"rendered":"https:\/\/assumpcio.alcover.arqtgn.cat\/?p=6880"},"modified":"2025-03-31T18:46:59","modified_gmt":"2025-03-31T16:46:59","slug":"esteiu-25-1-propostes-per-als-joves-adolescents-jubileu-2025","status":"publish","type":"post","link":"https:\/\/assumpcio.alcover.arqtgn.cat\/?p=6880","title":{"rendered":"Estiu &#8217;25 (1): Propostes per als joves-adolescents: Jubileu 2025!"},"content":{"rendered":"<h5 style=\"text-align: justify\"><strong><span style=\"color: #ff0000\">Juliol &#8211; agost: <\/span><\/strong><span style=\"color: #ff0000\">Per a <\/span><span style=\"color: #ff0000\">Joves-adolescents [<\/span><span style=\"color: #ff0000\"><em>Propostes pastorals que, entre tots ens cal promoure i fer possibles<\/em>]:<\/span><\/h5>\n<p>&nbsp;<\/p>\n<h5 style=\"text-align: justify;padding-left: 40px\"><span style=\"color: #ff0000\">a) &#8220;Jubileu dels joves 2025: Pelegrinatge a Roma&#8221;<\/span><\/h5>\n<h5 style=\"text-align: justify;padding-left: 40px\"><span style=\"color: #ff0000\">i\/o<\/span><\/h5>\n<h5 style=\"text-align: justify;padding-left: 40px\"><span style=\"color: #ff0000\">b) &#8220;Pelegrinatge a Lourdes&#8221;.<\/span><\/h5>\n<h6 style=\"padding-left: 40px\"><span style=\"color: #ff0000\">c) Ajudar a que sigui una realitat, fer-ho possible!.<\/span><\/h6>\n<p>&nbsp;<\/p>\n<h6 style=\"text-align: justify\"><a href=\"https:\/\/assumpcio.alcover.arqtgn.cat\/wp-content\/uploads\/sites\/39\/2025\/03\/Quaesma-jubileu-2.png\"><img fetchpriority=\"high\" decoding=\"async\" class=\"wp-image-6712 alignleft\" src=\"https:\/\/assumpcio.alcover.arqtgn.cat\/wp-content\/uploads\/sites\/39\/2025\/03\/Quaesma-jubileu-2.png\" alt=\"\" width=\"493\" height=\"167\" \/><\/a>A la Unitat Pastoral d\u2019<strong>Alcover, La Riba, La Mas\u00f3, El Mil\u00e0, Farena i Mont ral, per als joves-adolescents<\/strong>, cuidant l\u2019acompanyament als joves i \u201cfer cam\u00ed al seu costat\u201d (Lc 24, 13-35 ), proposem i oferim per aquest estiu, i amb les UPA\u2019s de l\u2019Arxiprestat (Mig Gai\u00e0 i Valls) <strong>el bon servei que ens ofereix \u201c<a href=\"https:\/\/www.esglesiajovetarragona.cat\/\">La Delegaci\u00f3 diocesana per a la joventut<\/a>&#8220;<\/strong>:<\/h6>\n<p>&nbsp;<\/p>\n<h6 style=\"padding-left: 80px\"><strong><span style=\"color: #ff0000\">a) &#8220;JUBILEU DELS JOVES 2025&#8221;<\/span><\/strong><\/h6>\n<p>&nbsp;<\/p>\n<h6 style=\"padding-left: 80px;text-align: justify\"><a href=\"https:\/\/assumpcio.alcover.arqtgn.cat\/wp-content\/uploads\/sites\/39\/2025\/03\/Jubileu_joves-2025.png\"><img decoding=\"async\" class=\" wp-image-6882 alignright\" src=\"https:\/\/assumpcio.alcover.arqtgn.cat\/wp-content\/uploads\/sites\/39\/2025\/03\/Jubileu_joves-2025-300x300.png\" alt=\"\" width=\"350\" height=\"350\" srcset=\"https:\/\/assumpcio.alcover.arqtgn.cat\/wp-content\/uploads\/sites\/39\/2025\/03\/Jubileu_joves-2025-300x300.png 300w, https:\/\/assumpcio.alcover.arqtgn.cat\/wp-content\/uploads\/sites\/39\/2025\/03\/Jubileu_joves-2025-1024x1024.png 1024w, https:\/\/assumpcio.alcover.arqtgn.cat\/wp-content\/uploads\/sites\/39\/2025\/03\/Jubileu_joves-2025-150x150.png 150w, https:\/\/assumpcio.alcover.arqtgn.cat\/wp-content\/uploads\/sites\/39\/2025\/03\/Jubileu_joves-2025-768x768.png 768w, https:\/\/assumpcio.alcover.arqtgn.cat\/wp-content\/uploads\/sites\/39\/2025\/03\/Jubileu_joves-2025.png 1080w\" sizes=\"(max-width: 350px) 100vw, 350px\" \/>&#8220;<em>D<\/em><\/a><em>el 27 de juliol al 4 d\u2019agost: el pelegrinatge a Roma amb motiu del Jubileu dels Joves amb el papa Francesc. Hi podran participar tots els joves d\u2019entre 16 i 35 anys, a m\u00e9s dels responsables dels grups, que poden sobrepassar els 35 anys.<\/em><br \/>\n<em>El diumenge dia 27 de juliol s\u2019iniciar\u00e0 el pelegrinatge que portar\u00e0 els joves fins a Tor\u00ed, on arribaran l\u2019endem\u00e0 i hi estaran fins al dimarts dia 29 de juliol. All\u00e0 se celebrar\u00e0 la jornada diocesana, i el dimecres dia 30 de juliol s\u2019iniciar\u00e0 el viatge fins a Roma, on s\u2019arribar\u00e0 el mateix dia.<\/em><br \/>\n<em>El dijous dia 31 de juliol se celebrar\u00e0 l\u2019eucaristia amb tots els joves pelegrins de les di\u00f2cesis de la Confer\u00e8ncia Episcopal Espanyola. A m\u00e9s, aquest dia i el divendres 1 d\u2019agost hi haur\u00e0 diverses activitats per al grup de l\u2019arxidi\u00f2cesi. Ja el dissabte dia 2 d\u2019agost comen\u00e7aran els actes centrals d\u2019aquest Jubileu dels Joves, que tindran lloc a Tor Vergata i on es congregaran centenars de milers de joves d\u2019arreu del m\u00f3n<\/em>\u201d.<\/h6>\n<p>&nbsp;<\/p>\n<h6>I tamb\u00e9:<\/h6>\n<p>&nbsp;<\/p>\n<h6 style=\"padding-left: 80px;text-align: justify\"><span style=\"color: #ff0000\"><strong>b) \u201cPelegrinar a Lourdes\u201d,\u00a0 amb el &#8220;52\u00e8 Pelegrinatge a Lourdes, de l&#8217;<a href=\"https:\/\/hospitalitattarragona.blogspot.com\/\">Hospitalitat de la Mare de D\u00e9u de Lourdes<\/a> (Arquebisbat de Tarragona).<\/strong><\/span><\/h6>\n<h6 style=\"padding-left: 80px;text-align: justify\">Per als joves \/ amb els adults, s\u2019ofereix el \u201c52\u00e8 Pelegrinatge a Lourdes\u201d: quatre dies a Lourdes, acompanyant a malalts i\/o discapacitats: Del 05 al 09 de juliol, amb autocar en direcci\u00f3 Lourdes.<br \/>\n<a href=\"https:\/\/assumpcio.alcover.arqtgn.cat\/wp-content\/uploads\/sites\/39\/2025\/03\/Lourdes-2025.jpg\"><img decoding=\"async\" class=\"wp-image-6883 alignleft\" src=\"https:\/\/assumpcio.alcover.arqtgn.cat\/wp-content\/uploads\/sites\/39\/2025\/03\/Lourdes-2025-212x300.jpg\" alt=\"\" width=\"281\" height=\"392\" \/><\/a>Es participar\u00e0 amb l\u2019Hospitalitat de la Mare de D\u00e9u de Lourdes de les diferents activitats que ens ofereix l\u2019Hospitalitat i tamb\u00e9 hi haur\u00e0 temps lliure (coordinat amb activitats pr\u00f2pies i adequades per als joves, ajudant a comprendre i valorar la Bas\u00edlica del Santuari de Notre-Dame de Lourdes, la cova de les aparicions, etc. Una oportunitat de trobar al Senyor en l\u2019acompanyament de persones malaltes o amb discapacitat.<\/h6>\n<h6 style=\"text-align: justify\"><\/h6>\n<p>&nbsp;<\/p>\n<h6 style=\"text-align: justify;padding-left: 40px\"><span style=\"color: #ff0000\">c) Pensem-hi, parlem-ne, cal \u00a1pregar! i cal ajudar, proposant-nos, <strong>entre tots &#8220;becar&#8221; a qui li costi respondre a tot el cost<\/strong>:<\/span><\/h6>\n<h6 style=\"text-align: justify\"><\/h6>\n<h6 style=\"text-align: justify\"><\/h6>\n<h6 style=\"padding-left: 80px;text-align: justify\"><a href=\"https:\/\/assumpcio.alcover.arqtgn.cat\/wp-content\/uploads\/sites\/39\/2025\/03\/Col.labora-Estiu-2025.jpg\"><img loading=\"lazy\" decoding=\"async\" class=\" wp-image-6885 alignright\" src=\"https:\/\/assumpcio.alcover.arqtgn.cat\/wp-content\/uploads\/sites\/39\/2025\/03\/Col.labora-Estiu-2025-208x300.jpg\" alt=\"\" width=\"341\" height=\"483\" \/><\/a>Se&#8217;ns demana\u00a0 disponibiitat a col.laborar i generositat.<br \/>\nProposem i oferim els dos pelegrinatges a les fam\u00edlies de l\u2019UPA (coordinant-nos amb les UPA\u2019s de l\u2019Arxiprestat de l\u2019Alt Camp). Des d\u2019ara poden informa-se\u2019n i, tamb\u00e9 apuntar-hi el\/la jove-adolescent que vaalori positiu ser-hi, a la seva\u00a0 Parr\u00f2quia (o al Grup Arxiprestal).<br \/>\nSi per alguna fam\u00edlia \u00e9s dif\u00edcil subvenir la despesa (475 \u20ac\/Pelegrinatge a Roma i 310\u20ac\/Pelegrinatge a Lourdes), des de la Unitat Pastoral, ja es demana que s\u2019hi col\u00b7labori!. I si per la nostra Unitat Pastoral no ens cal, si som capa\u00e7os de finan\u00e7ar una o dues beques, ajudarem a una altra, a trav\u00e9s del Grup Arxiprestal.<\/h6>\n<h6 style=\"padding-left: 80px;text-align: justify\">No cal dir que, tamb\u00e9 acompanyarem aquestes experi\u00e8ncies, amb el record i la preg\u00e0ria.<\/h6>\n<p style=\"text-align: justify\">\n<h6 style=\"padding-left: 80px;text-align: justify\">A la nostra UPA, ens podriem proposar com a objectiu, una beca per a cada pelegrinatge, per si cal: 310\u20ac + 475\u20ac, que s\u00f3n 785\u20ac. Moltes gr\u00e0cies.<\/h6>\n","protected":false},"excerpt":{"rendered":"<p>Juliol &#8211; agost: Per a Joves-adolescents [Propostes pastorals que, entre tots ens cal promoure i fer possibles]: &nbsp; a) &#8220;Jubileu dels joves 2025: Pelegrinatge a Roma&#8221; i\/o b) &#8220;Pelegrinatge a <a class=\"more-link\" href=\"https:\/\/assumpcio.alcover.arqtgn.cat\/?p=6880\">Continue Reading &rarr;<\/a><\/p>\n","protected":false},"author":39,"featured_media":0,"comment_status":"closed","ping_status":"closed","sticky":false,"template":"","format":"standard","meta":{"footnotes":""},"categories":[44,1],"tags":[],"class_list":["post-6880","post","type-post","status-publish","format-standard","hentry","category-calendari","category-general"],"amp_enabled":true,"_links":{"self":[{"href":"https:\/\/assumpcio.alcover.arqtgn.cat\/index.php?rest_route=\/wp\/v2\/posts\/6880","targetHints":{"allow":["GET"]}}],"collection":[{"href":"https:\/\/assumpcio.alcover.arqtgn.cat\/index.php?rest_route=\/wp\/v2\/posts"}],"about":[{"href":"https:\/\/assumpcio.alcover.arqtgn.cat\/index.php?rest_route=\/wp\/v2\/types\/post"}],"author":[{"embeddable":true,"href":"https:\/\/assumpcio.alcover.arqtgn.cat\/index.php?rest_route=\/wp\/v2\/users\/39"}],"replies":[{"embeddable":true,"href":"https:\/\/assumpcio.alcover.arqtgn.cat\/index.php?rest_route=%2Fwp%2Fv2%2Fcomments&post=6880"}],"version-history":[{"count":14,"href":"https:\/\/assumpcio.alcover.arqtgn.cat\/index.php?rest_route=\/wp\/v2\/posts\/6880\/revisions"}],"predecessor-version":[{"id":6899,"href":"https:\/\/assumpcio.alcover.arqtgn.cat\/index.php?rest_route=\/wp\/v2\/posts\/6880\/revisions\/6899"}],"wp:attachment":[{"href":"https:\/\/assumpcio.alcover.arqtgn.cat\/index.php?rest_route=%2Fwp%2Fv2%2Fmedia&parent=6880"}],"wp:term":[{"taxonomy":"category","embeddable":true,"href":"https:\/\/assumpcio.alcover.arqtgn.cat\/index.php?rest_route=%2Fwp%2Fv2%2Fcategories&post=6880"},{"taxonomy":"post_tag","embeddable":true,"href":"https:\/\/assumpcio.alcover.arqtgn.cat\/index.php?rest_route=%2Fwp%2Fv2%2Ftags&post=6880"}],"curies":[{"name":"wp","href":"https:\/\/api.w.org\/{rel}","templated":true}]}}