{"id":6992,"date":"2025-05-10T16:49:04","date_gmt":"2025-05-10T14:49:04","guid":{"rendered":"https:\/\/assumpcio.alcover.arqtgn.cat\/?p=6992"},"modified":"2025-05-10T16:59:47","modified_gmt":"2025-05-10T14:59:47","slug":"11-05-2025-la-xxii-festa-en-el-2n-diumenge-de-maig-venerant-a-la-mare-de-deu-del-remei","status":"publish","type":"post","link":"https:\/\/assumpcio.alcover.arqtgn.cat\/?p=6992","title":{"rendered":"11-05-2025: la XXII festa, en el 2n diumenge de maig, venerant a la Mare de D\u00e9u del Remei"},"content":{"rendered":"<h6 style=\"text-align: justify\">El diumenge, 11 de maig de 2025, celebrarem \u201cla XXII festa, en el 2n diumenge de maig: la Mare de D\u00e9u del Remei\u201d, festa que <span style=\"font-family: 'Helvetica Neue', Arial, sans-serif;font-size: 1.375rem;font-weight: 300\">acompanya el constant pelegrinar personal i comunitari a l\u2019Ermita.<\/span><\/h6>\n<h6><\/h6>\n<h6 style=\"text-align: justify\"><span style=\"color: #ff0000\"><strong>Aquest any, i tenint en compte les previsions per al &#8220;temps&#8221;: \u00a1pluja!, s&#8217;ha previst trobar-nos al Pavell\u00f3 Municipal d&#8217;Alcover: l&#8217;Eucaristia, a les 13:00 h., i el dinar de germanor<\/strong> (<em>agra\u00efm a l&#8217;Ajuntament d&#8217;Alcover que ens ho hagi facilitat<\/em>)<strong><span style=\"color: #000000\">. <\/span><\/strong><\/span><\/h6>\n<div id=\"attachment_6993\" style=\"width: 317px\" class=\"wp-caption aligncenter\"><a href=\"https:\/\/assumpcio.alcover.arqtgn.cat\/wp-content\/uploads\/sites\/39\/2025\/05\/M-de-D-del-Remei.2025.jpg\"><img fetchpriority=\"high\" decoding=\"async\" aria-describedby=\"caption-attachment-6993\" class=\"wp-image-6993\" src=\"https:\/\/assumpcio.alcover.arqtgn.cat\/wp-content\/uploads\/sites\/39\/2025\/05\/M-de-D-del-Remei.2025-234x300.jpg\" alt=\"\" width=\"307\" height=\"393\" srcset=\"https:\/\/assumpcio.alcover.arqtgn.cat\/wp-content\/uploads\/sites\/39\/2025\/05\/M-de-D-del-Remei.2025-234x300.jpg 234w, https:\/\/assumpcio.alcover.arqtgn.cat\/wp-content\/uploads\/sites\/39\/2025\/05\/M-de-D-del-Remei.2025-798x1024.jpg 798w, https:\/\/assumpcio.alcover.arqtgn.cat\/wp-content\/uploads\/sites\/39\/2025\/05\/M-de-D-del-Remei.2025-768x985.jpg 768w, https:\/\/assumpcio.alcover.arqtgn.cat\/wp-content\/uploads\/sites\/39\/2025\/05\/M-de-D-del-Remei.2025.jpg 927w\" sizes=\"(max-width: 307px) 100vw, 307px\" \/><\/a><p id=\"caption-attachment-6993\" class=\"wp-caption-text\">Clicant la imatge, s&#8217;amplia<\/p><\/div>\n<h6 style=\"text-align: justify\"><span style=\"font-family: 'Helvetica Neue', Arial, sans-serif;font-size: 1.375rem;font-weight: 300\">La festa ajuda a veure\u2019ns \u201cfent cam\u00ed&#8221;, pelegrins i a comprendre\u2019ns en \u201cpelegrinatge interior\u201d, prop de Maria, la <\/span><span style=\"font-family: 'Helvetica Neue', Arial, sans-serif;font-size: 1.375rem;font-weight: 300\">Mare del Remei. La nostra \u00e9s \u201cvisita espiritual\u201d a l\u2019Ermita, quan s&#8217;hi va d&#8217;ordinari, i amb Maria, prop de Je\u00fas, ens entenem aix\u00ed!.<\/span><\/h6>\n<h6 style=\"text-align: justify\"><span style=\"font-family: 'Helvetica Neue', Arial, sans-serif;font-size: 1.375rem;font-weight: 300\">La Imatge \u00e9s preciosa, amb els ulls vibrants, de cervatell. Com ho descriu Mn. Joan Roig en els Goigs: &#8220;<\/span><strong style=\"font-family: 'Helvetica Neue', Arial, sans-serif;font-size: 1.375rem\">Representa la Noia de Natzaret contenta amb el Fill, amb els bra\u00e7os <em>arromangats<\/em> per al treball, talment una ve\u00efna m\u00e9s del poble. \u00c9s la dona amatent per a servir. \u00c9s pura disponibilitat<\/strong><span style=\"font-family: 'Helvetica Neue', Arial, sans-serif;font-size: 1.375rem;font-weight: 300\">&#8220;.&#8221;Generaci\u00f3 rere generaci\u00f3 els cristians, homes i dones, d\u2019Alcover i &#8220;els seus voltants&#8221; l\u2019han venerat i quan es celebren l&#8217;acaronen, pregant per ells i per qui espera que se&#8217;n recordin, prop de la Mare de D\u00e9u.<\/span><\/h6>\n<p>&nbsp;<\/p>\n<h6><\/h6>\n<h6 style=\"text-align: justify\"><strong><span style=\"color: #ff0000\">Horaris per les celebracions de l&#8217;Eucaristia, aquest Diumenge (10 de maig, dissabte, i l&#8217;11, diumenge),\u00a0 a la Unitat Pastoral:<\/span><\/strong><\/h6>\n<p>&nbsp;<\/p>\n<h6 style=\"padding-left: 80px\"><strong><span style=\"color: #ff0000\">Dissabte, dia 10:<\/span><\/strong><\/h6>\n<h6 style=\"padding-left: 160px\"><strong><span style=\"color: #ff0000\">La Riba, 19:00<\/span><\/strong><\/h6>\n<h6 style=\"padding-left: 160px\"><strong><span style=\"color: #ff0000\">Alcover, 18:00.<\/span><\/strong><\/h6>\n<h6 style=\"padding-left: 80px\"><strong><span style=\"color: #ff0000\">Diumenge, dia 11<\/span><\/strong><\/h6>\n<h6 style=\"padding-left: 160px\"><strong><span style=\"color: #ff0000\">La Mas\u00f3, 10:30<\/span><\/strong><\/h6>\n<h6 style=\"padding-left: 160px\"><strong><span style=\"color: #ff0000\">El Mil\u00e0, 11:45<\/span><\/strong><\/h6>\n<h6 style=\"padding-left: 160px\"><strong><span style=\"color: #ff0000\">Alcover, 13:00 (Al Pavell\u00f3 Municipal)<\/span><\/strong><\/h6>\n<p>&nbsp;<\/p>\n<h6 style=\"text-align: justify\">l&#8217;11 de maig, hi serem, i davant la Mare de D\u00e9u, en preg\u00e0ria confiada, ens hi adre\u00e7arem dient que ens proveeixi d\u2019esperan\u00e7a, Ella que \u00e9s Mare de D\u00e9u del Remei.<\/h6>\n","protected":false},"excerpt":{"rendered":"<p>El diumenge, 11 de maig de 2025, celebrarem \u201cla XXII festa, en el 2n diumenge de maig: la Mare de D\u00e9u del Remei\u201d, festa que acompanya el constant pelegrinar personal <a class=\"more-link\" href=\"https:\/\/assumpcio.alcover.arqtgn.cat\/?p=6992\">Continue Reading &rarr;<\/a><\/p>\n","protected":false},"author":39,"featured_media":0,"comment_status":"closed","ping_status":"closed","sticky":false,"template":"","format":"standard","meta":{"footnotes":""},"categories":[1],"tags":[],"class_list":["post-6992","post","type-post","status-publish","format-standard","hentry","category-general"],"amp_enabled":true,"_links":{"self":[{"href":"https:\/\/assumpcio.alcover.arqtgn.cat\/index.php?rest_route=\/wp\/v2\/posts\/6992","targetHints":{"allow":["GET"]}}],"collection":[{"href":"https:\/\/assumpcio.alcover.arqtgn.cat\/index.php?rest_route=\/wp\/v2\/posts"}],"about":[{"href":"https:\/\/assumpcio.alcover.arqtgn.cat\/index.php?rest_route=\/wp\/v2\/types\/post"}],"author":[{"embeddable":true,"href":"https:\/\/assumpcio.alcover.arqtgn.cat\/index.php?rest_route=\/wp\/v2\/users\/39"}],"replies":[{"embeddable":true,"href":"https:\/\/assumpcio.alcover.arqtgn.cat\/index.php?rest_route=%2Fwp%2Fv2%2Fcomments&post=6992"}],"version-history":[{"count":27,"href":"https:\/\/assumpcio.alcover.arqtgn.cat\/index.php?rest_route=\/wp\/v2\/posts\/6992\/revisions"}],"predecessor-version":[{"id":7021,"href":"https:\/\/assumpcio.alcover.arqtgn.cat\/index.php?rest_route=\/wp\/v2\/posts\/6992\/revisions\/7021"}],"wp:attachment":[{"href":"https:\/\/assumpcio.alcover.arqtgn.cat\/index.php?rest_route=%2Fwp%2Fv2%2Fmedia&parent=6992"}],"wp:term":[{"taxonomy":"category","embeddable":true,"href":"https:\/\/assumpcio.alcover.arqtgn.cat\/index.php?rest_route=%2Fwp%2Fv2%2Fcategories&post=6992"},{"taxonomy":"post_tag","embeddable":true,"href":"https:\/\/assumpcio.alcover.arqtgn.cat\/index.php?rest_route=%2Fwp%2Fv2%2Ftags&post=6992"}],"curies":[{"name":"wp","href":"https:\/\/api.w.org\/{rel}","templated":true}]}}