{"id":7022,"date":"2025-05-12T14:34:36","date_gmt":"2025-05-12T12:34:36","guid":{"rendered":"https:\/\/assumpcio.alcover.arqtgn.cat\/?p=7022"},"modified":"2025-05-12T14:46:12","modified_gmt":"2025-05-12T12:46:12","slug":"12-05-2025-carta-per-als-infants-que-celebren-la-primera-comunio-a-la-unitat-pastoral-alcover-la-riba-la-maso-el-mila-farena-mont-ral-i-a-la-seva-familia","status":"publish","type":"post","link":"https:\/\/assumpcio.alcover.arqtgn.cat\/?p=7022","title":{"rendered":"12-05-2025: Carta per als infants que celebren la Primera Comuni\u00f3 a la Unitat Pastoral &#8220;Alcover, La Riba, La Mas\u00f3, El Mil\u00e0, Farena, Mont-ral&#8221;, i a la seva fam\u00edlia."},"content":{"rendered":"<h6 style=\"text-align: left\">D\u00e9u vs guard.<\/h6>\n<p>&nbsp;<\/p>\n<p><span style=\"font-family: 'Helvetica Neue', Arial, sans-serif;font-size: 22px;font-style: normal;font-weight: 300\">Aquesta carta va per a vosaltres, els infants i les vostres fam\u00edlies, tamb\u00e9 per les Parr\u00f2quies. Hem de viure la vostra Primera Comuni\u00f3 com el que \u00e9s, una festa eclesial i familiar.<\/span><\/p>\n<h6>Temps de Pasqua, <strong>mes de maig<\/strong>. Ho hem parlat molt a la catequesi.<\/h6>\n<h6>Ahir, segon diumenge de maig: Festa per a la Mare de D\u00e9u del Remei. <strong>Els tercer i quart diumenges de maig, els dies 18 i 25: la vostra Primera Comuni\u00f3<\/strong>.<\/h6>\n<h6><\/h6>\n<p>&nbsp;<\/p>\n<h6><\/h6>\n<h6 style=\"text-align: left\">Preparem-ho b\u00e9, amb fe, gran fervor, per\u00f2 tamb\u00e9 amb sobrietat.<\/h6>\n<p>&nbsp;<\/p>\n<h5 style=\"text-align: left\"><span style=\"color: #ff0000\">Als infants, nens i nenes<span style=\"color: #000000\">:<\/span><\/span><\/h5>\n<h6 style=\"text-align: left\"><a href=\"https:\/\/assumpcio.alcover.arqtgn.cat\/wp-content\/uploads\/sites\/39\/2024\/05\/Eucaristia-2.jpg\"><img fetchpriority=\"high\" decoding=\"async\" class=\"wp-image-5853 alignleft\" src=\"https:\/\/assumpcio.alcover.arqtgn.cat\/wp-content\/uploads\/sites\/39\/2024\/05\/Eucaristia-2.jpg\" alt=\"\" width=\"404\" height=\"308\" \/><\/a>A vosaltres,estimats i estimades, us felicito per la celebraci\u00f3 d&#8217;una de les festes m\u00e9s boniques de la vostra vida, potser un dels dies m\u00e9s feli\u00e7os: Jes\u00fas us convida a participar per primera vegada de l&#8217;Eucaristia, en la missa a la que ja hi heu participat moltes vegades.<\/h6>\n<h6><\/h6>\n<h6 style=\"text-align: left\">Per aix\u00f2 heu d\u2019acollir en el vostre cor el seu Amor cap a vosaltres i ho heu de cuidar, sobretot \u201camb la preg\u00e0ria ben feta (poc a poc i dedicant-li temps a Jes\u00fas)\u201d. Ell us dona llum per orientar la vostra vida al cam\u00ed del b\u00e9. \u00c9s una festa que us omple d&#8217;alegria a vosaltres i tamb\u00e9 a l vostra fam\u00edlia i amistats, tamb\u00e9 a la parr\u00f2quia i a tot el poble.<\/h6>\n<p>&nbsp;<\/p>\n<h6 style=\"text-align: left\">Quan reseu recordeu-vos-en de tots i de totes, molt especialment de les persones malaltes que coneixeu, i no us oblideu dels nens que no tenen el necessari per viure, tingueu algun gest amb els m\u00e9s necessitats, sobretot els m\u00e9s pobres.<\/h6>\n<p>&nbsp;<\/p>\n<h6 style=\"text-align: left\">Us demano que, el curs vinent seguiu a la Catequesi, i us prepareu per la Confirmaci\u00f3, per cr\u00e9ixer en el coneixement, amor i seguiment de Jes\u00fas, que \u00e9s viu a la seva Esgl\u00e9sia.<\/h6>\n<p>&nbsp;<\/p>\n<h6 style=\"text-align: left\">Recordeu que el dia 31 de maig, darrer dissabte del mes, hi ha la Missa Familiar, encara que siguem en horari d\u2019estiu, aquest dia ser\u00e0 a les 19:00, \u00a1veniu-hi!&#8230; S\u2019hi celebrar\u00e0 la Confirmaci\u00f3 i la presidir\u00e0 el nostre Sr.Arquebisbe.<\/h6>\n<p>&nbsp;<\/p>\n<h5><\/h5>\n<h5 style=\"text-align: justify\"><span style=\"color: #ff0000\">Als pares i mare, avis i \u00e0vies, al padr\u00ed i a la padrina, a la fam\u00edlia<span style=\"color: #000000\">:<\/span><\/span><\/h5>\n<p>&nbsp;<\/p>\n<h5><\/h5>\n<h5 style=\"text-align: left\"><a href=\"https:\/\/assumpcio.alcover.arqtgn.cat\/wp-content\/uploads\/sites\/39\/2024\/10\/Acompanyament-adults.jpeg\"><img decoding=\"async\" class=\"wp-image-6443 alignright\" src=\"https:\/\/assumpcio.alcover.arqtgn.cat\/wp-content\/uploads\/sites\/39\/2024\/10\/Acompanyament-adults-300x200.jpeg\" alt=\"\" width=\"433\" height=\"292\" \/><\/a>Us dono l&#8217;enhorabona i us felicito, perqu\u00e8 els infants participaran per primera vegada de manera plena a l&#8217;Eucaristia. Prepareu b\u00e9 la festa i celebreu-la amb veritable sentit de fe cristiana, cuideu amb detall la trobada personal\u00a0 de cada infant amb el seu amic Jes\u00fas, a la comunitat parroquial.<\/h5>\n<h5><\/h5>\n<h5><\/h5>\n<h5><\/h5>\n<h5><\/h5>\n<h5 style=\"text-align: justify\">Eviteu caure en la temptaci\u00f3 del malbaratament i de l&#8217;exc\u00e9s de regals, especialment en aquests temps de crisi econ\u00f2mica i augment de la pobresa per a moltes fam\u00edlies, cuideu de no distreure als infants del que \u00e9s fonamental: la trobada personal amb Jes\u00fas.<\/h5>\n<p>&nbsp;<\/p>\n<h6><\/h6>\n<h6 style=\"text-align: justify\">Acabo, donant les gr\u00e0cies a les Catequistes, les d&#8217;aquest any i les dels anterior, i a qui prepara la celebraci\u00f3, a Mn.Pere Joan, etc. Moltes gr\u00e0cies.<\/h6>\n<p>&nbsp;<\/p>\n<h6 style=\"text-align: justify\">Una abra\u00e7ada i bona festa.<\/h6>\n<p>&nbsp;<\/p>\n<h6 style=\"text-align: justify\">Joan Anton Ced\u00f3, el vostre rector.<\/h6>\n","protected":false},"excerpt":{"rendered":"<p>D\u00e9u vs guard. &nbsp; Aquesta carta va per a vosaltres, els infants i les vostres fam\u00edlies, tamb\u00e9 per les Parr\u00f2quies. Hem de viure la vostra Primera Comuni\u00f3 com el que <a class=\"more-link\" href=\"https:\/\/assumpcio.alcover.arqtgn.cat\/?p=7022\">Continue Reading &rarr;<\/a><\/p>\n","protected":false},"author":39,"featured_media":0,"comment_status":"closed","ping_status":"closed","sticky":false,"template":"","format":"standard","meta":{"footnotes":""},"categories":[44,1,64],"tags":[],"class_list":["post-7022","post","type-post","status-publish","format-standard","hentry","category-calendari","category-general","category-rector-joan-anton"],"amp_enabled":true,"_links":{"self":[{"href":"https:\/\/assumpcio.alcover.arqtgn.cat\/index.php?rest_route=\/wp\/v2\/posts\/7022","targetHints":{"allow":["GET"]}}],"collection":[{"href":"https:\/\/assumpcio.alcover.arqtgn.cat\/index.php?rest_route=\/wp\/v2\/posts"}],"about":[{"href":"https:\/\/assumpcio.alcover.arqtgn.cat\/index.php?rest_route=\/wp\/v2\/types\/post"}],"author":[{"embeddable":true,"href":"https:\/\/assumpcio.alcover.arqtgn.cat\/index.php?rest_route=\/wp\/v2\/users\/39"}],"replies":[{"embeddable":true,"href":"https:\/\/assumpcio.alcover.arqtgn.cat\/index.php?rest_route=%2Fwp%2Fv2%2Fcomments&post=7022"}],"version-history":[{"count":43,"href":"https:\/\/assumpcio.alcover.arqtgn.cat\/index.php?rest_route=\/wp\/v2\/posts\/7022\/revisions"}],"predecessor-version":[{"id":7065,"href":"https:\/\/assumpcio.alcover.arqtgn.cat\/index.php?rest_route=\/wp\/v2\/posts\/7022\/revisions\/7065"}],"wp:attachment":[{"href":"https:\/\/assumpcio.alcover.arqtgn.cat\/index.php?rest_route=%2Fwp%2Fv2%2Fmedia&parent=7022"}],"wp:term":[{"taxonomy":"category","embeddable":true,"href":"https:\/\/assumpcio.alcover.arqtgn.cat\/index.php?rest_route=%2Fwp%2Fv2%2Fcategories&post=7022"},{"taxonomy":"post_tag","embeddable":true,"href":"https:\/\/assumpcio.alcover.arqtgn.cat\/index.php?rest_route=%2Fwp%2Fv2%2Ftags&post=7022"}],"curies":[{"name":"wp","href":"https:\/\/api.w.org\/{rel}","templated":true}]}}