{"id":7067,"date":"2025-05-12T23:51:52","date_gmt":"2025-05-12T21:51:52","guid":{"rendered":"https:\/\/assumpcio.alcover.arqtgn.cat\/?p=7067"},"modified":"2025-05-12T23:51:52","modified_gmt":"2025-05-12T21:51:52","slug":"15-al-18-de-maig-festa-major-mes-de-maig-el-mila-celebrem-sant-isidre-2025","status":"publish","type":"post","link":"https:\/\/assumpcio.alcover.arqtgn.cat\/?p=7067","title":{"rendered":"15 al 18 de maig, FESTA MAJOR (mes de maig), El Mil\u00e0: Celebrem SANT ISIDRE, 2025!"},"content":{"rendered":"<h6><\/h6>\n<h6><a href=\"https:\/\/assumpcio.alcover.arqtgn.cat\/wp-content\/uploads\/sites\/39\/2025\/05\/Festa-Major-del-Mila-2025.png\"><img fetchpriority=\"high\" decoding=\"async\" class=\"wp-image-7074 aligncenter\" src=\"https:\/\/assumpcio.alcover.arqtgn.cat\/wp-content\/uploads\/sites\/39\/2025\/05\/Festa-Major-del-Mila-2025-300x247.png\" alt=\"\" width=\"503\" height=\"417\" \/><\/a><\/h6>\n<div id=\"attachment_7068\" style=\"width: 325px\" class=\"wp-caption aligncenter\"><a href=\"https:\/\/assumpcio.alcover.arqtgn.cat\/wp-content\/uploads\/sites\/39\/2025\/05\/Sant-Isidre-El-Mila-2025.png\"><img decoding=\"async\" aria-describedby=\"caption-attachment-7068\" class=\"wp-image-7068\" src=\"https:\/\/assumpcio.alcover.arqtgn.cat\/wp-content\/uploads\/sites\/39\/2025\/05\/Sant-Isidre-El-Mila-2025-212x300.png\" alt=\"\" width=\"315\" height=\"447\" \/><\/a><p id=\"caption-attachment-7068\" class=\"wp-caption-text\">Clicant s&#8217;amplia la imatge<\/p><\/div>\n<h5><strong>\u201cSant Isidre i la pagesia catalana<\/strong><\/h5>\n<p>&nbsp;<\/p>\n<h6 style=\"text-align: justify\">A prop\u00f2sit de sant Isidre, l\u2019any 1913 -ja fa m\u00e9s de cent anys!- el jesu\u00efta catal\u00e0, pare Joan Serrat, escriv\u00ed que \u00abper tots els indrets de nostra aimada Catalunya trobareu que \u00e9s honrat Sant Isidre Llaurador, celestial patr\u00f3 dels pagesos. A totes les parr\u00f2quies camperoles hi t\u00e9 el seu altar on veureu el Sant pag\u00e8s amb una m\u00e0 sobre la rella de la llaura, mentre a l\u2019altra hi porta un manat d\u2019espigues, que cada primavera renoven els majorals, quan s\u2019acosta la festa de sant Isidre. En aquelles mans ferrenyes, cansades d\u2019aixafar terrossos, vencedores de la virtut del treball cristi\u00e0, que b\u00e9 hi escauen les espigues de blat novell!\u00bb. En efecte, la virtut del treball cristi\u00e0 encarnada per sant Isidre, ha motivat que tots els Papes de l\u2019Esgl\u00e9sia contempor\u00e0nia, des de la publicaci\u00f3 l\u2019any 1891 de l\u2019enc\u00edclica Rerum novarum pel papa Lle\u00f3 XIII, totes les enc\u00edcliques de car\u00e0cter social surtin publicades el dia 15 de maig, coincidint amb la mem\u00f2ria lit\u00fargica de sant Isidre llaurador.<\/h6>\n<p>&nbsp;<\/p>\n<h6 style=\"text-align: justify\">Sant Isidre nasqu\u00e9 a Magerit (actualment Madrid) entorn de l\u2019any 1082 i f\u00e9u de pag\u00e8s. Mor\u00ed a l\u2019any 1170 i el seu cad\u00e0ver fou sebollit al cementiri de la parr\u00f2quia madrilenya de \u201cSan Andr\u00e9s\u201d. Posteriorment el seu cos, que es trob\u00e0 incorrupte, fou traslladat a la catedral de l\u2019Almudena. Isidre<a href=\"https:\/\/assumpcio.alcover.arqtgn.cat\/wp-content\/uploads\/sites\/39\/2025\/05\/Sant-Isidre.15-de-maig.jpg\"><img decoding=\"async\" class=\"wp-image-7069 alignleft\" src=\"https:\/\/assumpcio.alcover.arqtgn.cat\/wp-content\/uploads\/sites\/39\/2025\/05\/Sant-Isidre.15-de-maig-300x190.jpg\" alt=\"\" width=\"417\" height=\"270\" \/><\/a> fou molt piet\u00f3s i caritatiu i \u00e9s anomenat Llaurador, \u00e0dhuc en la lit\u00fargia. Quan de jovenet qued\u00e0 orfe es guany\u00e0 la vida fent de jornaler, llaurant els camps amb bous, sense deixar mai la preg\u00e0ria ni d\u2019acudir a l\u2019esgl\u00e9sia per participar de les celebracions lit\u00fargiques\u201d.<\/h6>\n<p style=\"text-align: justify\">Fra Valent\u00ed Serra de Manresa \/ al \u201cCalendari l\u2019Ermit\u00e0\u201d, 2025.<\/p>\n<h4 style=\"text-align: justify\"><span style=\"color: #ff0000\"><strong>Al Mil\u00e0, Parr\u00f2quia de la Unitat Pastoral, en fem mem\u00f2ria!: <\/strong><\/span><span style=\"color: #ff0000\"><strong>La celebraci\u00f3 lit\u00fargica del Sant Patr\u00f3, ser\u00e0 el dia 18,<em> el diumenge seg\u00fcent del dia 15<\/em>, a les 11:45, a l&#8217;Esgl\u00e9sia Parroquial.<\/strong><\/span><\/h4>\n<p>&nbsp;<\/p>\n<p>Per ampliar-ho: <a href=\"https:\/\/www.festacatalunya.cat\/articles-mostra-17842-cat-festa_major_de_sant_isidre_del_mil.htm\">web de l&#8217;Ajuntament del Mil\u00e0<\/a><\/p>\n","protected":false},"excerpt":{"rendered":"<p>\u201cSant Isidre i la pagesia catalana &nbsp; A prop\u00f2sit de sant Isidre, l\u2019any 1913 -ja fa m\u00e9s de cent anys!- el jesu\u00efta catal\u00e0, pare Joan Serrat, escriv\u00ed que \u00abper tots <a class=\"more-link\" href=\"https:\/\/assumpcio.alcover.arqtgn.cat\/?p=7067\">Continue Reading &rarr;<\/a><\/p>\n","protected":false},"author":39,"featured_media":0,"comment_status":"closed","ping_status":"closed","sticky":false,"template":"","format":"standard","meta":{"footnotes":""},"categories":[44,1],"tags":[],"class_list":["post-7067","post","type-post","status-publish","format-standard","hentry","category-calendari","category-general"],"amp_enabled":true,"_links":{"self":[{"href":"https:\/\/assumpcio.alcover.arqtgn.cat\/index.php?rest_route=\/wp\/v2\/posts\/7067","targetHints":{"allow":["GET"]}}],"collection":[{"href":"https:\/\/assumpcio.alcover.arqtgn.cat\/index.php?rest_route=\/wp\/v2\/posts"}],"about":[{"href":"https:\/\/assumpcio.alcover.arqtgn.cat\/index.php?rest_route=\/wp\/v2\/types\/post"}],"author":[{"embeddable":true,"href":"https:\/\/assumpcio.alcover.arqtgn.cat\/index.php?rest_route=\/wp\/v2\/users\/39"}],"replies":[{"embeddable":true,"href":"https:\/\/assumpcio.alcover.arqtgn.cat\/index.php?rest_route=%2Fwp%2Fv2%2Fcomments&post=7067"}],"version-history":[{"count":16,"href":"https:\/\/assumpcio.alcover.arqtgn.cat\/index.php?rest_route=\/wp\/v2\/posts\/7067\/revisions"}],"predecessor-version":[{"id":7086,"href":"https:\/\/assumpcio.alcover.arqtgn.cat\/index.php?rest_route=\/wp\/v2\/posts\/7067\/revisions\/7086"}],"wp:attachment":[{"href":"https:\/\/assumpcio.alcover.arqtgn.cat\/index.php?rest_route=%2Fwp%2Fv2%2Fmedia&parent=7067"}],"wp:term":[{"taxonomy":"category","embeddable":true,"href":"https:\/\/assumpcio.alcover.arqtgn.cat\/index.php?rest_route=%2Fwp%2Fv2%2Fcategories&post=7067"},{"taxonomy":"post_tag","embeddable":true,"href":"https:\/\/assumpcio.alcover.arqtgn.cat\/index.php?rest_route=%2Fwp%2Fv2%2Ftags&post=7067"}],"curies":[{"name":"wp","href":"https:\/\/api.w.org\/{rel}","templated":true}]}}