{"id":7198,"date":"2025-07-09T16:48:05","date_gmt":"2025-07-09T14:48:05","guid":{"rendered":"https:\/\/assumpcio.alcover.arqtgn.cat\/?p=7198"},"modified":"2025-07-10T07:50:45","modified_gmt":"2025-07-10T05:50:45","slug":"10-07-2025-sant-cristofol-ho-recordarem-a-les-celebracions-del-diumenge-el-13-de-juliol","status":"publish","type":"post","link":"https:\/\/assumpcio.alcover.arqtgn.cat\/?p=7198","title":{"rendered":"10-07-2025, Sant Crist\u00f2fol (ho recordarem a les celebracions del Diumenge, el 13 de juliol)"},"content":{"rendered":"<h6>Coincidint amb la Festa de Sant Crist\u00f2fol, celebrem anualment la &#8220;Jornada per la responsabilitat en el tr\u00e0nsit&#8221;. la El lema d\u2019enguany, la 57a diada, \u00e9s \u201c\u00bbQue el Senyor et beneeixi i et guardi\u201d (Nombres 6, 24 i ompli la teva esperan\u00e7a&#8221;.<\/h6>\n<p>&nbsp;<\/p>\n<h6 style=\"text-align: justify\"><a href=\"https:\/\/assumpcio.alcover.arqtgn.cat\/wp-content\/uploads\/sites\/39\/2025\/07\/Sant-Cristofol-2025.jpg\"><img fetchpriority=\"high\" decoding=\"async\" class=\"wp-image-7200 alignright\" src=\"https:\/\/assumpcio.alcover.arqtgn.cat\/wp-content\/uploads\/sites\/39\/2025\/07\/Sant-Cristofol-2025-211x300.jpg\" alt=\"\" width=\"326\" height=\"458\" \/><\/a>Recordem les persones totes les conductores i a tots els conductor, a qui s\u00f3n transportistes, perqu\u00e8 el Senyor els beneeixi i protegeixi, satisfci la seva esperan\u00e7a i gui\u00ef els seus passos amb responsabilitat. \/ tamb\u00e9 a totes les persones que han patit un sinistre greu de tr\u00e0nsit, per les seves fam\u00edlies, perqu\u00e8 D\u00e9u els ajudi en la seva situaci\u00f3. \/ I per l&#8217;etern descans de tots els nostres germans i germanes\u00a0 que han mort, principalment qui ha mort en un sinistre de carretera, per que el Senyor, Pare misericordi\u00f3s i bo, els concedeixi el la seva Pau.<\/h6>\n<p>&nbsp;<\/p>\n<h6 style=\"text-align: center\"><span style=\"color: #ff0000\"><strong>D\u00f3na\u2019m Senyor m\u00e0 ferma i mirada vigilant perqu\u00e8 al meu pas no causi mal a ning\u00fa.<\/strong><\/span><\/h6>\n<p>&nbsp;<\/p>\n<h6 style=\"text-align: center\"><span style=\"color: #ff0000\"><strong>A tu Senyor, que d\u00f3nes la vida i la conserves, et suplico humilment que guardis avui la meva vida en tot moment.<\/strong><\/span><\/h6>\n<p>&nbsp;<\/p>\n<h6 style=\"text-align: center\"><span style=\"color: #ff0000\"><strong>Lliura Senyor els qui m\u2019acompanyen de tot mal: malaltia, incendi o accident.<\/strong><\/span><\/h6>\n<p>&nbsp;<\/p>\n<h6 style=\"text-align: center\"><span style=\"color: #ff0000\"><strong>Ensenya\u2019m a fer \u00fas del meu cotxe per atendre les necessitats alienes.<\/strong><\/span><\/h6>\n<p>&nbsp;<\/p>\n<h6 style=\"text-align: center\"><span style=\"color: #ff0000\"><strong>Fes tamb\u00e9, Senyor, que no em deixi portar pel vertigen de la velocitat i que, admirant la bellesa d\u2019aquest m\u00f3n, aconsegueixi seguir i acabar el meu cam\u00ed amb tota felicitat.<\/strong><\/span><\/h6>\n<p>&nbsp;<\/p>\n<h6 style=\"text-align: center\"><span style=\"color: #ff0000\"><strong>T\u2019ho demano Senyor pels m\u00e8rits i intercessi\u00f3 de Sant Crist\u00f2fol i que, fent honor al seu bell nom, tamb\u00e9 jo sigui \u00abportador del Crist\u00bb all\u00e0 on vagi.<\/strong><\/span><\/h6>\n<p>&nbsp;<\/p>\n<h5><strong>Horaris:<\/strong><\/h5>\n<h5><\/h5>\n<h5>Dijous, 10 de juliol; Sant Crist\u00f2fol<\/h5>\n<h5 style=\"padding-left: 80px\">Alcover:<\/h5>\n<h5 style=\"padding-left: 120px\">20:00 Missa<\/h5>\n<h6><\/h6>\n<h6><\/h6>\n<h6>Dissabte, 12 de juliol<\/h6>\n<h6 style=\"padding-left: 80px\">La Riba:<\/h6>\n<h6 style=\"padding-left: 120px\">19:00 Missa i preg\u00e0ria<\/h6>\n<h6 style=\"padding-left: 80px\">Alcover:<\/h6>\n<h6 style=\"padding-left: 120px\">20:00 Missa i preg\u00e0ria<\/h6>\n<h6><\/h6>\n<h6>Diumenge, 13<\/h6>\n<h6><\/h6>\n<h6 style=\"padding-left: 80px\">La Mas\u00f3:<\/h6>\n<h6 style=\"padding-left: 120px\">10:30 Missa i, a l\u2019acabar, benedicci\u00f3 dels vehicles.<\/h6>\n<h6 style=\"padding-left: 80px\">Alcover<\/h6>\n<h6 style=\"padding-left: 120px\">11:45: Missa i preg\u00e0ria<\/h6>\n<h6 style=\"padding-left: 80px\">El Mil\u00e0<\/h6>\n<h6 style=\"padding-left: 120px\">11:45 Missa i preg\u00e0ria.<\/h6>\n<p>&nbsp;<\/p>\n","protected":false},"excerpt":{"rendered":"<p>Coincidint amb la Festa de Sant Crist\u00f2fol, celebrem anualment la &#8220;Jornada per la responsabilitat en el tr\u00e0nsit&#8221;. la El lema d\u2019enguany, la 57a diada, \u00e9s \u201c\u00bbQue el Senyor et beneeixi <a class=\"more-link\" href=\"https:\/\/assumpcio.alcover.arqtgn.cat\/?p=7198\">Continue Reading &rarr;<\/a><\/p>\n","protected":false},"author":39,"featured_media":0,"comment_status":"closed","ping_status":"closed","sticky":false,"template":"","format":"standard","meta":{"footnotes":""},"categories":[44,1],"tags":[],"class_list":["post-7198","post","type-post","status-publish","format-standard","hentry","category-calendari","category-general"],"amp_enabled":true,"_links":{"self":[{"href":"https:\/\/assumpcio.alcover.arqtgn.cat\/index.php?rest_route=\/wp\/v2\/posts\/7198","targetHints":{"allow":["GET"]}}],"collection":[{"href":"https:\/\/assumpcio.alcover.arqtgn.cat\/index.php?rest_route=\/wp\/v2\/posts"}],"about":[{"href":"https:\/\/assumpcio.alcover.arqtgn.cat\/index.php?rest_route=\/wp\/v2\/types\/post"}],"author":[{"embeddable":true,"href":"https:\/\/assumpcio.alcover.arqtgn.cat\/index.php?rest_route=\/wp\/v2\/users\/39"}],"replies":[{"embeddable":true,"href":"https:\/\/assumpcio.alcover.arqtgn.cat\/index.php?rest_route=%2Fwp%2Fv2%2Fcomments&post=7198"}],"version-history":[{"count":22,"href":"https:\/\/assumpcio.alcover.arqtgn.cat\/index.php?rest_route=\/wp\/v2\/posts\/7198\/revisions"}],"predecessor-version":[{"id":7222,"href":"https:\/\/assumpcio.alcover.arqtgn.cat\/index.php?rest_route=\/wp\/v2\/posts\/7198\/revisions\/7222"}],"wp:attachment":[{"href":"https:\/\/assumpcio.alcover.arqtgn.cat\/index.php?rest_route=%2Fwp%2Fv2%2Fmedia&parent=7198"}],"wp:term":[{"taxonomy":"category","embeddable":true,"href":"https:\/\/assumpcio.alcover.arqtgn.cat\/index.php?rest_route=%2Fwp%2Fv2%2Fcategories&post=7198"},{"taxonomy":"post_tag","embeddable":true,"href":"https:\/\/assumpcio.alcover.arqtgn.cat\/index.php?rest_route=%2Fwp%2Fv2%2Ftags&post=7198"}],"curies":[{"name":"wp","href":"https:\/\/api.w.org\/{rel}","templated":true}]}}