{"id":7240,"date":"2025-07-16T18:02:19","date_gmt":"2025-07-16T16:02:19","guid":{"rendered":"https:\/\/assumpcio.alcover.arqtgn.cat\/?p=7240"},"modified":"2025-07-16T18:08:02","modified_gmt":"2025-07-16T16:08:02","slug":"estiu-25-2-propostes-i-suggeriments-decaleg-per-a-un-bon-estiu","status":"publish","type":"post","link":"https:\/\/assumpcio.alcover.arqtgn.cat\/?p=7240","title":{"rendered":"Estiu \u201925 (2),  Propostes i suggeriments: &#8220;Dec\u00e0leg per a un bon estiu&#8221;"},"content":{"rendered":"<h6 style=\"text-align: justify\">&#8220;1) Saluda cada dia amb optimisme i esperan\u00e7a. Assaboreix \u201calbades noves\u201d que preconitzen jornades lluminoses.<\/h6>\n<p>&nbsp;<\/p>\n<h6 style=\"text-align: justify\">2) Col\u00b7loca D\u00e9u en la teva agenda dedicant-li uns minuts, si pot ser, on Ell es troba, a cada sagrari de la terra. Participa a la Missa Dominical.<\/h6>\n<p>&nbsp;<\/p>\n<h6 style=\"text-align: justify\">3) No oblidis la lectura d\u2019un bon llibre. Per estimar, liderar, guarir i crear, primer t\u2019has d\u2019alimentar. Tamb\u00e9 et pot ajudar la lectura del <a href=\"https:\/\/assumpcio.alcover.arqtgn.cat\/wp-content\/uploads\/sites\/39\/2025\/07\/290625.Juliol-2025.pdf\">Ress\u00f2<\/a> (el Full de la Unitat Pastoral) o el <a href=\"https:\/\/assumpcio.alcover.arqtgn.cat\/wp-content\/uploads\/sites\/39\/2025\/07\/Connectat-24.pdf\">Connecta&#8217;t 24<\/a> (juliol &#8217;25), que \u00e9s el recurs pastoral de la Delegaci\u00f3 Diocesana de Lit\u00fargia.<\/h6>\n<p>&nbsp;<\/p>\n<h6 style=\"text-align: justify\">4) Procura exercir el \u201cministeri de l\u2019escolta\u201d: saber escoltar tantes persones com necessiten parlar explicant-nos els seus problemes i mostrant-nos les seves ferides.<\/h6>\n<h6 style=\"text-align: justify\"><a href=\"https:\/\/assumpcio.alcover.arqtgn.cat\/wp-content\/uploads\/sites\/39\/2025\/05\/Mapa-Unitat-Pastoral.jpg\"><img fetchpriority=\"high\" decoding=\"async\" class=\"wp-image-7121 aligncenter\" src=\"https:\/\/assumpcio.alcover.arqtgn.cat\/wp-content\/uploads\/sites\/39\/2025\/05\/Mapa-Unitat-Pastoral-300x206.jpg\" alt=\"\" width=\"423\" height=\"296\" \/><\/a>5) Cerca els millors paisatges, sobretot paisatges en els quals regni el silenci per dialogar amb el teu propi cor.<\/h6>\n<p>&nbsp;<\/p>\n<h6 style=\"text-align: justify\">6) Visita algun monestir o convent de vida contemplativa. Els monjos i monges de clausura avui s\u00f3n els principals \u201ccercadors de D\u00e9u\u201d.<\/h6>\n<p>&nbsp;<\/p>\n<h6 style=\"text-align: justify\">7) Dedica m\u00e9s temps, i el millor, a la teva fam\u00edlia, als fills que estan en edat de formaci\u00f3, perqu\u00e8 trobi en les vacances espais de llum, trobades enriquidores d\u2019humanitat.<\/h6>\n<p>&nbsp;<\/p>\n<h6 style=\"text-align: justify\">8) Pren nota d\u2019algun \u201cdescobriment\u201d que enriqueixi la teva ment i la teva vida. Podem passar-nos anys sense viure en absolut i, de sobte, tota la nostra vida en concentra en un \u00fanic instant.<\/h6>\n<p>&nbsp;<\/p>\n<h6 style=\"text-align: justify\">9) Recorda el teu pro\u00efsme m\u00e9s necessitat. I no passis de llarg si el pots ajudar, animar.<\/h6>\n<p>&nbsp;<\/p>\n<h6 style=\"text-align: justify\">10) No deixis de visitar algun santuari mari\u00e0, per contemplar el s\u00ed de Maria, Mare de D\u00e9u i Mare nostra. Alg\u00fa va dir de la Mare de D\u00e9u que amb el seu \u201cs\u00ed\u201d va esdevenir un \u201csomni fet\u201d de D\u00e9u (en el nostre cas, i per proximitat l&#8217;Ermita de la Mare de D\u00e9u del Remei).&#8221;<\/h6>\n<p>&nbsp;<\/p>\n<p style=\"text-align: right\">A partir d&#8217;uns materials\/recursos per al servei pastoral<\/p>\n<p>&nbsp;<\/p>\n<h6><\/h6>\n<h6>Per <a href=\"https:\/\/assumpcio.alcover.arqtgn.cat\/wp-content\/uploads\/sites\/39\/2025\/07\/Connectat-24.pdf\">activar i poder llegir el Connecta&#8217;t 24<\/a> (estiu &#8217;25)<\/h6>\n<h6><\/h6>\n<h6>Per <a href=\"https:\/\/assumpcio.alcover.arqtgn.cat\/wp-content\/uploads\/sites\/39\/2025\/07\/290625.Juliol-2025.pdf\">activar i poder llegir el Ress\u00f2<\/a> (juliol &#8217;25)<\/h6>\n","protected":false},"excerpt":{"rendered":"<p>&#8220;1) Saluda cada dia amb optimisme i esperan\u00e7a. Assaboreix \u201calbades noves\u201d que preconitzen jornades lluminoses. &nbsp; 2) Col\u00b7loca D\u00e9u en la teva agenda dedicant-li uns minuts, si pot ser, on <a class=\"more-link\" href=\"https:\/\/assumpcio.alcover.arqtgn.cat\/?p=7240\">Continue Reading &rarr;<\/a><\/p>\n","protected":false},"author":39,"featured_media":0,"comment_status":"closed","ping_status":"closed","sticky":false,"template":"","format":"standard","meta":{"footnotes":""},"categories":[1],"tags":[],"class_list":["post-7240","post","type-post","status-publish","format-standard","hentry","category-general"],"amp_enabled":true,"_links":{"self":[{"href":"https:\/\/assumpcio.alcover.arqtgn.cat\/index.php?rest_route=\/wp\/v2\/posts\/7240","targetHints":{"allow":["GET"]}}],"collection":[{"href":"https:\/\/assumpcio.alcover.arqtgn.cat\/index.php?rest_route=\/wp\/v2\/posts"}],"about":[{"href":"https:\/\/assumpcio.alcover.arqtgn.cat\/index.php?rest_route=\/wp\/v2\/types\/post"}],"author":[{"embeddable":true,"href":"https:\/\/assumpcio.alcover.arqtgn.cat\/index.php?rest_route=\/wp\/v2\/users\/39"}],"replies":[{"embeddable":true,"href":"https:\/\/assumpcio.alcover.arqtgn.cat\/index.php?rest_route=%2Fwp%2Fv2%2Fcomments&post=7240"}],"version-history":[{"count":12,"href":"https:\/\/assumpcio.alcover.arqtgn.cat\/index.php?rest_route=\/wp\/v2\/posts\/7240\/revisions"}],"predecessor-version":[{"id":7253,"href":"https:\/\/assumpcio.alcover.arqtgn.cat\/index.php?rest_route=\/wp\/v2\/posts\/7240\/revisions\/7253"}],"wp:attachment":[{"href":"https:\/\/assumpcio.alcover.arqtgn.cat\/index.php?rest_route=%2Fwp%2Fv2%2Fmedia&parent=7240"}],"wp:term":[{"taxonomy":"category","embeddable":true,"href":"https:\/\/assumpcio.alcover.arqtgn.cat\/index.php?rest_route=%2Fwp%2Fv2%2Fcategories&post=7240"},{"taxonomy":"post_tag","embeddable":true,"href":"https:\/\/assumpcio.alcover.arqtgn.cat\/index.php?rest_route=%2Fwp%2Fv2%2Ftags&post=7240"}],"curies":[{"name":"wp","href":"https:\/\/api.w.org\/{rel}","templated":true}]}}