{"id":7268,"date":"2025-07-18T11:43:37","date_gmt":"2025-07-18T09:43:37","guid":{"rendered":"https:\/\/assumpcio.alcover.arqtgn.cat\/?p=7268"},"modified":"2025-08-19T19:55:43","modified_gmt":"2025-08-19T17:55:43","slug":"18-19-20-de-juliol-festa-major-a-laixaviga-parroquia-de-sant-pere-ad-vincula-mont-ral","status":"publish","type":"post","link":"https:\/\/assumpcio.alcover.arqtgn.cat\/?p=7268","title":{"rendered":"18 al 20-07-2025, Festa Major a l&#8217;Aix\u00e0viga (Parr\u00f2quia de &#8220;Sant Pere ad vincula&#8221;, Mont ral)."},"content":{"rendered":"<h5 style=\"text-align: justify\"><a href=\"https:\/\/assumpcio.alcover.arqtgn.cat\/wp-content\/uploads\/sites\/39\/2025\/07\/Aixaviga-2015.jpg\"><img fetchpriority=\"high\" decoding=\"async\" class=\"wp-image-7269 alignright\" src=\"https:\/\/assumpcio.alcover.arqtgn.cat\/wp-content\/uploads\/sites\/39\/2025\/07\/Aixaviga-2015-300x212.jpg\" alt=\"\" width=\"415\" height=\"296\" \/><\/a>L\u2019Aix\u00e0viga, a la Parr\u00f2quia de Sant Pere <em>ad V\u00edncula<\/em> (Mont ral) , d&#8217;origen medieval, conserva l&#8217;empedrat antic i el mateix aspecte que devia tenir cap als segles XVI o XVII, quan va configurar la seva actual fesomia. Alguna casa es mant\u00e9 com a masia dedicada al camp i altres han estat convertides en segona resid\u00e8ncia.<\/h5>\n<p>&nbsp;<\/p>\n<h5 style=\"text-align: justify\">La Festa Major, que t\u00e9 un component l\u00fadic, festiu, alegre, no descuida, a l\u2019Aix\u00e0viga, les arrels cristianes de la festa. Recordar el testimoni del patr\u00f3 de la parr\u00f2quia (Sant Pere <em>ad vincula<\/em>,\u00a0 o del municipi subratlla la Festa com una bona ocasi\u00f3 de trobada, de conviv\u00e8ncia i de compartir.<\/h5>\n<p>&nbsp;<\/p>\n<h5><strong>Dissabte, dia 19 de juliol [en la Festa Major!]<\/strong><\/h5>\n<h5 style=\"padding-left: 80px\">18:00\u00a0 h. Missa.<\/h5>\n<p>&nbsp;<\/p>\n<p>&nbsp;<\/p>\n","protected":false},"excerpt":{"rendered":"<p>L\u2019Aix\u00e0viga, a la Parr\u00f2quia de Sant Pere ad V\u00edncula (Mont ral) , d&#8217;origen medieval, conserva l&#8217;empedrat antic i el mateix aspecte que devia tenir cap als segles XVI o XVII, <a class=\"more-link\" href=\"https:\/\/assumpcio.alcover.arqtgn.cat\/?p=7268\">Continue Reading &rarr;<\/a><\/p>\n","protected":false},"author":39,"featured_media":0,"comment_status":"closed","ping_status":"closed","sticky":false,"template":"","format":"standard","meta":{"footnotes":""},"categories":[44,1],"tags":[],"class_list":["post-7268","post","type-post","status-publish","format-standard","hentry","category-calendari","category-general"],"amp_enabled":true,"_links":{"self":[{"href":"https:\/\/assumpcio.alcover.arqtgn.cat\/index.php?rest_route=\/wp\/v2\/posts\/7268","targetHints":{"allow":["GET"]}}],"collection":[{"href":"https:\/\/assumpcio.alcover.arqtgn.cat\/index.php?rest_route=\/wp\/v2\/posts"}],"about":[{"href":"https:\/\/assumpcio.alcover.arqtgn.cat\/index.php?rest_route=\/wp\/v2\/types\/post"}],"author":[{"embeddable":true,"href":"https:\/\/assumpcio.alcover.arqtgn.cat\/index.php?rest_route=\/wp\/v2\/users\/39"}],"replies":[{"embeddable":true,"href":"https:\/\/assumpcio.alcover.arqtgn.cat\/index.php?rest_route=%2Fwp%2Fv2%2Fcomments&post=7268"}],"version-history":[{"count":11,"href":"https:\/\/assumpcio.alcover.arqtgn.cat\/index.php?rest_route=\/wp\/v2\/posts\/7268\/revisions"}],"predecessor-version":[{"id":7423,"href":"https:\/\/assumpcio.alcover.arqtgn.cat\/index.php?rest_route=\/wp\/v2\/posts\/7268\/revisions\/7423"}],"wp:attachment":[{"href":"https:\/\/assumpcio.alcover.arqtgn.cat\/index.php?rest_route=%2Fwp%2Fv2%2Fmedia&parent=7268"}],"wp:term":[{"taxonomy":"category","embeddable":true,"href":"https:\/\/assumpcio.alcover.arqtgn.cat\/index.php?rest_route=%2Fwp%2Fv2%2Fcategories&post=7268"},{"taxonomy":"post_tag","embeddable":true,"href":"https:\/\/assumpcio.alcover.arqtgn.cat\/index.php?rest_route=%2Fwp%2Fv2%2Ftags&post=7268"}],"curies":[{"name":"wp","href":"https:\/\/api.w.org\/{rel}","templated":true}]}}