{"id":7279,"date":"2025-07-19T09:30:53","date_gmt":"2025-07-19T07:30:53","guid":{"rendered":"https:\/\/assumpcio.alcover.arqtgn.cat\/?p=7279"},"modified":"2025-07-21T17:48:10","modified_gmt":"2025-07-21T15:48:10","slug":"27-de-juliol-de-2025-diumenge-la-v-jornada-mundial-dels-avis-i-de-la-gent-gran-felic-aquell-que-no-ha-perdut-lesperanca-sir-142","status":"publish","type":"post","link":"https:\/\/assumpcio.alcover.arqtgn.cat\/?p=7279","title":{"rendered":"27 de juliol de 2025, DIUMENGE:  La V JORNADA MUNDIAL DELS AVIS I DE LA GENT GRAN, [\u201cFeli\u00e7 aquell que no ha perdut l\u2019esperan\u00e7a!\u201d ( Sir 14,2)]"},"content":{"rendered":"<h6><\/h6>\n<h6 style=\"text-align: justify\"><a href=\"https:\/\/assumpcio.alcover.arqtgn.cat\/wp-content\/uploads\/sites\/39\/2025\/07\/V-Jonada-Mundial-avis.jpg\"><img fetchpriority=\"high\" decoding=\"async\" class=\"wp-image-7290 alignleft\" src=\"https:\/\/assumpcio.alcover.arqtgn.cat\/wp-content\/uploads\/sites\/39\/2025\/07\/V-Jonada-Mundial-avis-216x300.jpg\" alt=\"\" width=\"277\" height=\"381\" \/><\/a>El diumenge 27 de juliol, celebrarem la V Jornada Mundial dels Avis i de la Gent Gran amb el lema, \u201c<strong>Feli\u00e7 aquell que no ha perdut l\u2019esperan\u00e7a!<\/strong>\u201d (Sir 14,2). El papa Francesc va establir el 2021 la celebraci\u00f3 d\u2019aquesta Jornada el quart diumenge de juliol, al voltant de la festa, el dia 26, dels Sants Joaquim i Anna, avis de Jes\u00fas. Aquesta jornada pren una rellev\u00e0ncia especial dins el \u201cJubileu de l\u2019Esperan\u00e7a\u201d, una oportunitat per a reflexionar sobre la pres\u00e8ncia dels avis i \u00e0vies, de la gent gran, i per convertir-se en signe d\u2019esperan\u00e7a per a cada fam\u00edlia i a les comunitats eclesials: &#8220;<em>Mirant les persones grans des d\u2019aquesta perspectiva jubilar, tamb\u00e9 nosaltres estem cridats a viure amb elles un alliberament, sobretot de la soledat i de l\u2019abandonament. Aquest any \u00e9s el moment propici per a realitzar-la; la fidelitat de D\u00e9u <a href=\"https:\/\/assumpcio.alcover.arqtgn.cat\/wp-content\/uploads\/sites\/39\/2025\/07\/Logo-jubileu.jpg\"><img decoding=\"async\" class=\"size-medium wp-image-7281 alignright\" src=\"https:\/\/assumpcio.alcover.arqtgn.cat\/wp-content\/uploads\/sites\/39\/2025\/07\/Logo-jubileu-300x290.jpg\" alt=\"\" width=\"300\" height=\"290\" srcset=\"https:\/\/assumpcio.alcover.arqtgn.cat\/wp-content\/uploads\/sites\/39\/2025\/07\/Logo-jubileu-300x290.jpg 300w, https:\/\/assumpcio.alcover.arqtgn.cat\/wp-content\/uploads\/sites\/39\/2025\/07\/Logo-jubileu-1024x989.jpg 1024w, https:\/\/assumpcio.alcover.arqtgn.cat\/wp-content\/uploads\/sites\/39\/2025\/07\/Logo-jubileu-768x742.jpg 768w, https:\/\/assumpcio.alcover.arqtgn.cat\/wp-content\/uploads\/sites\/39\/2025\/07\/Logo-jubileu-1536x1484.jpg 1536w, https:\/\/assumpcio.alcover.arqtgn.cat\/wp-content\/uploads\/sites\/39\/2025\/07\/Logo-jubileu-2048x1978.jpg 2048w\" sizes=\"(max-width: 300px) 100vw, 300px\" \/><\/a>a les seves promeses ens ensenya que hi ha una benauran\u00e7a en la vellesa, una alegria aut\u00e8nticament evang\u00e8lica, que ens demana enderrocar els murs de la indifer\u00e8ncia, que sovint empresonen la gent gran. Les nostres societats, en totes les seves latituds, s\u2019estan acostumant massa sovint a deixar que una part tan important i rica del seu teixit sigui marginada i oblidada<\/em>&#8221; (<a href=\"https:\/\/www.tarraconense.cat\/missatge-del-sant-pare-lleo-xiv-per-a-la-v-jornada-mundial-dels-avis-i-de-la-gent-gran\/\">Missatge del Papa LLe\u00f3 XIV<\/a>, 26 de juny de 2025)<\/h6>\n<p>&nbsp;<\/p>\n<h6 style=\"text-align: justify\">A <strong>la Unitat Pastoral<\/strong>, la Missa del Diumenge, el 27 de juliol (i a les del dissabte!), ser\u00e0 la refer\u00e8ncia de la Jornada i la preg\u00e0ria, des del record m\u00e9s proper.<\/h6>\n<p>&nbsp;<\/p>\n<h6>Per a Reflexionar-hi i portar-ho a la preg\u00e0ria:<\/h6>\n<h6 style=\"padding-left: 80px\">Ens ajudar\u00e0 llegir i divulgar el <a href=\"https:\/\/www.tarraconense.cat\/missatge-del-sant-pare-lleo-xiv-per-a-la-v-jornada-mundial-dels-avis-i-de-la-gent-gran\/\">MISSATGE DEL SANT PARE, LLE\u00d3 XIV, per a la V Jornada Mundial dels avis i de la gent gran<\/a><span style=\"color: #000000\">.<\/span><\/h6>\n","protected":false},"excerpt":{"rendered":"<p>El diumenge 27 de juliol, celebrarem la V Jornada Mundial dels Avis i de la Gent Gran amb el lema, \u201cFeli\u00e7 aquell que no ha perdut l\u2019esperan\u00e7a!\u201d (Sir 14,2). El <a class=\"more-link\" href=\"https:\/\/assumpcio.alcover.arqtgn.cat\/?p=7279\">Continue Reading &rarr;<\/a><\/p>\n","protected":false},"author":39,"featured_media":0,"comment_status":"closed","ping_status":"closed","sticky":false,"template":"","format":"standard","meta":{"footnotes":""},"categories":[44,1],"tags":[],"class_list":["post-7279","post","type-post","status-publish","format-standard","hentry","category-calendari","category-general"],"amp_enabled":true,"_links":{"self":[{"href":"https:\/\/assumpcio.alcover.arqtgn.cat\/index.php?rest_route=\/wp\/v2\/posts\/7279","targetHints":{"allow":["GET"]}}],"collection":[{"href":"https:\/\/assumpcio.alcover.arqtgn.cat\/index.php?rest_route=\/wp\/v2\/posts"}],"about":[{"href":"https:\/\/assumpcio.alcover.arqtgn.cat\/index.php?rest_route=\/wp\/v2\/types\/post"}],"author":[{"embeddable":true,"href":"https:\/\/assumpcio.alcover.arqtgn.cat\/index.php?rest_route=\/wp\/v2\/users\/39"}],"replies":[{"embeddable":true,"href":"https:\/\/assumpcio.alcover.arqtgn.cat\/index.php?rest_route=%2Fwp%2Fv2%2Fcomments&post=7279"}],"version-history":[{"count":8,"href":"https:\/\/assumpcio.alcover.arqtgn.cat\/index.php?rest_route=\/wp\/v2\/posts\/7279\/revisions"}],"predecessor-version":[{"id":7291,"href":"https:\/\/assumpcio.alcover.arqtgn.cat\/index.php?rest_route=\/wp\/v2\/posts\/7279\/revisions\/7291"}],"wp:attachment":[{"href":"https:\/\/assumpcio.alcover.arqtgn.cat\/index.php?rest_route=%2Fwp%2Fv2%2Fmedia&parent=7279"}],"wp:term":[{"taxonomy":"category","embeddable":true,"href":"https:\/\/assumpcio.alcover.arqtgn.cat\/index.php?rest_route=%2Fwp%2Fv2%2Fcategories&post=7279"},{"taxonomy":"post_tag","embeddable":true,"href":"https:\/\/assumpcio.alcover.arqtgn.cat\/index.php?rest_route=%2Fwp%2Fv2%2Ftags&post=7279"}],"curies":[{"name":"wp","href":"https:\/\/api.w.org\/{rel}","templated":true}]}}