{"id":7294,"date":"2025-07-26T14:51:06","date_gmt":"2025-07-26T12:51:06","guid":{"rendered":"https:\/\/assumpcio.alcover.arqtgn.cat\/?p=7294"},"modified":"2025-07-26T14:51:51","modified_gmt":"2025-07-26T12:51:51","slug":"a-la-riba-festa-major-destiu-31-de-juliol-3-dagost-sant-abdo-i-st-senen-festa-30-de-juliol","status":"publish","type":"post","link":"https:\/\/assumpcio.alcover.arqtgn.cat\/?p=7294","title":{"rendered":"A La Riba, FESTA MAJOR D&#8217;ESTIU (31 de juliol &#8211; 3 d&#8217;agost): Sant Abd\u00f3 i St.Sen\u00e9n, FESTA (30 de juliol)"},"content":{"rendered":"<h6 style=\"text-align: justify\"><\/h6>\n<h6 style=\"text-align: justify\"><strong><a href=\"https:\/\/assumpcio.alcover.arqtgn.cat\/wp-content\/uploads\/sites\/39\/2025\/07\/Sant-Abdo-i-Sant-Senen.2025-2.jpg\"><img fetchpriority=\"high\" decoding=\"async\" class=\"wp-image-7296 alignleft\" src=\"https:\/\/assumpcio.alcover.arqtgn.cat\/wp-content\/uploads\/sites\/39\/2025\/07\/Sant-Abdo-i-Sant-Senen.2025-2-296x300.jpg\" alt=\"\" width=\"407\" height=\"413\" srcset=\"https:\/\/assumpcio.alcover.arqtgn.cat\/wp-content\/uploads\/sites\/39\/2025\/07\/Sant-Abdo-i-Sant-Senen.2025-2-296x300.jpg 296w, https:\/\/assumpcio.alcover.arqtgn.cat\/wp-content\/uploads\/sites\/39\/2025\/07\/Sant-Abdo-i-Sant-Senen.2025-2-768x780.jpg 768w, https:\/\/assumpcio.alcover.arqtgn.cat\/wp-content\/uploads\/sites\/39\/2025\/07\/Sant-Abdo-i-Sant-Senen.2025-2.jpg 932w\" sizes=\"(max-width: 407px) 100vw, 407px\" \/><\/a>Sant Abd\u00f3 i St.Sen\u00e9n, patrons en la Festa Major d\u2019estiu, a La Riba<\/strong>, <span style=\"font-family: Arial, Helvetica, sans-serif;font-size: 16px;font-style: normal;font-weight: 300\">e<\/span>ns acompanyen, i s\u00f3n a l\u2019arrel . A Catalunya, tradicionalment se\u2019ls celebra com a patrons dels pagesos. Aquests dies subratllem la conviv\u00e8ncia entre qui viu a la Riba i qui hi \u00e9s per la Festa o qui hi \u00e9s en temps d\u2019estiu. Tamb\u00e9 a la Parr\u00f2quia ens cal cuidar-ho, tot plegat ens ajuda, ens acompanya, ens educa, augmenta l\u2019autoestima, ajuda a saber d\u2019on venim i cap on anem. D\u00e9u, sovint, es fa present gr\u00e0cies aquest compartir.<\/h6>\n<p>&nbsp;<\/p>\n<h6 style=\"text-align: justify\"><span style=\"color: #ff0000\"><strong>Dimecres, dia 30 de juliol<\/strong><\/span>:<\/h6>\n<h6>20:30, Missa, en mem\u00f2ria de Sant Abd\u00f3 i Sant Sen\u00e9n.<br \/>\n21:00, \u201cXXXII Sopar parroquial\u201c, a l\u2019hort de la Rectoria.<\/h6>\n<p>&nbsp;<\/p>\n<h6 style=\"text-align: justify\"><strong><span style=\"color: #ff0000\">Dimenge, 3 d&#8217;agost<\/span><\/strong>:<\/h6>\n<h6 style=\"padding-left: 80px;text-align: justify\">13:00, Missa, en la celebraci\u00f3 de la Festa Major d\u2019estiu, a La Riba.<\/h6>\n<p>&nbsp;<\/p>\n<h6 style=\"text-align: justify\"><span style=\"color: #ff0000\"><strong>Sant Abd\u00f3 i Sant Sen\u00e9n<\/strong><\/span>. Celebrarem la seva Festa lit\u00fargica, el dia 30 de juliol, dimecres, aquest 2025. Dos m\u00e0rtirs d\u2019origen oriental, de qui la veneraci\u00f3 es va expandir des de Roma a Europa, gr\u00e0cies sobretot al papa Gregori VII\u00e8. La devoci\u00f3 als Sants Abd\u00f3 i Sen\u00e9n oferia un missatge clar: laics i nobles, els dos germans eren un model de sol\u00b7licitud, auxiliant als cristians perseguits (Mt 25, 31-46). Cal subratllar les seves \u201cobres de miseric\u00f2rdia\u201d (s\u2019ocupaven sobretot d\u2019enterrar els seus correligionaris m\u00e0rtirs). Per aix\u00f2 l\u2019Esgl\u00e9sia els aclamava amb aquests Goigs del segle XVIII: \u201cGermans Abdon i Sen\u00e9n,\/ m\u00e0rtirs de D\u00e9u molt amats,\/ supliquem-vos humilment:\/ sigueu nostres advocats\u201d.<br \/>\nEmpresonats, van ser duts a Roma, on se\u2019ls va <span style=\"color: #000000\">comminar <\/span>a adorar els d\u00e9us pagans i abjurar de la fe en Crist. Com que s\u2019hi van negar i es van mantenir ferms en les seves conviccions van ser torturats i finalment decapitats. Van ser enterrats a l\u2019indret on actualment hi ha la bas\u00edlica de Sant Marc, a Roma.<\/h6>\n","protected":false},"excerpt":{"rendered":"<p>Sant Abd\u00f3 i St.Sen\u00e9n, patrons en la Festa Major d\u2019estiu, a La Riba, ens acompanyen, i s\u00f3n a l\u2019arrel . A Catalunya, tradicionalment se\u2019ls celebra com a patrons dels pagesos. <a class=\"more-link\" href=\"https:\/\/assumpcio.alcover.arqtgn.cat\/?p=7294\">Continue Reading &rarr;<\/a><\/p>\n","protected":false},"author":39,"featured_media":0,"comment_status":"closed","ping_status":"closed","sticky":false,"template":"","format":"standard","meta":{"footnotes":""},"categories":[44,1],"tags":[],"class_list":["post-7294","post","type-post","status-publish","format-standard","hentry","category-calendari","category-general"],"amp_enabled":true,"_links":{"self":[{"href":"https:\/\/assumpcio.alcover.arqtgn.cat\/index.php?rest_route=\/wp\/v2\/posts\/7294","targetHints":{"allow":["GET"]}}],"collection":[{"href":"https:\/\/assumpcio.alcover.arqtgn.cat\/index.php?rest_route=\/wp\/v2\/posts"}],"about":[{"href":"https:\/\/assumpcio.alcover.arqtgn.cat\/index.php?rest_route=\/wp\/v2\/types\/post"}],"author":[{"embeddable":true,"href":"https:\/\/assumpcio.alcover.arqtgn.cat\/index.php?rest_route=\/wp\/v2\/users\/39"}],"replies":[{"embeddable":true,"href":"https:\/\/assumpcio.alcover.arqtgn.cat\/index.php?rest_route=%2Fwp%2Fv2%2Fcomments&post=7294"}],"version-history":[{"count":13,"href":"https:\/\/assumpcio.alcover.arqtgn.cat\/index.php?rest_route=\/wp\/v2\/posts\/7294\/revisions"}],"predecessor-version":[{"id":7309,"href":"https:\/\/assumpcio.alcover.arqtgn.cat\/index.php?rest_route=\/wp\/v2\/posts\/7294\/revisions\/7309"}],"wp:attachment":[{"href":"https:\/\/assumpcio.alcover.arqtgn.cat\/index.php?rest_route=%2Fwp%2Fv2%2Fmedia&parent=7294"}],"wp:term":[{"taxonomy":"category","embeddable":true,"href":"https:\/\/assumpcio.alcover.arqtgn.cat\/index.php?rest_route=%2Fwp%2Fv2%2Fcategories&post=7294"},{"taxonomy":"post_tag","embeddable":true,"href":"https:\/\/assumpcio.alcover.arqtgn.cat\/index.php?rest_route=%2Fwp%2Fv2%2Ftags&post=7294"}],"curies":[{"name":"wp","href":"https:\/\/api.w.org\/{rel}","templated":true}]}}