{"id":7310,"date":"2025-07-26T17:12:23","date_gmt":"2025-07-26T15:12:23","guid":{"rendered":"https:\/\/assumpcio.alcover.arqtgn.cat\/?p=7310"},"modified":"2025-07-26T17:12:23","modified_gmt":"2025-07-26T15:12:23","slug":"01-08-2025-sant-pere-ad-vincula-titular-de-la-parroquia-de-mont-ral-celebracio-del-dia-el-dissabte-dia-2-dagost","status":"publish","type":"post","link":"https:\/\/assumpcio.alcover.arqtgn.cat\/?p=7310","title":{"rendered":"01-08-2025: \u00abSant Pere \u201cad vincula\u201d\u00bb, titular de la Parr\u00f2quia de Mont-ral, celebraci\u00f3 del Dia, el dissabte, dia 2 d&#8217;agost."},"content":{"rendered":"<h6 style=\"text-align: justify\">\u201c<span style=\"color: #ff0000\"><strong>Sant Pere ad vincula<\/strong><\/span>\u201c, titular de la Parr\u00f2quia, de Mont ral, evoca a \u00ab<span style=\"color: #ff0000\">sant Pere \u201cencadenat\u201d\u00bb tal com s\u2019explica al llibre Fets dels Ap\u00f2stols (Ac 12, 6)<\/span>.<\/h6>\n<p>&nbsp;<\/p>\n<h6 style=\"text-align: justify\"><a href=\"https:\/\/assumpcio.alcover.arqtgn.cat\/wp-content\/uploads\/sites\/39\/2024\/07\/Sant-Pere-Mont-Ral_imatge.jpg\"><img fetchpriority=\"high\" decoding=\"async\" class=\"wp-image-6196 aligncenter\" src=\"https:\/\/assumpcio.alcover.arqtgn.cat\/wp-content\/uploads\/sites\/39\/2024\/07\/Sant-Pere-Mont-Ral_imatge-174x300.jpg\" alt=\"\" width=\"377\" height=\"641\" \/><\/a> L\u20191 d\u2019agost \u00e9s la Festa titular, el calendari \u00e9s oportunitat d\u2019apropar l\u2019experi\u00e8ncia amb celebracions, un bon servei saber de \u201cSant Pere ad vincula\u201d, referent per al nostre pelegrinatge, per la nostra vida. Ens hi pot ajudar la reflexi\u00f3 que feu el Papa Benet XVI de l\u2019experi\u00e8ncia de Sant Pere, a l\u2019 AUDI\u00c8NCIA GENERAL, el dimecres 24 de maig de 2006.<\/h6>\n<p>&nbsp;<\/p>\n<h6 style=\"padding-left: 40px;text-align: justify\">\u00ab<span style=\"color: #ff0000\"><strong>\u201cSegueix-me\u201d (Jn 21, 19)<\/strong><\/span>:<\/h6>\n<h6 style=\"padding-left: 120px;text-align: justify\"><em>Des d\u2019aquell dia, Pere \u201cva seguir\u201d el Mestre amb la consci\u00e8ncia clara de la seva pr\u00f2pia fragilitat; per\u00f2 aquesta consci\u00e8ncia no el va descoratjar, ja que sabia que podia comptar amb la pres\u00e8ncia del Ressuscitat al seu costat. De l\u2019enginy entusiasme de <a href=\"https:\/\/assumpcio.alcover.arqtgn.cat\/wp-content\/uploads\/sites\/39\/2024\/07\/Mont-Ral-2.jpg\"><img decoding=\"async\" class=\"wp-image-6154 alignright\" src=\"https:\/\/assumpcio.alcover.arqtgn.cat\/wp-content\/uploads\/sites\/39\/2024\/07\/Mont-Ral-2-300x275.jpg\" alt=\"\" width=\"373\" height=\"344\" \/><\/a>l\u2019adhesi\u00f3 inicial, passant per l\u2019experi\u00e8ncia dolorosa de la negaci\u00f3 i el plor de la conversi\u00f3, Pere va arribar a refiar-se d\u2019aquell Jes\u00fas que es va adaptar a la pobre capacitat d\u2019amor. I aix\u00ed tamb\u00e9 a nosaltres ens mostra el cam\u00ed, malgrat tota la nostra feblesa. Sabem que Jes\u00fas s\u2019adapta a la nostra feblesa. Nosaltres ho seguim amb la nostra pobra capacitat d\u2019amor i sabem que Jes\u00fas \u00e9s bo i ens accepta. Pere va haver de rec\u00f3rrer un llarg cam\u00ed fins a convertir-se en testimoni fiable, en \u201cpedra\u201d de l\u2019Esgl\u00e9sia, per estar constantment obert a l\u2019acci\u00f3 de l\u2019Esperit de Jes\u00fas.<\/em><br \/>\n<em>Pere es defineix a si mateix \u201ctestimoni dels sofriments de Crist i part\u00edcip de la gl\u00f2ria que est\u00e0 per manifestar-se\u201d (1 P 5, 1). Quan escriu aquestes paraules ja \u00e9s anci\u00e0 i \u00e9s a prop del final de la seva vida, que segellar\u00e0 amb el martiri. Aleshores \u00e9s capa\u00e7 de descriure l\u2019alegria veritable i d\u2019indicar on es pot trobar la deu \u00e9s Crist, en qu\u00e8 creiem i que estimem amb la nostra fe feble per\u00f2 sincera, malgrat la nostra fragilitat. Per aix\u00f2, escriu als cristians de la seva comunitat aquestes paraules, que tamb\u00e9 ens dirigeix a nosaltres: \u201cHo estimeu sense haver-lo vist; creieu en ell, encara que de moment no ho veieu. la meta de la vostra fe, la salvaci\u00f3 de les \u00e0nimes\u201d (1P 1,8-9)<\/em>. \u00bb<\/h6>\n<p>&nbsp;<\/p>\n<h5><span style=\"color: #ff0000\"><strong>Missa, de la Festa:<\/strong><\/span><\/h5>\n<h5><\/h5>\n<h5 style=\"padding-left: 80px\"><span style=\"color: #ff0000\">dissabte, 2 d&#8217;agost, 18:00, a l&#8217;esgl\u00e9sia parroquial de Mont ral<span style=\"color: #000000\">.<\/span><\/span><\/h5>\n","protected":false},"excerpt":{"rendered":"<p>\u201cSant Pere ad vincula\u201c, titular de la Parr\u00f2quia, de Mont ral, evoca a \u00absant Pere \u201cencadenat\u201d\u00bb tal com s\u2019explica al llibre Fets dels Ap\u00f2stols (Ac 12, 6). &nbsp; L\u20191 d\u2019agost <a class=\"more-link\" href=\"https:\/\/assumpcio.alcover.arqtgn.cat\/?p=7310\">Continue Reading &rarr;<\/a><\/p>\n","protected":false},"author":39,"featured_media":0,"comment_status":"closed","ping_status":"closed","sticky":false,"template":"","format":"standard","meta":{"footnotes":""},"categories":[44,1],"tags":[],"class_list":["post-7310","post","type-post","status-publish","format-standard","hentry","category-calendari","category-general"],"amp_enabled":true,"_links":{"self":[{"href":"https:\/\/assumpcio.alcover.arqtgn.cat\/index.php?rest_route=\/wp\/v2\/posts\/7310","targetHints":{"allow":["GET"]}}],"collection":[{"href":"https:\/\/assumpcio.alcover.arqtgn.cat\/index.php?rest_route=\/wp\/v2\/posts"}],"about":[{"href":"https:\/\/assumpcio.alcover.arqtgn.cat\/index.php?rest_route=\/wp\/v2\/types\/post"}],"author":[{"embeddable":true,"href":"https:\/\/assumpcio.alcover.arqtgn.cat\/index.php?rest_route=\/wp\/v2\/users\/39"}],"replies":[{"embeddable":true,"href":"https:\/\/assumpcio.alcover.arqtgn.cat\/index.php?rest_route=%2Fwp%2Fv2%2Fcomments&post=7310"}],"version-history":[{"count":6,"href":"https:\/\/assumpcio.alcover.arqtgn.cat\/index.php?rest_route=\/wp\/v2\/posts\/7310\/revisions"}],"predecessor-version":[{"id":7316,"href":"https:\/\/assumpcio.alcover.arqtgn.cat\/index.php?rest_route=\/wp\/v2\/posts\/7310\/revisions\/7316"}],"wp:attachment":[{"href":"https:\/\/assumpcio.alcover.arqtgn.cat\/index.php?rest_route=%2Fwp%2Fv2%2Fmedia&parent=7310"}],"wp:term":[{"taxonomy":"category","embeddable":true,"href":"https:\/\/assumpcio.alcover.arqtgn.cat\/index.php?rest_route=%2Fwp%2Fv2%2Fcategories&post=7310"},{"taxonomy":"post_tag","embeddable":true,"href":"https:\/\/assumpcio.alcover.arqtgn.cat\/index.php?rest_route=%2Fwp%2Fv2%2Ftags&post=7310"}],"curies":[{"name":"wp","href":"https:\/\/api.w.org\/{rel}","templated":true}]}}