{"id":7574,"date":"2025-10-24T11:36:50","date_gmt":"2025-10-24T09:36:50","guid":{"rendered":"https:\/\/assumpcio.alcover.arqtgn.cat\/?p=7574"},"modified":"2025-10-24T11:47:19","modified_gmt":"2025-10-24T09:47:19","slug":"curs-2025-2026-a-casa-aprenem-a-caminar-catequesi-i-sagraments-de-la-iniciacio-cristiana","status":"publish","type":"post","link":"https:\/\/assumpcio.alcover.arqtgn.cat\/?p=7574","title":{"rendered":"Curs 2025-2026:  &#8220;A casa aprenem a caminar&#8221; (Catequesi i sagraments de la iniciaci\u00f3 cristiana)."},"content":{"rendered":"<h6 style=\"text-align: justify\">D\u00e9u vos guard!<\/h6>\n<p>&nbsp;<\/p>\n<h6 style=\"text-align: justify\"><a href=\"https:\/\/assumpcio.alcover.arqtgn.cat\/wp-content\/uploads\/sites\/39\/2025\/10\/Catequesi-2025-2026.jpg\"><img fetchpriority=\"high\" decoding=\"async\" class=\" wp-image-7569 alignleft\" src=\"https:\/\/assumpcio.alcover.arqtgn.cat\/wp-content\/uploads\/sites\/39\/2025\/10\/Catequesi-2025-2026-246x300.jpg\" alt=\"\" width=\"332\" height=\"401\" \/><\/a>A l\u2019enviar a la Unitat Pastoral (integrada per les Parr\u00f2quies d\u2019Alcover, La Riba, La Mas\u00f3, El Mil\u00e0, Farena i Mont ral) la Proposta per la Iniciaci\u00f3 cristiana (infants, adolescents i, tamb\u00e9 per als joves o adults) i que porta per nom <a href=\"https:\/\/assumpcio.alcover.arqtgn.cat\/wp-content\/uploads\/sites\/39\/2025\/10\/251026.Octubre_Iniciacio-cristiana.pdf\">\u201cA casa aprenem a caminar\u201d<\/a>, se\u2019ns convida per con\u00e8ixer a Jes\u00fas, a tots i a totes, ho proposem amb senzillesa i molta humilitat, tamb\u00e9 amb les nostres mancances, per\u00f2 se\u2019ns convida per con\u00e8ixer, m\u00e9s i m\u00e9s a Jes\u00fas.<\/h6>\n<p>&nbsp;<\/p>\n<h6 style=\"text-align: justify\">\u201cJes\u00fas no defrauda, i quan alg\u00fa fa un petit pas cap a Jes\u00fas, descobreix que ell ja esperava la seva arribada amb els bra\u00e7os oberts\u201d (Papa Francesc, \u201cEvangelii gaudium, 3). La iniciaci\u00f3 cristiana ens obre a una trobada amb Jes\u00fas. En poques setmanes celebrarem que Jes\u00fas va n\u00e9ixer, per\u00f2 sobretot, ens cal celebrar que ja viu entre nosaltres (per aix\u00f2 tota la Proposta per la Iniciaci\u00f3 cristiana!).<\/h6>\n<h6><\/h6>\n<h6><\/h6>\n<h6 style=\"text-align: justify\">Ho escric, conven\u00e7ut que la amb la Catequesi, totes les fam\u00edlies, i a les Parr\u00f2quies de la Unitat Pastoral, a l\u2019Arxiprestat i a l\u2019Arquebisbat), renovarem el trobament personal amb Jesucrist o, almenys, prendrem la decisi\u00f3 de deixar-nos trobar per Ell, d\u2019intentar-ho cada dia: \u201cNo hi ha ra\u00f3 perqu\u00e8 alg\u00fa pensi que aquesta invitaci\u00f3 no \u00e9s per a ell, perqu\u00e8 ning\u00fa no queda excl\u00f2s de la joia aportada pel Senyor\u201d (Papa Francesc).<\/h6>\n<h6><\/h6>\n<p>&nbsp;<\/p>\n<h6 style=\"text-align: justify\">\u201cEns cal cuidar el sentit del \u201csaber-nos batejats\u201d, ens hi ajudaran <a href=\"https:\/\/www.arquebisbattarragona.cat\/prioritats-pastorals\/\">les Prioritats pastorals que se\u2019ns proposen per aquest 2025-2026<\/a>: Se\u2019ns diu que estem davant la necessitat d\u2019un proc\u00e9s d\u2019iniciaci\u00f3 o reiniciaci\u00f3 cristiana (personalment i tamb\u00e9 com a comuniat cristiana!), oberts i obertes per a con\u00e8ixer Jes\u00fas a fons, nom\u00e9s des d\u2019aquest coneixement \u00e9s possible enamorar-se d\u2019Ell i que l\u2019estimem m\u00e9s i, com a resultat, ens estimem els uns als altres tal com ell ens estima\u201d.<\/h6>\n<p>&nbsp;<\/p>\n<h6 style=\"text-align: justify\">Cordialment, un molt bon curs 2025-2026<\/h6>\n<h6><\/h6>\n<h6 style=\"text-align: justify\">Joan Anton Ced\u00f3<\/h6>\n<p>&nbsp;<\/p>\n<p style=\"text-align: right\"><em>A partir de la Reflexi\u00f3 de Mons Sebasti\u00e0 Taltavull, a Catalunya Cristiana (desembre del 2023)<\/em><\/p>\n<h6>Poden activar aquest enlla\u00e7, per poder llegir el Full &#8220;Ress\u00f2&#8221;:<\/h6>\n<p>&nbsp;<\/p>\n<h6 style=\"padding-left: 80px\"><a href=\"https:\/\/assumpcio.alcover.arqtgn.cat\/wp-content\/uploads\/sites\/39\/2025\/10\/251026.Octubre_Iniciacio-cristiana.pdf\">Proposta &#8220;A casa aprenem a caminar&#8221;, per al Curs 2025-2026<\/a><\/h6>\n<p>&nbsp;<\/p>\n<p>&nbsp;<\/p>\n","protected":false},"excerpt":{"rendered":"<p>D\u00e9u vos guard! &nbsp; A l\u2019enviar a la Unitat Pastoral (integrada per les Parr\u00f2quies d\u2019Alcover, La Riba, La Mas\u00f3, El Mil\u00e0, Farena i Mont ral) la Proposta per la Iniciaci\u00f3 <a class=\"more-link\" href=\"https:\/\/assumpcio.alcover.arqtgn.cat\/?p=7574\">Continue Reading &rarr;<\/a><\/p>\n","protected":false},"author":39,"featured_media":0,"comment_status":"closed","ping_status":"closed","sticky":false,"template":"","format":"standard","meta":{"footnotes":""},"categories":[44,1,64],"tags":[],"class_list":["post-7574","post","type-post","status-publish","format-standard","hentry","category-calendari","category-general","category-rector-joan-anton"],"amp_enabled":true,"_links":{"self":[{"href":"https:\/\/assumpcio.alcover.arqtgn.cat\/index.php?rest_route=\/wp\/v2\/posts\/7574","targetHints":{"allow":["GET"]}}],"collection":[{"href":"https:\/\/assumpcio.alcover.arqtgn.cat\/index.php?rest_route=\/wp\/v2\/posts"}],"about":[{"href":"https:\/\/assumpcio.alcover.arqtgn.cat\/index.php?rest_route=\/wp\/v2\/types\/post"}],"author":[{"embeddable":true,"href":"https:\/\/assumpcio.alcover.arqtgn.cat\/index.php?rest_route=\/wp\/v2\/users\/39"}],"replies":[{"embeddable":true,"href":"https:\/\/assumpcio.alcover.arqtgn.cat\/index.php?rest_route=%2Fwp%2Fv2%2Fcomments&post=7574"}],"version-history":[{"count":9,"href":"https:\/\/assumpcio.alcover.arqtgn.cat\/index.php?rest_route=\/wp\/v2\/posts\/7574\/revisions"}],"predecessor-version":[{"id":7583,"href":"https:\/\/assumpcio.alcover.arqtgn.cat\/index.php?rest_route=\/wp\/v2\/posts\/7574\/revisions\/7583"}],"wp:attachment":[{"href":"https:\/\/assumpcio.alcover.arqtgn.cat\/index.php?rest_route=%2Fwp%2Fv2%2Fmedia&parent=7574"}],"wp:term":[{"taxonomy":"category","embeddable":true,"href":"https:\/\/assumpcio.alcover.arqtgn.cat\/index.php?rest_route=%2Fwp%2Fv2%2Fcategories&post=7574"},{"taxonomy":"post_tag","embeddable":true,"href":"https:\/\/assumpcio.alcover.arqtgn.cat\/index.php?rest_route=%2Fwp%2Fv2%2Ftags&post=7574"}],"curies":[{"name":"wp","href":"https:\/\/api.w.org\/{rel}","templated":true}]}}