{"id":7599,"date":"2025-10-24T15:40:10","date_gmt":"2025-10-24T13:40:10","guid":{"rendered":"https:\/\/assumpcio.alcover.arqtgn.cat\/?p=7599"},"modified":"2025-10-24T15:50:45","modified_gmt":"2025-10-24T13:50:45","slug":"24-26-doctubre-el-mila-festa-major-de-santa-ursula","status":"publish","type":"post","link":"https:\/\/assumpcio.alcover.arqtgn.cat\/?p=7599","title":{"rendered":"24 &#8211; 26 d&#8217;octubre EL MIL\u00c0. FESTA MAJOR DE SANTA \u00daRSULA."},"content":{"rendered":"<h6 style=\"text-align: justify\"><a href=\"https:\/\/assumpcio.alcover.arqtgn.cat\/wp-content\/uploads\/sites\/39\/2025\/10\/Festa-Major-El-Mila.2025.jpg\"><img decoding=\"async\" class=\"wp-image-7585 alignleft\" src=\"https:\/\/assumpcio.alcover.arqtgn.cat\/wp-content\/uploads\/sites\/39\/2025\/10\/Festa-Major-El-Mila.2025-208x300.jpg\" alt=\"\" width=\"182\" height=\"258\" \/><\/a>Santa \u00darsula, la festa de la santa Patrona del Mil\u00e0 i titular de la Parr\u00f2quia. Al poble \u00e9s una ocasi\u00f3 privilegiada per celebrar \u201cla fe dels nostres pares\u201d i perqu\u00e8 les fam\u00edlies es reuneixin i convisquin, una ocasi\u00f3 per a refermar les arrels culturals i religioses, s\u2019hi poble coopera, amb actes i convocat\u00f2ries de \u201cpunts de trobada\u201d que hi ajuden. Cal agrair-ho a qui ho programa i ho preveu.<\/h6>\n<h6><\/h6>\n<p>&nbsp;<\/p>\n<h6 style=\"text-align: justify\">Santa \u00darsula ens apropa, doncs, el testimoni de fidelitat a l\u2019Evangeli, amb natural autenticitat.<\/h6>\n<h6 style=\"text-align: justify\">Amb les seves companyes m\u00e0rtirs representen una de les mem\u00f2ries m\u00e9s commovedores del<a href=\"https:\/\/assumpcio.alcover.arqtgn.cat\/wp-content\/uploads\/sites\/39\/2025\/10\/Santa-Ursula-El-Mila.jpg\"><img decoding=\"async\" class=\"wp-image-7586 alignright\" src=\"https:\/\/assumpcio.alcover.arqtgn.cat\/wp-content\/uploads\/sites\/39\/2025\/10\/Santa-Ursula-El-Mila-300x254.jpg\" alt=\"\" width=\"172\" height=\"147\" \/><\/a> cristianisme antic. Tot i que molts detalls de la seva hist\u00f2ria ens han arribat a trav\u00e9s de tradicions i llegendes medievals, el testimoniatge essencial del seu lliurament i el seu martiri ha quedat gravat a la consci\u00e8ncia de l\u2019Esgl\u00e9sia com un s\u00edmbol de fidelitat, coratge i amor a Crist, \u00e9s doncs, model per a tothom qui volen viure la fe amb radicalitat.<\/h6>\n<p>&nbsp;<\/p>\n<p>&nbsp;<\/p>\n<h6><span style=\"color: #ff0000\">Pel que s&#8217;ha previst, pot consultar-se el programa de la FESTA:<\/span><\/h6>\n<p>&nbsp;<\/p>\n<h6><span style=\"color: #ff0000\">Celebraci\u00f3 de la Missa, en la Festa Patronal de Santa \u00darsula:<\/span><\/h6>\n<h6><\/h6>\n<h6 style=\"padding-left: 40px\"><span style=\"color: #ff0000\">Diumenge, dia 26 d\u2019octubre, 11:45 h.<\/span><\/h6>\n","protected":false},"excerpt":{"rendered":"<p>Santa \u00darsula, la festa de la santa Patrona del Mil\u00e0 i titular de la Parr\u00f2quia. Al poble \u00e9s una ocasi\u00f3 privilegiada per celebrar \u201cla fe dels nostres pares\u201d i perqu\u00e8 <a class=\"more-link\" href=\"https:\/\/assumpcio.alcover.arqtgn.cat\/?p=7599\">Continue Reading &rarr;<\/a><\/p>\n","protected":false},"author":39,"featured_media":0,"comment_status":"closed","ping_status":"closed","sticky":false,"template":"","format":"standard","meta":{"footnotes":""},"categories":[44,1],"tags":[],"class_list":["post-7599","post","type-post","status-publish","format-standard","hentry","category-calendari","category-general"],"amp_enabled":true,"_links":{"self":[{"href":"https:\/\/assumpcio.alcover.arqtgn.cat\/index.php?rest_route=\/wp\/v2\/posts\/7599","targetHints":{"allow":["GET"]}}],"collection":[{"href":"https:\/\/assumpcio.alcover.arqtgn.cat\/index.php?rest_route=\/wp\/v2\/posts"}],"about":[{"href":"https:\/\/assumpcio.alcover.arqtgn.cat\/index.php?rest_route=\/wp\/v2\/types\/post"}],"author":[{"embeddable":true,"href":"https:\/\/assumpcio.alcover.arqtgn.cat\/index.php?rest_route=\/wp\/v2\/users\/39"}],"replies":[{"embeddable":true,"href":"https:\/\/assumpcio.alcover.arqtgn.cat\/index.php?rest_route=%2Fwp%2Fv2%2Fcomments&post=7599"}],"version-history":[{"count":30,"href":"https:\/\/assumpcio.alcover.arqtgn.cat\/index.php?rest_route=\/wp\/v2\/posts\/7599\/revisions"}],"predecessor-version":[{"id":7629,"href":"https:\/\/assumpcio.alcover.arqtgn.cat\/index.php?rest_route=\/wp\/v2\/posts\/7599\/revisions\/7629"}],"wp:attachment":[{"href":"https:\/\/assumpcio.alcover.arqtgn.cat\/index.php?rest_route=%2Fwp%2Fv2%2Fmedia&parent=7599"}],"wp:term":[{"taxonomy":"category","embeddable":true,"href":"https:\/\/assumpcio.alcover.arqtgn.cat\/index.php?rest_route=%2Fwp%2Fv2%2Fcategories&post=7599"},{"taxonomy":"post_tag","embeddable":true,"href":"https:\/\/assumpcio.alcover.arqtgn.cat\/index.php?rest_route=%2Fwp%2Fv2%2Ftags&post=7599"}],"curies":[{"name":"wp","href":"https:\/\/api.w.org\/{rel}","templated":true}]}}