{"id":7857,"date":"2026-03-09T23:18:59","date_gmt":"2026-03-09T22:18:59","guid":{"rendered":"https:\/\/assumpcio.alcover.arqtgn.cat\/?p=7857"},"modified":"2026-03-12T09:19:34","modified_gmt":"2026-03-12T08:19:34","slug":"14-03-2026-24-hores-per-al-senyor-he-vingut-a-salvar-el-mon-jn-12-47","status":"publish","type":"post","link":"https:\/\/assumpcio.alcover.arqtgn.cat\/?p=7857","title":{"rendered":"14-03-2026. 24 HORES PER AL SENYOR:  \u201cHe vingut a salvar el m\u00f3n\u201d (Jn 12, 47)"},"content":{"rendered":"<h6 style=\"text-align: justify\"><strong>QU\u00c8 \u00c9S?<\/strong><br \/>\n<a href=\"https:\/\/assumpcio.alcover.arqtgn.cat\/wp-content\/uploads\/sites\/39\/2025\/03\/Quaresma-2.jpg\"><img fetchpriority=\"high\" decoding=\"async\" class=\"wp-image-6735 alignright\" src=\"https:\/\/assumpcio.alcover.arqtgn.cat\/wp-content\/uploads\/sites\/39\/2025\/03\/Quaresma-2.jpg\" alt=\"\" width=\"304\" height=\"206\" \/><\/a>Les 24 hores pel Senyor \u00e9s una proposta per la Quaresma. Es tracta d\u2019una experi\u00e8ncia de la miseric\u00f2rdia de D\u00e9u, dedicant 24 hores de preg\u00e0ria a Nostre Senyor i en un clima d\u2019adoraci\u00f3 Eucar\u00edstica. Un temps de renovaci\u00f3 a trav\u00e9s de la preg\u00e0ria.<\/h6>\n<h6><\/h6>\n<p>&nbsp;<\/p>\n<h6 style=\"text-align: justify\">Aquesta celebraci\u00f3 va ser institu\u00efda pel papa Francesc l\u2019any 2014 per promoure el Sagrament del perd\u00f3 i la trobada amb la Miseric\u00f2rdia de D\u00e9u en un ambient d\u2019adoraci\u00f3. Es convoca els dies propers al IV Diumenge de Quaresma (el divendres-dissabte).<\/h6>\n<p>&nbsp;<\/p>\n<h6 style=\"text-align: justify\"><span style=\"color: #ff0000\"><strong>QUIN DIA? ON?<\/strong><\/span><\/h6>\n<p>&nbsp;<\/p>\n<h6 style=\"text-align: center\"><strong><span style=\"color: #ff0000\">El dissabte, 14 de Mar\u00e7.<\/span><\/strong><\/h6>\n<p>&nbsp;<\/p>\n<h6 style=\"text-align: center\"><span style=\"color: #ff0000\"><strong>Al Monestir de La Immaculada\u00a0 \/ Cr. Sor Filomena Ferrer, 8 \/ Valls<\/strong><\/span><\/h6>\n<h6 style=\"text-align: center\"><span style=\"color: #ff0000\"><strong>Monges M\u00ednimes<\/strong><\/span><\/h6>\n<p>&nbsp;<\/p>\n<h6><\/h6>\n<h6 style=\"text-align: justify\"><span style=\"color: #ff0000\">S&#8217;agraeix l&#8217;acollida de la Comunitat de Germanes, &#8220;les M\u00ednimes&#8221;, de valls, i la convocat\u00f2ria de la Unitat de Pastoral de Valls.<\/span><\/h6>\n<p>&nbsp;<\/p>\n<h6><\/h6>\n<h6 style=\"text-align: justify\"><strong>QU\u00c8 FEM? I L&#8217; HORARI QUE ES PROPOSA: 07:30 \u2013 22:00<\/strong><\/h6>\n<div id=\"attachment_7867\" style=\"width: 461px\" class=\"wp-caption aligncenter\"><a href=\"https:\/\/assumpcio.alcover.arqtgn.cat\/wp-content\/uploads\/sites\/39\/2026\/03\/Minimes-6-1.jpg\"><img decoding=\"async\" aria-describedby=\"caption-attachment-7867\" class=\"wp-image-7867\" src=\"https:\/\/assumpcio.alcover.arqtgn.cat\/wp-content\/uploads\/sites\/39\/2026\/03\/Minimes-6-1-300x169.jpg\" alt=\"\" width=\"451\" height=\"262\" \/><\/a><p id=\"caption-attachment-7867\" class=\"wp-caption-text\">l&#8217;esgl\u00e9sia al Monestir de la Immaculada \/ Monges M\u00ednimes \/ Cr. Sor Filomena Ferrar , 8 \/ Valls \/ UNITAT PASTORAL DE VALLS<\/p><\/div>\n<h6 style=\"text-align: justify\">D&#8217;acord amb l&#8217;horari previst s\u2019exposa el Sant\u00edssim Sagrament (07.30 \u2013 22.00). S\u2019ofereix la possibilitat de comparir les preg\u00e0ries de la Comunitat (7:30, Laudes, i a les 18:30, Vespres), <strong>a les 08:00 l\u2019Eucaristia<\/strong>.<\/h6>\n<p>&nbsp;<\/p>\n<h6 style=\"text-align: justify\">A les 11:00, preg\u00e0ria del Rosari per la Pau al m\u00f3n (Intenci\u00f3 del Papa Lle\u00f3 XIV, per aquest m\u00e9s de mar\u00e7, en l\u2019Apostolat de l\u2019oraci\u00f3. Tamb\u00e9 a les 15:00 hi ha la preg\u00e0ria del Rosari.<\/h6>\n<h6><\/h6>\n<p>&nbsp;<\/p>\n<h6><\/h6>\n<h6 style=\"text-align: justify\">Entremig, temps de silenci i espai de preg\u00e0ria-adoraci\u00f3, fins a les 22:00, oferint el Sagrament de la Reconciliaci\u00f3 (08:30, 11:00 \u2013 13:00, 15:30 \u2013 16:30, 18:00 \u2013 19:00).<\/h6>\n<p>&nbsp;<\/p>\n<h6 style=\"text-align: justify\">Ho repetim. Des de l&#8217;agra\u00efment a la Unitat Pastoral de Valls per acollir-nos a l&#8217;Arxiprestat de l&#8217;Alt Camp, fem nostra la possibilitat de ser-hi!<\/h6>\n<p>&nbsp;<\/p>\n<h6><\/h6>\n<h6><\/h6>\n<h6><span style=\"color: #ff0000\"><strong>Tamb\u00e9, a la UNITAT PASTORAL &#8220;MARE DE D\u00c9U DEL REMEI I DE LA GR\u00c0CIA&#8221;:<\/strong><\/span><\/h6>\n<p>&nbsp;<\/p>\n<h6 style=\"padding-left: 40px;text-align: justify\"><strong><span style=\"color: #ff0000\">Dissate, 24 de mar\u00e7:<\/span><\/strong><\/h6>\n<p>&nbsp;<\/p>\n<h6 style=\"padding-left: 40px;text-align: justify\"><\/h6>\n<h6 style=\"padding-left: 80px\"><strong><span style=\"color: #ff0000\">A l&#8217;Ermita de la Mare de D\u00e9u del Remei:<\/span><\/strong><\/h6>\n<h6 style=\"padding-left: 160px\"><strong><span style=\"color: #ff0000\"><span style=\"color: #000000\">10:00, <\/span>Missa<\/span><\/strong><\/h6>\n<p>&nbsp;<\/p>\n<h6><\/h6>\n<h6 style=\"padding-left: 80px\"><strong><span style=\"color: #ff0000\">A l&#8217;Esgl\u00e9sia de l&#8217;Assumpci\u00f3 (l&#8217;esgl\u00e9sia parroquial d&#8217;Alcover!):<\/span><\/strong><\/h6>\n<h6><\/h6>\n<h6 style=\"padding-left: 160px\"><strong><span style=\"color: #ff0000\"><span style=\"color: #000000\">20:00,\u00a0 <\/span>Missa, <\/span><\/strong><strong><span style=\"color: #ff0000\">en les 24 HORES PER AL SENYOR i dissabte de Quaresma.<\/span><\/strong><\/h6>\n<h6 style=\"padding-left: 40px;text-align: justify\"><strong><span style=\"color: #ff0000\">El Diumenge, 25 de mar\u00e7,<\/span><\/strong><strong style=\"font-style: normal;font-family: 'Helvetica Neue', Arial, sans-serif;font-size: 22px\"><span style=\"color: #ff0000\">\u00a0<em>ens unirem a la preg\u00e0ria de les 24 HORES PER AL SENYOR.<\/em><\/span><\/strong><\/h6>\n<p>&nbsp;<\/p>\n<h6 style=\"padding-left: 40px;text-align: justify\"><\/h6>\n<h6 style=\"padding-left: 160px;text-align: justify\"><strong><span style=\"color: #ff0000\">En les <span style=\"color: #000000\">Eucaristies del Diumege<span style=\"color: #ff0000\">.<\/span><\/span><\/span><\/strong><\/h6>\n<p>&nbsp;<\/p>\n<h6 style=\"padding-left: 120px;text-align: justify\"><span style=\"color: #ff0000\"><strong style=\"font-family: 'Helvetica Neue', Arial, sans-serif;font-size: 22px;font-style: normal\"><span style=\"font-size: 22px\">A<\/span><\/strong><span style=\"font-family: 'Helvetica Neue', Arial, sans-serif;font-size: 22px;font-style: normal;font-weight: 300\"><strong style=\"font-family: 'Helvetica Neue', Arial, sans-serif;font-size: 22px;font-style: normal\"><span style=\"font-size: 22px\">\u00a0l&#8217;Esgl\u00e9sia l&#8217;Assumpci\u00f3 (l&#8217;esgl\u00e9sia parroquial d&#8217;Alcover!).<\/span><\/strong><\/span><\/span><\/h6>\n<h6><\/h6>\n<h6 style=\"padding-left: 160px;text-align: justify\"><strong>18:00 &#8211; 19:30,<span style=\"color: #ff0000\"> Rec\u00e9s i temps de preg\u00e0ria.<\/span><\/strong><\/h6>\n<p>&nbsp;<\/p>\n<h6><\/h6>\n<h6 style=\"text-align: justify\">I, encara, poden ampliar aquesta informaci\u00f3, activant l&#8217;enlla\u00e7 a la web de l&#8217;Arquebisbat:<\/h6>\n<p style=\"text-align: justify\">\n<h6 style=\"text-align: justify\"><a href=\"https:\/\/www.arquebisbattarragona.cat\/2026\/03\/11\/larxidiocesi-celebrara-les-24-hores-per-al-senyor-a-tarragona-reus-i-valls\/\">L\u2019ARXIDI\u00d2CESI CELEBRAR\u00c0 LES 24 HORES PER AL SENYOR A TARRAGONA, REUS I VALLS\u00a0<\/a><\/h6>\n<p style=\"padding-left: 40px;text-align: justify\">\n","protected":false},"excerpt":{"rendered":"<p>QU\u00c8 \u00c9S? Les 24 hores pel Senyor \u00e9s una proposta per la Quaresma. Es tracta d\u2019una experi\u00e8ncia de la miseric\u00f2rdia de D\u00e9u, dedicant 24 hores de preg\u00e0ria a Nostre Senyor <a class=\"more-link\" href=\"https:\/\/assumpcio.alcover.arqtgn.cat\/?p=7857\">Continue Reading &rarr;<\/a><\/p>\n","protected":false},"author":39,"featured_media":0,"comment_status":"closed","ping_status":"closed","sticky":false,"template":"","format":"standard","meta":{"footnotes":""},"categories":[44,1],"tags":[],"class_list":["post-7857","post","type-post","status-publish","format-standard","hentry","category-calendari","category-general"],"amp_enabled":true,"_links":{"self":[{"href":"https:\/\/assumpcio.alcover.arqtgn.cat\/index.php?rest_route=\/wp\/v2\/posts\/7857","targetHints":{"allow":["GET"]}}],"collection":[{"href":"https:\/\/assumpcio.alcover.arqtgn.cat\/index.php?rest_route=\/wp\/v2\/posts"}],"about":[{"href":"https:\/\/assumpcio.alcover.arqtgn.cat\/index.php?rest_route=\/wp\/v2\/types\/post"}],"author":[{"embeddable":true,"href":"https:\/\/assumpcio.alcover.arqtgn.cat\/index.php?rest_route=\/wp\/v2\/users\/39"}],"replies":[{"embeddable":true,"href":"https:\/\/assumpcio.alcover.arqtgn.cat\/index.php?rest_route=%2Fwp%2Fv2%2Fcomments&post=7857"}],"version-history":[{"count":16,"href":"https:\/\/assumpcio.alcover.arqtgn.cat\/index.php?rest_route=\/wp\/v2\/posts\/7857\/revisions"}],"predecessor-version":[{"id":7882,"href":"https:\/\/assumpcio.alcover.arqtgn.cat\/index.php?rest_route=\/wp\/v2\/posts\/7857\/revisions\/7882"}],"wp:attachment":[{"href":"https:\/\/assumpcio.alcover.arqtgn.cat\/index.php?rest_route=%2Fwp%2Fv2%2Fmedia&parent=7857"}],"wp:term":[{"taxonomy":"category","embeddable":true,"href":"https:\/\/assumpcio.alcover.arqtgn.cat\/index.php?rest_route=%2Fwp%2Fv2%2Fcategories&post=7857"},{"taxonomy":"post_tag","embeddable":true,"href":"https:\/\/assumpcio.alcover.arqtgn.cat\/index.php?rest_route=%2Fwp%2Fv2%2Ftags&post=7857"}],"curies":[{"name":"wp","href":"https:\/\/api.w.org\/{rel}","templated":true}]}}