{"id":7942,"date":"2026-04-24T23:50:28","date_gmt":"2026-04-24T21:50:28","guid":{"rendered":"https:\/\/assumpcio.alcover.arqtgn.cat\/?p=7942"},"modified":"2026-04-24T23:55:10","modified_gmt":"2026-04-24T21:55:10","slug":"25-04-2026-renovacio-de-les-promeses-del-baptisme-en-litinerari-catequetic-de-la-iniciacio-cristiana","status":"publish","type":"post","link":"https:\/\/assumpcio.alcover.arqtgn.cat\/?p=7942","title":{"rendered":"25-04-2026. Renovaci\u00f3 de les Promeses del Baptisme en l&#8217;ITINERARI CATEQU\u00c8TIC de la INICIACI\u00d3 CRISTIANA."},"content":{"rendered":"<h6 style=\"text-align: justify\">La Pasqua \u00e9s una experi\u00e8ncia de fe en Crist Ressuscitat i de renovaci\u00f3 espiritual, per aix\u00f2 ja a la Vetlla Pasqual se\u2019ns va proposar que renov\u00e9ssim el nostre baptisme, cridats a reviure i refermar el nostre comprom\u00eds de fe amb D\u00e9u i d\u2019adhesi\u00f3 a la comunitat cristiana.<\/h6>\n<p>&nbsp;<\/p>\n<h6 style=\"text-align: justify\"><a href=\"https:\/\/assumpcio.alcover.arqtgn.cat\/wp-content\/uploads\/sites\/39\/2026\/04\/Ciri-Pasqual.jpg\"><img fetchpriority=\"high\" decoding=\"async\" class=\"wp-image-7946 alignleft\" src=\"https:\/\/assumpcio.alcover.arqtgn.cat\/wp-content\/uploads\/sites\/39\/2026\/04\/Ciri-Pasqual-113x300.jpg\" alt=\"\" width=\"177\" height=\"440\" \/><\/a>Renovar les promeses baptismals implica un comprom\u00eds amb els valors cristians i una voluntat ferma de seguir el cam\u00ed de Jes\u00fas, reviure el seu baptisme i a aprofundir en la seva vocaci\u00f3 cristiana.\u00a0 Aquest comprom\u00eds s\u2019ha de manifestar en la vida quotidiana mitjan\u00e7ant la pr\u00e0ctica de la caritat, la just\u00edcia i la solidaritat amb els m\u00e9s necessitats, i implica una vida de preg\u00e0ria i una participaci\u00f3 activa en la comunitat cristiana, segons la vocaci\u00f3 rebuda. El baptisme fou l\u2019inici d\u2019una relaci\u00f3 personal amb Jes\u00fas per sempre, un vincle amb Ell, membres vius de l\u2019Esgl\u00e9sia, aix\u00f2 \u00e9s participar en la vida comunit\u00e0ria, en les celebracions, en el suport mutu entre germans en la fe. Una crida a la transformaci\u00f3 constant, ja que \u00e9s un cam\u00ed de conversi\u00f3, una vida nova arrelada en Crist.<\/h6>\n<p>&nbsp;<\/p>\n<h6 style=\"text-align: justify\"><span style=\"color: #ff0000\"><strong>Renovaci\u00f3 de les Promeses Baptismals<\/strong><\/span><\/h6>\n<p>&nbsp;<\/p>\n<h6><\/h6>\n<h6 style=\"padding-left: 40px\"><span style=\"color: #000000\"><strong>25 d&#8217;abril, dissabte, 20:00<\/strong><\/span><\/h6>\n<h6><\/h6>\n<p>&nbsp;<\/p>\n<h6 style=\"padding-left: 120px;text-align: justify\">A la Unitat Pastoral, en el \u201ctemps Pasqual\u201d, en la missa familiar (\u00faltim dissabte del mes d\u2019abril,\u00a0el dia 25, a les 20:00 h., i a l\u2019Esgl\u00e9sia Parroquial de l\u2019Assumpci\u00f3 -Alcover-), qui aquest any celebra la Confirmaci\u00f3 o la seva Primera Comuni\u00f3, renovar\u00e0 les promeses baptismals, oportunitat d\u2019aprofundir la relaci\u00f3 amb Crist i renovar la missi\u00f3 de ser testimonis de la nova vida del Ressuscitat, que tot ho ha de transformar.<\/h6>\n<p><a href=\"https:\/\/assumpcio.alcover.arqtgn.cat\/wp-content\/uploads\/sites\/39\/2026\/02\/Mapa-Unitat-Pastoral.2026.jpg\"><img decoding=\"async\" class=\"wp-image-7791 alignright\" src=\"https:\/\/assumpcio.alcover.arqtgn.cat\/wp-content\/uploads\/sites\/39\/2026\/02\/Mapa-Unitat-Pastoral.2026.jpg\" alt=\"\" width=\"445\" height=\"312\" \/><\/a><\/p>\n<h6 style=\"text-align: justify\"><span style=\"color: #ff0000\"><strong>Celebracions [Confirmaci\u00f3 i Primera Comuni\u00f3], a la Unitat Pastoral, calendari<\/strong><\/span><\/h6>\n<p>&nbsp;<\/p>\n<h6><\/h6>\n<h6 style=\"text-align: justify;padding-left: 40px\"><strong>Confirmaci\u00f3<\/strong><\/h6>\n<p>&nbsp;<\/p>\n<h6 style=\"text-align: justify;padding-left: 120px\">16 de maig, Celebraci\u00f3 a l\u2019Arxiprestat de l\u2019Alt Camp, aquest any a la Parr\u00f2quia de Sant Joan, a Valls.<\/h6>\n<h6><\/h6>\n<p>&nbsp;<\/p>\n<h6 style=\"text-align: justify;padding-left: 40px\"><strong>Primera Comuni\u00f3<\/strong><\/h6>\n<h6><\/h6>\n<p>&nbsp;<\/p>\n<h6 style=\"text-align: justify;padding-left: 120px\">17 i 23 de maig, a la Parr\u00f2quia de l\u2019Assumpci\u00f3, a Alcover.<\/h6>\n<p>&nbsp;<\/p>\n<h6 style=\"text-align: justify;padding-left: 120px\">7 de juny, el Cos i la Sang de Crist, a l\u2019a Parr\u00f2quia de Sant Nicolau, a La Riba.<\/h6>\n<h6 style=\"text-align: justify;padding-left: 160px\"><em>\u201cCorpus Christi\u201d \u00e9s la festa que expressa l\u2019amor de D\u00e9u per tota la humanitat: el Dia de la Caritat.<\/em><\/h6>\n<p>&nbsp;<\/p>\n<p>&nbsp;<\/p>\n<p>&nbsp;<\/p>\n","protected":false},"excerpt":{"rendered":"<p>La Pasqua \u00e9s una experi\u00e8ncia de fe en Crist Ressuscitat i de renovaci\u00f3 espiritual, per aix\u00f2 ja a la Vetlla Pasqual se\u2019ns va proposar que renov\u00e9ssim el nostre baptisme, cridats <a class=\"more-link\" href=\"https:\/\/assumpcio.alcover.arqtgn.cat\/?p=7942\">Continue Reading &rarr;<\/a><\/p>\n","protected":false},"author":39,"featured_media":0,"comment_status":"closed","ping_status":"closed","sticky":false,"template":"","format":"standard","meta":{"footnotes":""},"categories":[44,1],"tags":[],"class_list":["post-7942","post","type-post","status-publish","format-standard","hentry","category-calendari","category-general"],"amp_enabled":true,"_links":{"self":[{"href":"https:\/\/assumpcio.alcover.arqtgn.cat\/index.php?rest_route=\/wp\/v2\/posts\/7942","targetHints":{"allow":["GET"]}}],"collection":[{"href":"https:\/\/assumpcio.alcover.arqtgn.cat\/index.php?rest_route=\/wp\/v2\/posts"}],"about":[{"href":"https:\/\/assumpcio.alcover.arqtgn.cat\/index.php?rest_route=\/wp\/v2\/types\/post"}],"author":[{"embeddable":true,"href":"https:\/\/assumpcio.alcover.arqtgn.cat\/index.php?rest_route=\/wp\/v2\/users\/39"}],"replies":[{"embeddable":true,"href":"https:\/\/assumpcio.alcover.arqtgn.cat\/index.php?rest_route=%2Fwp%2Fv2%2Fcomments&post=7942"}],"version-history":[{"count":28,"href":"https:\/\/assumpcio.alcover.arqtgn.cat\/index.php?rest_route=\/wp\/v2\/posts\/7942\/revisions"}],"predecessor-version":[{"id":7971,"href":"https:\/\/assumpcio.alcover.arqtgn.cat\/index.php?rest_route=\/wp\/v2\/posts\/7942\/revisions\/7971"}],"wp:attachment":[{"href":"https:\/\/assumpcio.alcover.arqtgn.cat\/index.php?rest_route=%2Fwp%2Fv2%2Fmedia&parent=7942"}],"wp:term":[{"taxonomy":"category","embeddable":true,"href":"https:\/\/assumpcio.alcover.arqtgn.cat\/index.php?rest_route=%2Fwp%2Fv2%2Fcategories&post=7942"},{"taxonomy":"post_tag","embeddable":true,"href":"https:\/\/assumpcio.alcover.arqtgn.cat\/index.php?rest_route=%2Fwp%2Fv2%2Ftags&post=7942"}],"curies":[{"name":"wp","href":"https:\/\/api.w.org\/{rel}","templated":true}]}}